{"id":272792,"date":"2026-06-21T10:55:19","date_gmt":"2026-06-21T10:55:19","guid":{"rendered":"https:\/\/www.europesays.com\/no\/272792\/"},"modified":"2026-06-21T10:55:19","modified_gmt":"2026-06-21T10:55:19","slug":"nyhet-krim-sarping-ble-slatt-og-ranet-i-fredrikstad","status":"publish","type":"post","link":"https:\/\/www.europesays.com\/no\/272792\/","title":{"rendered":"Nyhet, Krim | Sarping ble sl\u00e5tt og ranet i Fredrikstad"},"content":{"rendered":"\n<p>Klokken 00.54 natt til s\u00f8ndag fikk politiet melding om en voldshendelse n\u00e6r Fredrikstad stadion, opplyses det i politiloggen til \u00d8st politidistrikt.<\/p>\n<p>Operasjonsleder Henrik Larsen i \u00d8st politidistrikt skriver at en person hadde blitt sl\u00e5tt og frastj\u00e5let en mobiltelefon.<\/p>\n<p>&laquo;Forn\u00e6rmede med skader\/s\u00e5r i ansikt og kj\u00f8rt legevakt. Saken etterforskes som ran. Kl. 02:19 hadde politipatrulje sett video av hendelsen og p\u00e5traff mistenkte i sentrum. Ble p\u00e5grepet og kj\u00f8res arrest&raquo;, skriver Larsen i politiloggen klokken 02.49 natt til s\u00f8ndag.<\/p>\n<p>Den forn\u00e6rmede er en mann i 30-\u00e5rene fra Sarpsborg, mens den p\u00e5grepne er en mann i 20-\u00e5rene fra Fredrikstad, opplyses det.<\/p>\n","protected":false},"excerpt":{"rendered":"Klokken 00.54 natt til s\u00f8ndag fikk politiet melding om en voldshendelse n\u00e6r Fredrikstad stadion, opplyses det i politiloggen&hellip;\n","protected":false},"author":2,"featured_media":272793,"comment_status":"","ping_status":"","sticky":false,"template":"","format":"standard","meta":{"footnotes":"","_share_on_mastodon":"0"},"categories":[59],"tags":[36,983,30,28,29,447,415,3878,83,82,1510,493],"class_list":["post-272792","post","type-post","status-publish","format-standard","has-post-thumbnail","category-sport","tag-art","tag-krim","tag-no","tag-norge","tag-norway","tag-nyhet","tag-ost-politidistrikt","tag-ran","tag-sport","tag-sports","tag-story","tag-vold"],"share_on_mastodon":{"url":"https:\/\/pubeurope.com\/@no\/116787735822247088","error":""},"_links":{"self":[{"href":"https:\/\/www.europesays.com\/no\/wp-json\/wp\/v2\/posts\/272792","targetHints":{"allow":["GET"]}}],"collection":[{"href":"https:\/\/www.europesays.com\/no\/wp-json\/wp\/v2\/posts"}],"about":[{"href":"https:\/\/www.europesays.com\/no\/wp-json\/wp\/v2\/types\/post"}],"author":[{"embeddable":true,"href":"https:\/\/www.europesays.com\/no\/wp-json\/wp\/v2\/users\/2"}],"replies":[{"embeddable":true,"href":"https:\/\/www.europesays.com\/no\/wp-json\/wp\/v2\/comments?post=272792"}],"version-history":[{"count":0,"href":"https:\/\/www.europesays.com\/no\/wp-json\/wp\/v2\/posts\/272792\/revisions"}],"wp:featuredmedia":[{"embeddable":true,"href":"https:\/\/www.europesays.com\/no\/wp-json\/wp\/v2\/media\/272793"}],"wp:attachment":[{"href":"https:\/\/www.europesays.com\/no\/wp-json\/wp\/v2\/media?parent=272792"}],"wp:term":[{"taxonomy":"category","embeddable":true,"href":"https:\/\/www.europesays.com\/no\/wp-json\/wp\/v2\/categories?post=272792"},{"taxonomy":"post_tag","embeddable":true,"href":"https:\/\/www.europesays.com\/no\/wp-json\/wp\/v2\/tags?post=272792"}],"curies":[{"name":"wp","href":"https:\/\/api.w.org\/{rel}","templated":true}]}}