{"id":27298,"date":"2025-09-04T22:02:33","date_gmt":"2025-09-04T22:02:33","guid":{"rendered":"https:\/\/www.europesays.com\/no\/27298\/"},"modified":"2025-09-04T22:02:33","modified_gmt":"2025-09-04T22:02:33","slug":"visestatsminister-betalte-for-lite-skatt-hvorfor-sitter-hun-fortsatt-i-regjeringen","status":"publish","type":"post","link":"https:\/\/www.europesays.com\/no\/27298\/","title":{"rendered":"Visestatsminister betalte for lite skatt: \u2013 Hvorfor sitter hun fortsatt i regjeringen?"},"content":{"rendered":"<p>Storbritannias visestatsminister og kommunalminister Angela Rayner kjemper for sitt politiske liv etter \u00e5 ha innr\u00f8mmet \u00e5 ha betalt for lite i dokumentavgift da hun i mai kj\u00f8pte en leilighet i Brighton and Hove til 800.000 britiske pund, skriver <a href=\"https:\/\/www.ft.com\/content\/064f5d1f-9e38-4789-b49b-dc87d4ae06a5\" rel=\"nofollow noopener\" target=\"_blank\">Financial Times.<\/a><\/p>\n<p>Etter f\u00f8rst \u00e5 ha avvist anklagene, innr\u00f8mmet Rayner onsdag at hun feilaktig betalte 30.000 pund i avgift \u2013 langt under de 70.000 pundene som gjelder dersom kj\u00f8pet regnes som sekund\u00e6rbolig. Hun har henvist seg selv til statsministerens etikkr\u00e5dgiver, som n\u00e5 skal granske forholdet.<\/p>\n<p><b>Skatteeksperter mener Rayner kan bli ilagt tilleggsskatt p\u00e5 opptil 30 prosent, samt renter fra skattemyndighetene.<\/b><\/p>\n<p><img decoding=\"async\" class=\"lazyload \" src=\"https:\/\/www.europesays.com\/no\/wp-content\/uploads\/2025\/09\/1757023352_271_pipe\"  data- alt=\"\"\/><\/p>\n<p>KREVER AVGANG: Lederen for Det konservative parti, Kemi Badenoch, mener Rayner m\u00e5 trekke seg. <strong>Foto: Bloomberg<\/strong><\/p>\n<p class=\"subhead\" data-element-type=\"subhead\" data-element-label=\"Mellomtittel\">Feil r\u00e5d<\/p>\n<p>Rayner hevder feilen skyldes juridiske r\u00e5d hun fikk ved kj\u00f8pet. Hun hevder at andelen hun eide i familiens bolig i Ashton-under-Lyne, hvor barna bor, var overf\u00f8rt til en trust for hennes funksjonshemmede s\u00f8nn, og at hun derfor mente kj\u00f8pet i Hove ikke var en sekund\u00e6rbolig, skriver FT.<\/p>\n<p>Den tidligere fagforeningslederen har argumentert for kraftige skatte\u00f8kninger og et oppgj\u00f8r med eiendomsspekulasjon. Dermed m\u00f8ter hun n\u00e5 beskyldninger om hykleri, s\u00e6rlig fra konservative politikere som krever hennes avgang.<\/p>\n<p><b>\u2013 Hun har innr\u00f8mmet \u00e5 ha betalt for lite skatt, s\u00e5 hvorfor sitter hun fortsatt i regjeringen, sp\u00f8r De konservatives leder Kemi Badenoch.<\/b><\/p>\n<p><img decoding=\"async\" class=\"lazyload \" src=\"https:\/\/www.europesays.com\/no\/wp-content\/uploads\/2025\/09\/1757023353_840_pipe\"  data- alt=\"\"\/><\/p>\n<p>ST\u00d8TTENDE: Statsminister Keir Starmer sa i Underhuset p\u00e5 onsdag at han er \u00abstolt\u00bb av \u00e5 jobbe sammen med\u00a0Rayner. <strong>Foto: Blooomberg<\/strong><\/p>\n<p class=\"subhead\" data-element-type=\"subhead\" data-element-label=\"Mellomtittel\">F\u00e5r Starmer-st\u00f8tte<\/p>\n<p>Starmer har p\u00e5 sin side uttrykt st\u00f8tte og sagt at Rayner \u00abgjorde det rette\u00bb ved \u00e5 henvise seg selv til den uavhengige r\u00e5dgiveren.<\/p>\n<p>Etikkr\u00e5dgiverens redegj\u00f8relse for hvem som visste hva, og n\u00e5r, kan bli avgj\u00f8rende.<\/p>\n<p><b>Saken kompliseres ytterligere av at en rettskjennelse, knyttet til hennes skilsmisse i 2023 og s\u00f8nnens situasjon, f\u00f8rst nylig ble opphevet. If\u00f8lge Rayner gjorde det at hun ikke kunne forklare offentligheten tidligere, if\u00f8lge FT.<\/b><\/p>\n<p>Rayner ble valgt til nestleder i Labour i 2020, en posisjon Starmer ikke kan fjerne henne fra. Men statsministeren kan avsette henne som kommunal- og visestatsminister dersom etikkgranskningen g\u00e5r imot henne.<\/p>\n","protected":false},"excerpt":{"rendered":"Storbritannias visestatsminister og kommunalminister Angela Rayner kjemper for sitt politiske liv etter \u00e5 ha innr\u00f8mmet \u00e5 ha betalt&hellip;\n","protected":false},"author":2,"featured_media":27299,"comment_status":"","ping_status":"","sticky":false,"template":"","format":"standard","meta":{"footnotes":""},"categories":[12],"tags":[20,21,24,25,15,22,23,13,30,28,29,14,16,865,26,27,42,43,44,45],"class_list":{"0":"post-27298","1":"post","2":"type-post","3":"status-publish","4":"format-standard","5":"has-post-thumbnail","7":"category-verden","8":"tag-breaking-news","9":"tag-breakingnews","10":"tag-featured-news","11":"tag-featurednews","12":"tag-headlines","13":"tag-latest-news","14":"tag-latestnews","15":"tag-news","16":"tag-no","17":"tag-norge","18":"tag-norway","19":"tag-nyheter","20":"tag-overskrifter","21":"tag-storbritannia","22":"tag-top-stories","23":"tag-topstories","24":"tag-verden","25":"tag-world","26":"tag-world-news","27":"tag-worldnews"},"share_on_mastodon":{"url":"","error":""},"_links":{"self":[{"href":"https:\/\/www.europesays.com\/no\/wp-json\/wp\/v2\/posts\/27298","targetHints":{"allow":["GET"]}}],"collection":[{"href":"https:\/\/www.europesays.com\/no\/wp-json\/wp\/v2\/posts"}],"about":[{"href":"https:\/\/www.europesays.com\/no\/wp-json\/wp\/v2\/types\/post"}],"author":[{"embeddable":true,"href":"https:\/\/www.europesays.com\/no\/wp-json\/wp\/v2\/users\/2"}],"replies":[{"embeddable":true,"href":"https:\/\/www.europesays.com\/no\/wp-json\/wp\/v2\/comments?post=27298"}],"version-history":[{"count":0,"href":"https:\/\/www.europesays.com\/no\/wp-json\/wp\/v2\/posts\/27298\/revisions"}],"wp:featuredmedia":[{"embeddable":true,"href":"https:\/\/www.europesays.com\/no\/wp-json\/wp\/v2\/media\/27299"}],"wp:attachment":[{"href":"https:\/\/www.europesays.com\/no\/wp-json\/wp\/v2\/media?parent=27298"}],"wp:term":[{"taxonomy":"category","embeddable":true,"href":"https:\/\/www.europesays.com\/no\/wp-json\/wp\/v2\/categories?post=27298"},{"taxonomy":"post_tag","embeddable":true,"href":"https:\/\/www.europesays.com\/no\/wp-json\/wp\/v2\/tags?post=27298"}],"curies":[{"name":"wp","href":"https:\/\/api.w.org\/{rel}","templated":true}]}}