{"id":27300,"date":"2025-09-04T22:05:09","date_gmt":"2025-09-04T22:05:09","guid":{"rendered":"https:\/\/www.europesays.com\/no\/27300\/"},"modified":"2025-09-04T22:05:09","modified_gmt":"2025-09-04T22:05:09","slug":"tv-71-grader-nord-team","status":"publish","type":"post","link":"https:\/\/www.europesays.com\/no\/27300\/","title":{"rendered":"Tv, 71 grader nord team"},"content":{"rendered":"\n<p>\u2013 For et fantastisk sted. Jeg har faktisk aldri v\u00e6rt her f\u00f8r. Som tidligere alpinist liker jeg meg jo i h\u00f8yden. Det var nesten som \u00e5 komme til Alpene, gliser Stiansen der han st\u00e5r utenfor Raveling\u00e5rden i indre festning.<\/p>\n<p>Skryt<\/p>\n<p>Det er nesten litt rart at Stiansen, som har v\u00e6rt programleder for det folkekj\u00e6re programmet i 20 \u00e5r, aldri har v\u00e6rt her f\u00f8r.<\/p>\n<p>Men f\u00f8rste etappe av den kommende sesongen i 71 grader nord team avsluttes alts\u00e5 i Halden, p\u00e5 Fredriksten festning. Dagen f\u00f8r var de i Fredrikstad.<\/p>\n<p>Sesongen kommer p\u00e5 TV Norge\/Discovery+ p\u00e5 ny\u00e5ret.<\/p>\n<p>P\u00e5 plass p\u00e5 festningen mellom \u00abinnspillingsslagene\u00bb treffer vi Stiansen sammen med produsent Martine Holbye og produksjonsleder Andrea Hauge.<\/p>\n<p>Til stede er ogs\u00e5 ordf\u00f8rer Fredrik Holm og Heidi Sandmo Borgemoen.<\/p>\n<p>71-teamet skryter uhemmet av mottakelsen de har f\u00e5tt i \u00d8stfold og Halden.<\/p>\n<p>\u2013 Vi har v\u00e6rt p\u00e5 mange steder rundt i Norge, men maken til \u00e5 komme til dekket bord har vi aldri opplevd. Helt str\u00e5lende, sier Hauge og Holbye.<\/p>\n<p>Samarbeid<\/p>\n<p>Borgemoen forteller at Destinasjon Halden har samarbeidet med sine kolleger i \u00d8stfold om en pakke, en slags meny, som ble sendt til produksjonsselskapet Banijay p\u00e5 forh\u00e5nd.<\/p>\n<p>Det gjorde at 71 grader nord valgte \u00e5 legge deler av innspillingen til \u00d8stfold.<\/p>\n<p>\u2013 Det var et veldig proft og bra opplegg. Vi kunne velge og vrake, og i tillegg til spennende locations s\u00e5 er det servering og full pakke, sier Holbye.<\/p>\n<p>Og legger til at de til og med har f\u00e5tt purke, som de var veldig spente p\u00e5 \u00e5 smake.<\/p>\n<p>Ordf\u00f8rer Holm og Borgemoen fortalte om Haldens erfaring som innspillingssted for en rekke TV-programmer, og understreket viktigheten av \u00e5 vise fram byen p\u00e5 best mulig m\u00e5te.<\/p>\n<p>Holm b\u00f8d ogs\u00e5 p\u00e5 en historieleksjon om Karl XII og svenskenes angrep p\u00e5 Fredriksten.<\/p>\n<p>   <img decoding=\"async\" width=\"5712\" height=\"4284\" fetchpriority=\"low\"  loading=\"lazy\"  src=\"https:\/\/www.europesays.com\/no\/wp-content\/uploads\/2025\/09\/IMG_2077.jpg\" alt=\"\" class=\"brick-c-cFOWSL\" style=\"--brick-image-ratio: 5712 \/ 4284;\"\/><\/p>\n<p>    Ordf\u00f8rer Holm ga villig en liten historieleksjon p\u00e5 historisk grunn.<br \/>\n    Foto: Kristian Bj\u00f8rneby\n  <\/p>\n<p>\u2013 J\u00f8ss, ikke rart dere i Halden er stolte av byen deres, smilte Stiansen.<\/p>\n<p>Ordknappe<\/p>\n<p>71 grader nord startet opp i 1999, da vanlige mennesker skulle konkurrere om \u00e5 ta seg fra Lindesnes til Nordkapp.<\/p>\n<p>Fra 2010 startet ogs\u00e5 kjendisversjonen av programmet, og de siste fem \u00e5rene har det ogs\u00e5 v\u00e6rt team-versjonen, der to kjendiser er p\u00e5 lag i konkurransen.<\/p>\n<p>P\u00e5 sp\u00f8rsm\u00e5l om hvilke kjendiser som deltar i denne utgaven, er produksjonsteamet naturlig nok tause. Heller ikke detaljer om hva de har gjort i Halden og hvor lenge de skal bli her, \u00f8nsker de \u00e5 dele med HAs lesere.<\/p>\n<p>\u2013 Vi har f\u00e5tt en knallstart p\u00e5 innspillingen, s\u00e5 det er bare \u00e5 glede seg til januar, sier Andrea Hauge.<\/p>\n<p>Stiansen bare smiler og koser seg mens han forbereder neste par som skal komme til m\u00e5l for etappen.<\/p>\n<p>\u2013 Dette er min 20. innspilling. For et flott sted \u00e5 feire her i Halden. Hit kommer vi gjerne tilbake, sier eks-verdensmesteren i slal\u00e5m.<\/p>\n","protected":false},"excerpt":{"rendered":"\u2013 For et fantastisk sted. Jeg har faktisk aldri v\u00e6rt her f\u00f8r. Som tidligere alpinist liker jeg meg&hellip;\n","protected":false},"author":2,"featured_media":27301,"comment_status":"","ping_status":"","sticky":false,"template":"","format":"standard","meta":{"footnotes":""},"categories":[59],"tags":[4412,36,30,28,29,83,82,1510,4413,207],"class_list":{"0":"post-27300","1":"post","2":"type-post","3":"status-publish","4":"format-standard","5":"has-post-thumbnail","7":"category-sport","8":"tag-71-grader-nord-team","9":"tag-art","10":"tag-no","11":"tag-norge","12":"tag-norway","13":"tag-sport","14":"tag-sports","15":"tag-story","16":"tag-tom-stiansen","17":"tag-tv"},"share_on_mastodon":{"url":"","error":""},"_links":{"self":[{"href":"https:\/\/www.europesays.com\/no\/wp-json\/wp\/v2\/posts\/27300","targetHints":{"allow":["GET"]}}],"collection":[{"href":"https:\/\/www.europesays.com\/no\/wp-json\/wp\/v2\/posts"}],"about":[{"href":"https:\/\/www.europesays.com\/no\/wp-json\/wp\/v2\/types\/post"}],"author":[{"embeddable":true,"href":"https:\/\/www.europesays.com\/no\/wp-json\/wp\/v2\/users\/2"}],"replies":[{"embeddable":true,"href":"https:\/\/www.europesays.com\/no\/wp-json\/wp\/v2\/comments?post=27300"}],"version-history":[{"count":0,"href":"https:\/\/www.europesays.com\/no\/wp-json\/wp\/v2\/posts\/27300\/revisions"}],"wp:featuredmedia":[{"embeddable":true,"href":"https:\/\/www.europesays.com\/no\/wp-json\/wp\/v2\/media\/27301"}],"wp:attachment":[{"href":"https:\/\/www.europesays.com\/no\/wp-json\/wp\/v2\/media?parent=27300"}],"wp:term":[{"taxonomy":"category","embeddable":true,"href":"https:\/\/www.europesays.com\/no\/wp-json\/wp\/v2\/categories?post=27300"},{"taxonomy":"post_tag","embeddable":true,"href":"https:\/\/www.europesays.com\/no\/wp-json\/wp\/v2\/tags?post=27300"}],"curies":[{"name":"wp","href":"https:\/\/api.w.org\/{rel}","templated":true}]}}