{"id":27321,"date":"2025-09-04T22:40:13","date_gmt":"2025-09-04T22:40:13","guid":{"rendered":"https:\/\/www.europesays.com\/no\/27321\/"},"modified":"2025-09-04T22:40:13","modified_gmt":"2025-09-04T22:40:13","slug":"stenger-dora-jeg-sier-nei","status":"publish","type":"post","link":"https:\/\/www.europesays.com\/no\/27321\/","title":{"rendered":"Stenger d\u00f8ra: &#8211; Jeg sier nei"},"content":{"rendered":"<p class=\"kicker \" style=\"\">Jonas Gahr St\u00f8re:<\/p>\n<p>  Statsminister Jonas Gahr St\u00f8re (Ap) vil ikke inng\u00e5 samarbeidsavtaler med noen partier. Han har heller ikke booket forhandlingshotell.<\/p>\n<p>\n    SUSER AVG\u00c5RDE: Jonas Gahr St\u00f8re (Ap) trenger ingen gode hjelpere. Men finansminister Jens Stoltenberg (Ap) fikk bli med ham p\u00e5 busstur p\u00e5 Vestlandet. Foto: John T. Pedersen \/ Dagbladet\n  <\/p>\n<p>STORD (Dagbladet): &#8211; En samarbeidsavtale er ikke et godt redskap for \u00e5 m\u00f8te de \u00e5ra vi st\u00e5r foran med omstillinger og viktige beslutninger, sier Jonas Gahr St\u00f8re (Ap).<\/p>\n<p>P\u00e5 \u00e5rets siste reise med valgkampbussen er det tid for noen endelige avklaringer fra statsministeren:\u00a0<\/p>\n<p>          <img loading=\"lazy\" decoding=\"async\" src=\"https:\/\/www.europesays.com\/no\/wp-content\/uploads\/2025\/09\/83550228.webp\" width=\"686\" height=\"474\" title=\"- IKKE NATURLIG: Ryktene om samarbeidsavtaler er sterkt overdrevet, skal vi tro statsministeren. Foto: John T. Pedersen \/ Dagbladet\" alt=\"\" class=\"\" style=\"--aspect-ratio-image: 1.45; \"\/><\/p>\n<p>\n          &#8211; IKKE NATURLIG: Ryktene om samarbeidsavtaler er sterkt overdrevet, skal vi tro statsministeren. Foto: John T. Pedersen \/ Dagbladet\n      <\/p>\n<p class=\"font-weight-bold m-font-weight-bold\" data-lab-font_weight=\"font-weight-bold\">Han sier nei til MDG, R\u00f8dt og alle andre partier som st\u00e5r i k\u00f8 for \u00e5 peke p\u00e5 ham og vil ha et formelt samarbeid.<\/p>\n<p> &#8211; Det er ikke naturlig med noen form for formalisert samarbeidsavtale, sier St\u00f8re til Dagbladet B\u00f8rsen.<\/p>\n<p>    <a itemprop=\"url\" href=\"https:\/\/borsen.dagbladet.no\/nyheter\/ble-advart-mot-seg-selv\/83542174\" rel=\"nofollow noopener\" target=\"_blank\"><\/p>\n<p>      <img loading=\"lazy\" decoding=\"async\" src=\"https:\/\/www.europesays.com\/no\/wp-content\/uploads\/2025\/09\/83542432.webp\" width=\"980\" height=\"441\" title=\"Ble advart mot seg selv\" alt=\"\" class=\"lazyload\" style=\"--aspect-ratio-image: 2.22; \"\/><\/p>\n<p>        Ble advart mot seg selv<\/p>\n<p>    <\/a><\/p>\n<p>&#8211; Avstandene er for store\t<\/p>\n<p>Frieriene har v\u00e6rt mange.\u00a0Arild Hermstad (MDG) vil gj\u00f8re St\u00f8re gr\u00f8nnere. Ogs\u00e5 Marie Sneve Martinussen (R) vil ha\u00a0\u00abtutti-frutti-samarbeid\u00bb p\u00e5 venstresida.<\/p>\n<p>&#8211; N\u00e5 sier jeg nei til to tiln\u00e6rminger, sier St\u00f8re til dette.<\/p>\n<p> Statsministeren sier at slike avtaler ikke er hans form. <\/p>\n<p>          <img loading=\"lazy\" decoding=\"async\" src=\"https:\/\/www.europesays.com\/no\/wp-content\/uploads\/2025\/09\/83550224.webp\" width=\"686\" height=\"392\" title=\"VELGERJAKT: St\u00f8re har med seg statsr\u00e5der, r\u00e5dgivere og journalister p\u00e5 tur langs E39, p\u00e5 sin siste valgkampturn\u00e9 i denne runden. Foto: John T. Pedersen \/ Dagbladet\" alt=\"\" class=\"\" style=\"--aspect-ratio-image: 1.75; \"\/><\/p>\n<p>\n          VELGERJAKT: St\u00f8re har med seg statsr\u00e5der, r\u00e5dgivere og journalister p\u00e5 tur langs E39, p\u00e5 sin siste valgkampturn\u00e9 i denne runden. Foto: John T. Pedersen \/ Dagbladet\n      <\/p>\n<p>Han legger til:<\/p>\n<p>&#8211; Men jeg sier et stort ja til at vi er et lyttende parti som skal finne gode l\u00f8sninger med partiene som peker p\u00e5 en Arbeiderparti-regjering. Og vi skal ha en \u00e5pen, ryddig dialog med de andre partiene p\u00e5 Stortinget.<\/p>\n<p>\u00c5 danne regjering med R\u00f8dt og MDG er heller ikke aktuelt.<\/p>\n<p>&#8211; De politiske avstandene er for store i grunnleggende sp\u00f8rsm\u00e5l, sier St\u00f8re.<\/p>\n<p>    <a itemprop=\"url\" href=\"https:\/\/borsen.dagbladet.no\/nyheter\/vi-blir-lurt\/83524374\" rel=\"nofollow noopener\" target=\"_blank\"><\/p>\n<p>      <img loading=\"lazy\" decoding=\"async\" src=\"https:\/\/www.europesays.com\/no\/wp-content\/uploads\/2025\/09\/83534222.webp\" width=\"980\" height=\"441\" title=\"- N\u00e5 er det nok!\" alt=\"\" class=\"lazyload\" style=\"--aspect-ratio-image: 2.22; \"\/><\/p>\n<p>        &#8211; N\u00e5 er det nok!<\/p>\n<p>    <\/a><\/p>\n<p>Vag om hestehandel\t<\/p>\n<p>Ap-lederen svarer ullent p\u00e5 sp\u00f8rsm\u00e5let om det likevel er aktuelt \u00e5 samarbeide med R\u00f8dt og MDG om et statsbudsjett. Som statsminister i den tidligere Ap\/Sp-regjeringen gjorde han slike hestehandler med SV, selv om de ikke regjerte sammen.<\/p>\n<p class=\"font-weight-bold m-font-weight-bold\" data-lab-font_weight=\"font-weight-bold\">&#8211; Et statsbudsjett m\u00e5 ha et flertall. S\u00e5 utgangspunktet er jo at vi m\u00e5 s\u00f8ke det p\u00e5 v\u00e5r side av streken, sier St\u00f8re.<\/p>\n<p>        VALGBOBILEN: Dagbladet viser Erna Solberg (H) bobilen og tilbyr gaver hun ikke vil ha. Video: Johannes Fjeld, Anabelle Bruun. Reporter: Sondre Nodland.<\/p>\n<p>St\u00f8re har tidligere gjort det klart at han har gitt opp dr\u00f8mmen om flertall med SV og Senterpartiet. Han har ogs\u00e5 sagt at det ikke er naturlig \u00e5 danne en ny mindretallsregjering og dermed kj\u00f8re slal\u00e5m i Stortinget og danne flertall fra sak til sak.<\/p>\n<p>&#8211; Hvis det blir flertall for Arbeiderpartiet, Senterpartiet og SV, s\u00e5 mener jeg det er naturlig \u00e5 snakke sammen. Vi gjorde et hederlig fors\u00f8k p\u00e5 Hurdal, men jeg tror ikke det er spesielt realistisk, svarer statsministeren. <\/p>\n<p>    <a itemprop=\"url\" href=\"https:\/\/borsen.dagbladet.no\/nyheter\/kjottkakedebatt-for-glad-i-det\/83538985\" rel=\"nofollow noopener\" target=\"_blank\"><\/p>\n<p>      <img loading=\"lazy\" decoding=\"async\" src=\"https:\/\/www.europesays.com\/no\/wp-content\/uploads\/2025\/09\/1757025611_817_83539440.webp\" width=\"980\" height=\"441\" title=\"Kj\u00f8ttkakedebatt: - For glad i det\" alt=\"\" class=\"lazyload\" style=\"--aspect-ratio-image: 2.22; \"\/><\/p>\n<p>        Kj\u00f8ttkakedebatt: &#8211; For glad i det<\/p>\n<p>    <\/a><\/p>\n<p>Har ikke booket hotell\t<\/p>\n<p>Plan A og B er Arbeiderparti-regjering, lover han et hundretall velgere han m\u00f8ter langs valgkampruta p\u00e5 E39. P\u00e5 den andre sida av midtgangen i Arbeiderparti-bussen sitter finansminister Jens Stoltenberg, som en p\u00e5minnelse om den svunne r\u00f8dgr\u00f8nne regjeringsdr\u00f8mmen.<\/p>\n<p>B\u00e5de i 2005 og 2009 fant dav\u00e6rende statsminister Stoltenberg sammen med SV og Senterpartiet p\u00e5 Soria Moria hotell- og konferansesenter.<\/p>\n<p>          <img loading=\"lazy\" decoding=\"async\" src=\"https:\/\/www.europesays.com\/no\/wp-content\/uploads\/2025\/09\/83550237.webp\" width=\"686\" height=\"440\" title=\"FOLKEHAV: St\u00f8re m\u00f8ter velgere, her med r\u00e5dgiver Sunniva Bjerkaas. Foto: John T. Pedersen \/ Dagbladet\" alt=\"\" class=\"\" style=\"--aspect-ratio-image: 1.56; \"\/><\/p>\n<p>\n          FOLKEHAV: St\u00f8re m\u00f8ter velgere, her med r\u00e5dgiver Sunniva Bjerkaas. Foto: John T. Pedersen \/ Dagbladet\n      <\/p>\n<p>P\u00e5 Hurdalsj\u00f8en hotell pr\u00f8vde St\u00f8re p\u00e5 det samme i 2021. SV forlot regjeringssonderingene, og tre \u00e5r seinere raknet samarbeidet mellom Ap og Sp.<\/p>\n<p>Arbeiderpartiet har ikke planlagt en ny tur med regjeringsforhandlinger med dagens r\u00f8dgr\u00f8nne, Kirsti Bergst\u00f8 (SV) og Trygve Slagsvold Vedum (Sp), opplyser St\u00f8re.<\/p>\n<p>&#8211; Jeg har ikke booket hotell. At vi ikke har tenkt p\u00e5 det, er et uttrykk for v\u00e5r lesning av det politiske bildet.\u00a0<\/p>\n<p>    <a itemprop=\"url\" href=\"https:\/\/borsen.dagbladet.no\/nyheter\/fikk-sms-fra-trump\/83546493\" rel=\"nofollow noopener\" target=\"_blank\"><\/p>\n<p>      <img loading=\"lazy\" decoding=\"async\" src=\"https:\/\/www.europesays.com\/no\/wp-content\/uploads\/2025\/09\/83546738.webp\" width=\"980\" height=\"441\" title=\"Fikk SMS fra Trump\" alt=\"\" class=\"lazyload\" style=\"--aspect-ratio-image: 2.22; \"\/><\/p>\n<p>        Fikk SMS fra Trump<\/p>\n<p>    <\/a><\/p>\n<p>Et par netters s\u00f8vn\t<\/p>\n<p>St\u00f8re understreker flere ganger at samtaler skal finne sted, dersom mandagens valgresultat gir et flertall som ikke vil ha en Fremskrittsparti-ledet regjering.<\/p>\n<p>&#8211; Da skal vi, etter \u00e5 ha f\u00e5tt sovet et par netter, ha gode samtaler om de politiske oppgavene framover, og ogs\u00e5 lytte til hva som er de andre partienes prioriteringer.<\/p>\n<p class=\"italic m-italic\" data-lab-italic=\"italic\">&#8211; Blir det gode samtaler, n\u00e5r R\u00f8dt er imot E\u00d8S-samarbeid og MDG stiller mange klimakrav? Hva kan du egentlig f\u00e5 ut av det?<\/p>\n<p>&#8211; Et hovedsp\u00f8rsm\u00e5l er om du har en Arbeiderparti- eller en Fremskrittspartiledet-regjering. Disse partiene vet av 30 \u00e5rs erfaring at E\u00d8S-avtalen, Nato-avtalen og trygg, \u00f8konomisk styring er prinsipper som ligger fast om de peker p\u00e5 Arbeiderpartiet. Det er ikke til \u00e5 diskutere. Det tror jeg de andre partiene vet og forst\u00e5r.<\/p>\n","protected":false},"excerpt":{"rendered":"Jonas Gahr St\u00f8re: Statsminister Jonas Gahr St\u00f8re (Ap) vil ikke inng\u00e5 samarbeidsavtaler med noen partier. Han har heller&hellip;\n","protected":false},"author":2,"featured_media":27322,"comment_status":"","ping_status":"","sticky":false,"template":"","format":"standard","meta":{"footnotes":""},"categories":[10],"tags":[499,20,21,24,25,15,240,201,22,23,13,30,28,29,14,16,536,776,26,27],"class_list":{"0":"post-27321","1":"post","2":"type-post","3":"status-publish","4":"format-standard","5":"has-post-thumbnail","7":"category-norge","8":"tag-arbeiderpartiet","9":"tag-breaking-news","10":"tag-breakingnews","11":"tag-featured-news","12":"tag-featurednews","13":"tag-headlines","14":"tag-jens-stoltenberg","15":"tag-jonas-gahr-store","16":"tag-latest-news","17":"tag-latestnews","18":"tag-news","19":"tag-no","20":"tag-norge","21":"tag-norway","22":"tag-nyheter","23":"tag-overskrifter","24":"tag-rogaland","25":"tag-stortingsvalg-2025","26":"tag-top-stories","27":"tag-topstories"},"share_on_mastodon":{"url":"","error":""},"_links":{"self":[{"href":"https:\/\/www.europesays.com\/no\/wp-json\/wp\/v2\/posts\/27321","targetHints":{"allow":["GET"]}}],"collection":[{"href":"https:\/\/www.europesays.com\/no\/wp-json\/wp\/v2\/posts"}],"about":[{"href":"https:\/\/www.europesays.com\/no\/wp-json\/wp\/v2\/types\/post"}],"author":[{"embeddable":true,"href":"https:\/\/www.europesays.com\/no\/wp-json\/wp\/v2\/users\/2"}],"replies":[{"embeddable":true,"href":"https:\/\/www.europesays.com\/no\/wp-json\/wp\/v2\/comments?post=27321"}],"version-history":[{"count":0,"href":"https:\/\/www.europesays.com\/no\/wp-json\/wp\/v2\/posts\/27321\/revisions"}],"wp:featuredmedia":[{"embeddable":true,"href":"https:\/\/www.europesays.com\/no\/wp-json\/wp\/v2\/media\/27322"}],"wp:attachment":[{"href":"https:\/\/www.europesays.com\/no\/wp-json\/wp\/v2\/media?parent=27321"}],"wp:term":[{"taxonomy":"category","embeddable":true,"href":"https:\/\/www.europesays.com\/no\/wp-json\/wp\/v2\/categories?post=27321"},{"taxonomy":"post_tag","embeddable":true,"href":"https:\/\/www.europesays.com\/no\/wp-json\/wp\/v2\/tags?post=27321"}],"curies":[{"name":"wp","href":"https:\/\/api.w.org\/{rel}","templated":true}]}}