{"id":273363,"date":"2026-06-21T22:30:14","date_gmt":"2026-06-21T22:30:14","guid":{"rendered":"https:\/\/www.europesays.com\/no\/273363\/"},"modified":"2026-06-21T22:30:14","modified_gmt":"2026-06-21T22:30:14","slug":"rod-stewart-81-matte-bruke-oksygenmaske-pa-scenen","status":"publish","type":"post","link":"https:\/\/www.europesays.com\/no\/273363\/","title":{"rendered":"Rod Stewart (81) m\u00e5tte bruke oksygenmaske p\u00e5 scenen"},"content":{"rendered":"\n<p class=\"_lead_145nj_2 _lead_6fko5_53 layout-component text-serif-m layout-normal text-serif-l layout-component layout-wide layout-padded _wide_17hqh_1 layout-padded\">Den britiske rockelegenden var n\u00e6r ved \u00e5 besvime under konserten i Utah.<\/p>\n<p><img alt=\"Rod Stewart under New Orleans Jazz &amp; Heritage Festival i april. Foto: Amy Harris \/ AP \/ NTB\" class=\"_image_jw3bv_65 layout-component layout-wide\" data-fullscreen- data-track-element-type=\"Article image fullscreen\" data-track-name=\"ImageFullscreen\" fetchpriority=\"high\" decoding=\"sync\" loading=\"eager\" height=\"1839\" itemprop=\"image\"  src=\"https:\/\/www.europesays.com\/no\/wp-content\/uploads\/2026\/06\/389e7497-54e2-3bef-84d8-e87e996042c6.jpeg\"  style=\"object-position:45.79405366207397% 40.375203915171284%\" width=\"2758\"\/>Rod Stewart under New Orleans Jazz &amp; Heritage Festival i april. Foto: Amy Harris \/ AP \/ NTB<\/p>\n<ul aria-hidden=\"true\" class=\"_images_ntbth_112\">\n<li><a class=\"_link_ntbth_117\" href=\"https:\/\/www.vg.no\/forfatter\/stein-oestboe\" style=\"z-index:1\" title=\"Stein \u00d8stb\u00f8\" rel=\"nofollow noopener\" target=\"_blank\"><img alt=\"Bilde av Stein \u00d8stb\u00f8\" class=\"_image_ntbth_93\" fetchpriority=\"low\" loading=\"lazy\" decoding=\"async\" itemprop=\"image\"  src=\"https:\/\/www.europesays.com\/no\/wp-content\/uploads\/2026\/06\/1782081013_702_22e70fc8-5f6d-446c-8991-a91d598e4754.jpeg\"  width=\"480\"\/><\/a><\/li>\n<\/ul>\n<p> Oppdatert mandag 22. juni kl. 00:00     <\/p>\n<p class=\"_paragraph_145nj_4 _paragraph_6fko5_10 layout-component text-serif-m layout-normal text-serif-m layout-padded\"><a href=\"https:\/\/www.vg.no\/tag\/rod-stewart?utm_source=vg-article&amp;utm_medium=auto-tagger&amp;utm_campaign=OkWrW3\" class=\"_link_145nj_39\" rel=\"nofollow noopener\" target=\"_blank\">Rod Stewart<\/a> skapte bekymring blant fansen da han fredag kveld m\u00e5tte avbryte konserten p\u00e5 Utah First Credit Union Amphitheatre i West Valley City.<\/p>\n<p class=\"_paragraph_145nj_4 _paragraph_6fko5_10 layout-component text-serif-m layout-normal text-serif-m layout-padded\">81-\u00e5ringen ble tydelig andpusten under fremf\u00f8ringen, og m\u00e5tte ta i bruk en oksygentank som ble brakt opp p\u00e5 scenen.<\/p>\n<p class=\"_paragraph_145nj_4 _paragraph_6fko5_10 layout-component text-serif-m layout-normal text-serif-m layout-padded\">Det melder avisen <a href=\"https:\/\/www.independent.co.uk\/arts-entertainment\/music\/news\/rod-stewart-concert-oxygen-tank-b2999961.html\" class=\"_link_145nj_39\" rel=\"nofollow noopener\" target=\"_blank\">The Independent<\/a>.<\/p>\n<p><img alt=\"Sir Rod Stewart (i hvitt og bl\u00e5tt til venstre) p\u00e5 tribunen da Skottland tapte for Marokko.  Foto: Martin Rickett \/ Pa Photos \/ NTB\" class=\"_image_jw3bv_65 layout-component layout-normal\" data-fullscreen- data-track-element-type=\"Article image fullscreen\" data-track-name=\"ImageFullscreen\" decoding=\"async\" loading=\"lazy\" height=\"2901\" itemprop=\"image\"  src=\"https:\/\/www.europesays.com\/no\/wp-content\/uploads\/2026\/06\/e78c1636-0123-3e4d-97cd-b6716874bfc2.jpeg\"  style=\"object-position:48.85136687342063% 57.56635642881764%\" width=\"4353\"\/>Sir Rod Stewart (i hvitt og bl\u00e5tt til venstre) p\u00e5 tribunen da Skottland tapte for Marokko.  Foto: Martin Rickett \/ Pa Photos \/ NTB<\/p>\n<p class=\"_paragraph_145nj_4 _paragraph_6fko5_10 layout-component text-serif-m layout-normal text-serif-m layout-padded\">En video fra konserten viser hvordan Stewart b\u00f8yer seg sammen og lener seg p\u00e5 instrumenter og sperringer, f\u00f8r han henvender seg til publikum:<\/p>\n<p class=\"_paragraph_145nj_4 _paragraph_6fko5_10 layout-component text-serif-m layout-normal text-serif-m layout-padded\">\u2013 Showet m\u00e5 g\u00e5 videre. Jeg holdt p\u00e5 \u00e5 besvime der. Har dere noe imot at jeg setter meg ned p\u00e5 denne?<\/p>\n<p class=\"_paragraph_145nj_4 _paragraph_6fko5_10 layout-component text-serif-m layout-normal text-serif-m layout-padded\">Etter \u00e5 ha brukt oksygentanken ble han sittende resten av showet.<\/p>\n<p class=\"_paragraph_145nj_4 _paragraph_6fko5_10 layout-component text-serif-m layout-normal text-serif-m layout-padded\">Stewarts representanter har ikke besvart The Independents henvendelser om kommentar.<\/p>\n<p class=\"_paragraph_145nj_4 _paragraph_6fko5_10 layout-component text-serif-m layout-normal layout-padded\"><strong class=\"_strong_145nj_25\">Les ogs\u00e5:<\/strong> <a href=\"https:\/\/www.vg.no\/i\/y5OBje\" data-track-element-type=\"Link\" data-track-id=\"link:y5OBje\" class=\"_link_145nj_39\" rel=\"nofollow noopener\" target=\"_blank\">Rod Stewart avlyste konsert &#8211; tok privatfly til VM-kamp<\/a><\/p>\n<p class=\"_paragraph_145nj_4 _paragraph_6fko5_10 layout-component text-serif-m layout-normal text-serif-m layout-padded\">Hendelsen kommer etter en rekke avlysninger av helsemessige \u00e5rsaker. <\/p>\n<p class=\"_paragraph_145nj_4 _paragraph_6fko5_10 layout-component text-serif-m layout-normal text-serif-m layout-padded\">Den 12. juni avlyste han en konsert i Chula Vista i California, kun en time f\u00f8r han skulle p\u00e5 scenen. If\u00f8lge en uttalelse fra teamet hans var \u00e5rsaken en akutt luftveisinfeksjon som hadde f\u00f8rt til strupekatarr.<\/p>\n<p class=\"_paragraph_145nj_4 _paragraph_6fko5_10 layout-component text-serif-m layout-normal text-serif-m layout-padded\">\u2013 Etter behandling f\u00f8ler jeg meg mye bedre, men stemmen min er det ikke, skrev Stewart selv p\u00e5 Instagram.<\/p>\n<p class=\"_paragraph_145nj_4 _paragraph_6fko5_10 layout-component text-serif-m layout-normal text-serif-m layout-padded\">Dagen etter ble han imidlertid kritisert for \u00e5 ha reist til Boston for \u00e5 se Skottland spille mot Haiti i fotball-VM, der han etter sigende ble sett nytende alkohol p\u00e5 tribunen.<\/p>\n<p class=\"_paragraph_145nj_4 _paragraph_6fko5_10 layout-component text-serif-m layout-normal text-serif-m layout-padded\">Skottland vant kampen 1-0.<\/p>\n<p class=\"_paragraph_145nj_4 _paragraph_6fko5_10 layout-component text-serif-m layout-normal text-serif-m layout-padded\">Neste konsert p\u00e5 avskjedsturneen \u00abOne Last Time\u00bb er planlagt 31. juli i New York.<\/p>\n","protected":false},"excerpt":{"rendered":"Den britiske rockelegenden var n\u00e6r ved \u00e5 besvime under konserten i Utah. Rod Stewart under New Orleans Jazz&hellip;\n","protected":false},"author":2,"featured_media":273364,"comment_status":"","ping_status":"","sticky":false,"template":"","format":"standard","meta":{"footnotes":"","_share_on_mastodon":"0"},"categories":[58],"tags":[71,4472,30,28,29,6765,4682,72,46],"class_list":["post-273363","post","type-post","status-publish","format-standard","has-post-thumbnail","category-underholdning","tag-entertainment","tag-fotball-vm","tag-no","tag-norge","tag-norway","tag-rod-stewart","tag-skottland","tag-underholdning","tag-vgai"],"share_on_mastodon":{"url":"https:\/\/pubeurope.com\/@no\/116790469109542180","error":""},"_links":{"self":[{"href":"https:\/\/www.europesays.com\/no\/wp-json\/wp\/v2\/posts\/273363","targetHints":{"allow":["GET"]}}],"collection":[{"href":"https:\/\/www.europesays.com\/no\/wp-json\/wp\/v2\/posts"}],"about":[{"href":"https:\/\/www.europesays.com\/no\/wp-json\/wp\/v2\/types\/post"}],"author":[{"embeddable":true,"href":"https:\/\/www.europesays.com\/no\/wp-json\/wp\/v2\/users\/2"}],"replies":[{"embeddable":true,"href":"https:\/\/www.europesays.com\/no\/wp-json\/wp\/v2\/comments?post=273363"}],"version-history":[{"count":0,"href":"https:\/\/www.europesays.com\/no\/wp-json\/wp\/v2\/posts\/273363\/revisions"}],"wp:featuredmedia":[{"embeddable":true,"href":"https:\/\/www.europesays.com\/no\/wp-json\/wp\/v2\/media\/273364"}],"wp:attachment":[{"href":"https:\/\/www.europesays.com\/no\/wp-json\/wp\/v2\/media?parent=273363"}],"wp:term":[{"taxonomy":"category","embeddable":true,"href":"https:\/\/www.europesays.com\/no\/wp-json\/wp\/v2\/categories?post=273363"},{"taxonomy":"post_tag","embeddable":true,"href":"https:\/\/www.europesays.com\/no\/wp-json\/wp\/v2\/tags?post=273363"}],"curies":[{"name":"wp","href":"https:\/\/api.w.org\/{rel}","templated":true}]}}