{"id":273384,"date":"2026-06-21T23:23:14","date_gmt":"2026-06-21T23:23:14","guid":{"rendered":"https:\/\/www.europesays.com\/no\/273384\/"},"modified":"2026-06-21T23:23:14","modified_gmt":"2026-06-21T23:23:14","slug":"fotball-vm-2026-morten-thorsby-og-stale-solbakken-moter-pressen","status":"publish","type":"post","link":"https:\/\/www.europesays.com\/no\/273384\/","title":{"rendered":"Fotball-VM 2026: Morten Thorsby og St\u00e5le Solbakken m\u00f8ter pressen"},"content":{"rendered":"\n<p class=\"_paragraph_145nj_4 _paragraph_6fko5_10 layout-component text-serif-m layout-normal text-serif-m layout-padded\">VG oppdaterer saken!<\/p>\n<p class=\"_paragraph_145nj_4 _paragraph_6fko5_10 layout-component text-serif-m layout-normal text-serif-m layout-padded\">\u2013 Det ligner litt p\u00e5 kunstgress. Det er kort og det er hardt. Det kan passe oss bra, for vi er mange som har spilt p\u00e5 kunstgress. Jeg tror det kan passe oss fint, sier Morten Thorsby.<\/p>\n<p class=\"_paragraph_145nj_4 _paragraph_6fko5_10 layout-component text-serif-m layout-normal text-serif-m layout-padded\">Den norske midtbanespilleren m\u00f8tte pressen p\u00e5 MetLife Stadium i New Jersey sammen med landslagssjef St\u00e5le Solbakken dagen f\u00f8r Norge m\u00f8ter Senegal i fotball-VM.<\/p>\n<p class=\"_paragraph_145nj_4 _paragraph_6fko5_10 layout-component text-serif-m layout-normal text-serif-m layout-padded\">\u2013 Det er et sted hvor ballen skal g\u00e5 fint. Det kan v\u00e6re til v\u00e5r fordel, men alle baner er forskjellige, sier Thorsby.<\/p>\n<p class=\"_paragraph_145nj_4 _paragraph_6fko5_10 layout-component text-serif-m layout-normal text-serif-m layout-padded\"><strong class=\"_strong_145nj_25\">\u2013 Banen er ulik mye annet. Den er beinhard, og nesten ikke gress. Det ligger nesten som en kunstgressfasong, men det m\u00e5 vi \u00abdeale\u00bb med. Det er den banen vi skal spille p\u00e5, det f\u00e5r vi ikke gjort noe med, sier Solbakken.<\/strong><\/p>\n<p class=\"_paragraph_145nj_4 _paragraph_6fko5_10 layout-component text-serif-m layout-normal text-serif-m layout-padded\">Beskjeden fra det norske landslaget var f\u00f8rst at de norske spillerne ikke skulle inspisere banen, men Thorsby kom med motsatt beskjed:<\/p>\n<p class=\"_paragraph_145nj_4 _paragraph_6fko5_10 layout-component text-serif-m layout-normal text-serif-m layout-padded\">\u2013 Vi var ute p\u00e5 den akkurat n\u00e5. Vi har sett litt p\u00e5 den, og den ser helt fin ut, sier Thorsby.<\/p>\n<p class=\"_paragraph_145nj_4 _paragraph_6fko5_10 layout-component text-serif-m layout-normal text-serif-m layout-padded\">Da landslagssjef St\u00e5le Solbakken snakket om stadion, var han f\u00f8rst opptatt av \u00e5 si at det er en \u00abenorm kulisse\u00bb \u2013 og at det ikke blir bedre enn en utsolgt stadion med over 80.000 tilskuere.<\/p>\n<p class=\"_paragraph_145nj_4 _paragraph_6fko5_10 layout-component text-serif-m layout-normal text-serif-m layout-padded\">\u2013 Gutta m\u00e5 finne ut av det p\u00e5 oppvarmingen. Spesielt hvis det regner, s\u00e5 tror jeg det kommer til \u00e5 g\u00e5 veldig fort, sier han.<\/p>\n<ul class=\"_gallery_1qa3s_23\" tabindex=\"0\">\n<li class=\"_item_1qa3s_37\" data-index=\"0\"><img decoding=\"async\" class=\"_image_foru8_23 _articleGallery_foru8_39\" data-fullscreen- width=\"2976\" height=\"1984\" itemprop=\"image\" loading=\"lazy\"  src=\"https:\/\/www.europesays.com\/no\/wp-content\/uploads\/2026\/06\/736de97f-3439-3da7-939e-bee999a9f498.jpeg\"  style=\"object-position:50% 50%;aspect-ratio:var(--gallery-aspect-ratio, 16 \/ 9)\"\/>Foto: Thomas Nilsson \/ VG<\/li>\n<li class=\"_item_1qa3s_37\" data-index=\"1\"><img decoding=\"async\" class=\"_image_foru8_23 _articleGallery_foru8_39\" data-fullscreen- width=\"2976\" height=\"1984\" itemprop=\"image\" loading=\"lazy\"  src=\"https:\/\/www.europesays.com\/no\/wp-content\/uploads\/2026\/06\/2d1342a5-cf90-3e08-ac3b-d9f89722b15c.jpeg\"  style=\"object-position:50% 50%;aspect-ratio:var(--gallery-aspect-ratio, 16 \/ 9)\"\/>Foto: Thomas Nilsson \/ VG<\/li>\n<li class=\"_item_1qa3s_37\" data-index=\"2\"><img decoding=\"async\" class=\"_image_foru8_23 _articleGallery_foru8_39\" data-fullscreen- width=\"2976\" height=\"1984\" itemprop=\"image\" loading=\"lazy\"  src=\"https:\/\/www.europesays.com\/no\/wp-content\/uploads\/2026\/06\/f25c0763-66e5-306f-8888-3c8007ac1df5.jpeg\"  style=\"object-position:50% 50%;aspect-ratio:var(--gallery-aspect-ratio, 16 \/ 9)\"\/>Foto: Thomas Nilsson \/ VG<\/li>\n<\/ul>\n<p>Foto: Thomas Nilsson \/ VG<\/p>\n<p class=\"_paragraph_145nj_4 _paragraph_6fko5_10 layout-component text-serif-m layout-normal text-serif-m layout-padded\">Den franske midtstopperstjernen William Saliba var p\u00e5 sin side ikke n\u00e5dig over tilstanden p\u00e5 gressmatten p\u00e5 MetLife Stadium.<\/p>\n<p class=\"_paragraph_145nj_4 _paragraph_6fko5_10 layout-component text-serif-m layout-normal text-serif-m layout-padded\">\u2013 Jeg m\u00e5 innr\u00f8mme at jeg ble litt overrasket over tilstanden p\u00e5 banen i den f\u00f8rste kampen, sier Saliba p\u00e5 en pressekonferanse s\u00f8ndag.<\/p>\n<p class=\"_paragraph_145nj_4 _paragraph_6fko5_10 layout-component text-serif-m layout-normal text-serif-m layout-padded\">Frankrike spilte sin \u00e5pningskamp p\u00e5 stadion, da de vant 3\u20131 over Senegal.<\/p>\n<p><img decoding=\"async\" alt=\"Bilde av William Saliba\" class=\"_image_148z4_25\" height=\"27\" itemprop=\"image\" loading=\"lazy\"  src=\"https:\/\/www.europesays.com\/no\/wp-content\/uploads\/2026\/06\/475192e7-7ee6-39f9-b499-7e459b4cbede.jpeg\"  width=\"40\"\/><strong class=\"_name_148z4_34 title-serif-xs\">William Saliba<\/strong><\/p>\n<p class=\"_paragraph_145nj_4 text-sans-m _description_148z4_39\">Midtstopper p\u00e5 Frankrike og Arsenal.<\/p>\n<p class=\"_paragraph_145nj_4 _paragraph_6fko5_10 layout-component text-serif-m layout-normal text-serif-m layout-padded\">Det er den samme arenaen som Norge m\u00f8ter Senegal p\u00e5 natt til tirsdag norsk tid.<\/p>\n<p class=\"_paragraph_145nj_4 _paragraph_6fko5_10 layout-component text-serif-m layout-normal text-serif-m layout-padded\">\u2013 Det var tydelig at banen mer lignet p\u00e5 kunstgress, og den var veldig hard, sier Saliba om banen som ogs\u00e5 er finalearenaen for VM.<\/p>\n<p class=\"_paragraph_145nj_4 _paragraph_6fko5_10 layout-component text-serif-m layout-normal text-serif-m layout-padded\">FIFA svarer The Athletic:<\/p>\n<p class=\"_paragraph_145nj_4 _paragraph_6fko5_10 layout-component text-serif-m layout-normal text-serif-m layout-padded\">\u00abBanene p\u00e5 alle de 16 stadionene som skal brukes under FIFA World Cup 2026, holder fortsatt utmerket kvalitet b\u00e5de n\u00e5r det gjelder spillbarhet og spilleres sikkerhet.\u00bb<\/p>\n<p class=\"_paragraph_145nj_4 _paragraph_6fko5_10 layout-component text-serif-m layout-normal text-serif-m layout-padded\">\u2013 Fifa sier at alle 16 banene er i perfekt tilstand, samtidig som banene har f\u00e5tt kritikk. Hvem tror du mest p\u00e5? sp\u00f8r VG.<\/p>\n<p class=\"_paragraph_145nj_4 _paragraph_6fko5_10 layout-component text-serif-m layout-normal text-serif-m layout-padded\">\u2013 Vi har ikke spilt der ute. Vi fikk sett p\u00e5 det n\u00e5, og det s\u00e5 ikke ut som det var noe galt, men det er noe annet \u00e5 spille p\u00e5 det. N\u00e5 ser det ut som det kommer litt fuktighet. Er de t\u00f8rre, s\u00e5 g\u00e5r det gjerne litt treigere. Heldigvis er baneforholdene like for begge. S\u00e5 vi f\u00e5r bare gj\u00f8re det beste ut av det, vi f\u00e5r ikke gjort noe med det n\u00e5, svarer Thorsby.<\/p>\n<p class=\"_paragraph_145nj_4 _paragraph_6fko5_10 layout-component text-serif-m layout-normal text-serif-m layout-padded\"><strong class=\"_strong_145nj_25\">Hvem mener du skal starte for Norge mot Senegal?<\/strong> <a href=\"https:\/\/www.vg.no\/spesial\/2026\/fotball-vm\/drommelaget\/?matchId=4&amp;lead=Hvem+b%C3%B8r+starte+for+Norge+i+VM%3F\" class=\"_link_145nj_39\" rel=\"nofollow noopener\" target=\"_blank\">Ta ut laget her.<\/a><\/p>\n<p class=\"_paragraph_145nj_4 _paragraph_6fko5_10 layout-component text-serif-m layout-normal text-serif-m layout-padded\">Det norske landslaget ankom New Jersey i 22-tiden norsk tid s\u00f8ndag kveld:<\/p>\n<p>Foto: Thomas Nilsson \/ VG<\/p>\n<p class=\"_paragraph_145nj_4 _paragraph_6fko5_10 layout-component text-serif-m layout-normal text-serif-m layout-padded\">Norges kamp mot Senegal starter klokken 02.00 norsk tid natt til tirsdag 23. juni.<\/p>\n<p class=\"_paragraph_145nj_4 _paragraph_6fko5_10 layout-component text-serif-m layout-normal text-serif-m layout-padded\">Kampen spilles alts\u00e5 p\u00e5 MetLife Stadium i New Jersey, som offisielt g\u00e5r under navnet New York New Jersey Stadium under VM.<\/p>\n","protected":false},"excerpt":{"rendered":"VG oppdaterer saken! \u2013 Det ligner litt p\u00e5 kunstgress. Det er kort og det er hardt. Det kan&hellip;\n","protected":false},"author":2,"featured_media":273385,"comment_status":"","ping_status":"","sticky":false,"template":"","format":"standard","meta":{"footnotes":"","_share_on_mastodon":"0"},"categories":[5],"tags":[20,21,24,25,4472,15,3163,19,22,23,17,18,5395,13,30,28,29,14,16,1387,26,27],"class_list":["post-273384","post","type-post","status-publish","format-standard","has-post-thumbnail","category-overskrifter","tag-breaking-news","tag-breakingnews","tag-featured-news","tag-featurednews","tag-fotball-vm","tag-headlines","tag-herrelandslaget-fotball","tag-hovedoppslag","tag-latest-news","tag-latestnews","tag-main-news","tag-mainnews","tag-morten-thorsby","tag-news","tag-no","tag-norge","tag-norway","tag-nyheter","tag-overskrifter","tag-stale-solbakken","tag-top-stories","tag-topstories"],"share_on_mastodon":{"url":"https:\/\/pubeurope.com\/@no\/116790677541997649","error":""},"_links":{"self":[{"href":"https:\/\/www.europesays.com\/no\/wp-json\/wp\/v2\/posts\/273384","targetHints":{"allow":["GET"]}}],"collection":[{"href":"https:\/\/www.europesays.com\/no\/wp-json\/wp\/v2\/posts"}],"about":[{"href":"https:\/\/www.europesays.com\/no\/wp-json\/wp\/v2\/types\/post"}],"author":[{"embeddable":true,"href":"https:\/\/www.europesays.com\/no\/wp-json\/wp\/v2\/users\/2"}],"replies":[{"embeddable":true,"href":"https:\/\/www.europesays.com\/no\/wp-json\/wp\/v2\/comments?post=273384"}],"version-history":[{"count":0,"href":"https:\/\/www.europesays.com\/no\/wp-json\/wp\/v2\/posts\/273384\/revisions"}],"wp:featuredmedia":[{"embeddable":true,"href":"https:\/\/www.europesays.com\/no\/wp-json\/wp\/v2\/media\/273385"}],"wp:attachment":[{"href":"https:\/\/www.europesays.com\/no\/wp-json\/wp\/v2\/media?parent=273384"}],"wp:term":[{"taxonomy":"category","embeddable":true,"href":"https:\/\/www.europesays.com\/no\/wp-json\/wp\/v2\/categories?post=273384"},{"taxonomy":"post_tag","embeddable":true,"href":"https:\/\/www.europesays.com\/no\/wp-json\/wp\/v2\/tags?post=273384"}],"curies":[{"name":"wp","href":"https:\/\/api.w.org\/{rel}","templated":true}]}}