{"id":273484,"date":"2026-06-22T05:30:08","date_gmt":"2026-06-22T05:30:08","guid":{"rendered":"https:\/\/www.europesays.com\/no\/273484\/"},"modified":"2026-06-22T05:30:08","modified_gmt":"2026-06-22T05:30:08","slug":"ulykker-stange-to-tenaringer-skadet-etter-ulykke","status":"publish","type":"post","link":"https:\/\/www.europesays.com\/no\/273484\/","title":{"rendered":"Ulykker, Stange | To ten\u00e5ringer skadet etter ulykke"},"content":{"rendered":"\n<p>Natt til mandag klokken 02.44 fikk politiet melding om en ulykke p\u00e5 S\u00f8rbygdavegen i Stange.<\/p>\n<p>To personer p\u00e5 lett motorsykler hadde kollidert front mot front.<\/p>\n<p>Politiet meldte om hendelsen i sin presselogg klokken 05.08.<\/p>\n<p>\u2013 N\u00f8detatene har v\u00e6rt p\u00e5 stedet, og begge f\u00f8rerne har blitt tatt h\u00e5nd om av helse, sier operasjonsleder hos politiet i Innlandet, Rune Vegard Huse til HA.<\/p>\n<p>Det var to gutter i ten\u00e5rene som var involvert; begge med lokal tilh\u00f8righet.<\/p>\n<p>Den ene er n\u00e5 innlagt p\u00e5 intensivavdelingen p\u00e5 Hamar sykehus til observasjon, mens den andre har blitt fl\u00f8yet til Ullev\u00e5l sykehus.<\/p>\n<p>\u2013 Hvilke skader de har p\u00e5dratt seg er uvisst, men ingen har livstruende skader, sier Huse.<\/p>\n<p>Operasjonslederen legger til at begge f\u00f8rerne hadde gyldig f\u00f8rerkort, og at det Ikke er tatt beslag per n\u00e5.<\/p>\n<p>\u2013 Per n\u00e5 ser det ut som at ulykken oppsto som f\u00f8lge av et rent uhell. Vi har ikke f\u00e5tt snakket med de to involverte, men det er ingen mistanke om rus, sier Rune Vegard Huse.<\/p>\n<p>Politiet fikk melding om ulykken via en person som kom til stedet rett etter at det smalt.<\/p>\n","protected":false},"excerpt":{"rendered":"Natt til mandag klokken 02.44 fikk politiet melding om en ulykke p\u00e5 S\u00f8rbygdavegen i Stange. To personer p\u00e5&hellip;\n","protected":false},"author":2,"featured_media":272605,"comment_status":"","ping_status":"","sticky":false,"template":"","format":"standard","meta":{"footnotes":"","_share_on_mastodon":"0"},"categories":[10],"tags":[36,20,21,24,25,15,22,23,13,30,28,29,14,16,1551,1510,26,27,1204],"class_list":["post-273484","post","type-post","status-publish","format-standard","has-post-thumbnail","category-norge","tag-art","tag-breaking-news","tag-breakingnews","tag-featured-news","tag-featurednews","tag-headlines","tag-latest-news","tag-latestnews","tag-news","tag-no","tag-norge","tag-norway","tag-nyheter","tag-overskrifter","tag-stange","tag-story","tag-top-stories","tag-topstories","tag-ulykker"],"share_on_mastodon":{"url":"https:\/\/pubeurope.com\/@no\/116792120231975364","error":""},"_links":{"self":[{"href":"https:\/\/www.europesays.com\/no\/wp-json\/wp\/v2\/posts\/273484","targetHints":{"allow":["GET"]}}],"collection":[{"href":"https:\/\/www.europesays.com\/no\/wp-json\/wp\/v2\/posts"}],"about":[{"href":"https:\/\/www.europesays.com\/no\/wp-json\/wp\/v2\/types\/post"}],"author":[{"embeddable":true,"href":"https:\/\/www.europesays.com\/no\/wp-json\/wp\/v2\/users\/2"}],"replies":[{"embeddable":true,"href":"https:\/\/www.europesays.com\/no\/wp-json\/wp\/v2\/comments?post=273484"}],"version-history":[{"count":0,"href":"https:\/\/www.europesays.com\/no\/wp-json\/wp\/v2\/posts\/273484\/revisions"}],"wp:featuredmedia":[{"embeddable":true,"href":"https:\/\/www.europesays.com\/no\/wp-json\/wp\/v2\/media\/272605"}],"wp:attachment":[{"href":"https:\/\/www.europesays.com\/no\/wp-json\/wp\/v2\/media?parent=273484"}],"wp:term":[{"taxonomy":"category","embeddable":true,"href":"https:\/\/www.europesays.com\/no\/wp-json\/wp\/v2\/categories?post=273484"},{"taxonomy":"post_tag","embeddable":true,"href":"https:\/\/www.europesays.com\/no\/wp-json\/wp\/v2\/tags?post=273484"}],"curies":[{"name":"wp","href":"https:\/\/api.w.org\/{rel}","templated":true}]}}