{"id":273687,"date":"2026-06-22T09:21:25","date_gmt":"2026-06-22T09:21:25","guid":{"rendered":"https:\/\/www.europesays.com\/no\/273687\/"},"modified":"2026-06-22T09:21:25","modified_gmt":"2026-06-22T09:21:25","slug":"bellona-tar-all-risikoen-e24","status":"publish","type":"post","link":"https:\/\/www.europesays.com\/no\/273687\/","title":{"rendered":"\u2013 Bellona tar all risikoen \u2013 E24"},"content":{"rendered":"\n<p class=\"_textTheme_1yhmn_1 _paragraph_2e275_4 _paragraph_181bi_27 layout-component layout-normal layout-padded body-medium\">\u2013 Hvis virkeligheten er slik det ser ut fra regnskapene, s\u00e5 virker det som at de andre har v\u00e6rt gratispassasjerer. Alt er finansiert av Bellona, sier N\u00e6ss.<\/p>\n<p class=\"_textTheme_1yhmn_1 _paragraph_2e275_4 _paragraph_181bi_27 layout-component layout-normal layout-padded body-medium\">Nordeas investeringsdirekt\u00f8r snakker med E24 etter \u00e5 ha sett p\u00e5 regnskapene til r\u00e5dgivningsselskapet Accelerate Capital, der b\u00e5de Bellona \u2013 gjennom et datterselskap \u2013 og Frederic Hauge privat er blant eierne.<\/p>\n<p class=\"_textTheme_1yhmn_1 _paragraph_2e275_4 _paragraph_181bi_27 layout-component layout-normal layout-padded body-medium\">N\u00e6ss reagerer p\u00e5 at Bellona Holding har bidratt med millioner gjennom l\u00e5n og forskuttering av kostnader for r\u00e5dgivningsselskapet, mens Bellona-grunnlegger Hauge if\u00f8lge regnskapene bare har satt inn noen tusenlapper. <\/p>\n<p class=\"_textTheme_1yhmn_1 _paragraph_2e275_4 _paragraph_181bi_27 layout-component layout-normal layout-padded body-medium\">Samtidig eier begge 16 prosent av aksjene og har dermed den samme potensielle gevinst hvis selskapet blir vellykket, p\u00e5peker N\u00e6ss.  <\/p>\n<p class=\"_textTheme_1yhmn_1 _paragraph_2e275_4 _paragraph_181bi_27 layout-component layout-normal layout-padded body-medium\">\u2013 Bellona tar all risikoen. Da tar du egentlig Bellonas penger, og gir dem til deg selv, sier han.<\/p>\n<p> <img alt=\"Frederic Hauge og Sveinung Rotevatn samlet inn 13 millioner p\u00e5 en uke for \u00e5 redde Bellona.\" class=\"_image_4ruhh_84 layout-component layout-normal\" data-fullscreen- data-track-element-type=\"Article image fullscreen\" data-track-name=\"ImageFullscreen\" decoding=\"async\" loading=\"lazy\" height=\"5427\" itemprop=\"image\"  src=\"https:\/\/www.europesays.com\/no\/wp-content\/uploads\/2026\/06\/9142157b-2a7b-3cae-ba54-226ed5a7a00f.jpeg\"  style=\"object-position:0% 0%\" width=\"8141\"\/>Frederic Hauge og Sveinung Rotevatn samlet inn 13 millioner p\u00e5 en uke for \u00e5 redde Bellona. Foto: Ole Berg-Rusten \/ NTBVis mer Har ikke gjort opp milliongjeld <\/p>\n<p class=\"_textTheme_1yhmn_1 _paragraph_2e275_4 _paragraph_181bi_27 layout-component layout-normal layout-padded body-medium\">E24 har tidligere omtalt hvordan <a href=\"https:\/\/e24.no\/energi-og-klima\/i\/GxjLPJ\/laante-ut-ansatte-mangler-betaling-paa-3-9-mill\" class=\"_link_2e275_37\" rel=\"nofollow noopener\" target=\"_blank\">Milj\u00f8stiftelsen Bellona i praksis finansierte oppstarten av Accelerate Capital<\/a>. Det skjedde ved at stiftelsen l\u00e5nte penger til datterselskapet Bellona Holding, som i sin tur l\u00e5nte ut ansatte for minst 7,7 millioner kroner til Accelerate Capital.<\/p>\n<p class=\"_textTheme_1yhmn_1 _paragraph_2e275_4 _paragraph_181bi_27 layout-component layout-normal layout-padded body-medium\">R\u00e5dgivningsselskapet gjorde ikke opp l\u00f8pende, og skylder fortsatt Bellona Holding 3,9 millioner kroner. Det opprinnelige kravet forfalt i 2024. \u00c5ret etter godtok Bellona \u00e5 gj\u00f8re om kravet til et l\u00e5n. <\/p>\n<p class=\"_textTheme_1yhmn_1 _paragraph_2e275_4 _paragraph_181bi_27 layout-component layout-normal layout-padded body-medium\">Samtidig skylder Bellona Holding n\u00e6rmere seks millioner kroner til Milj\u00f8stiftelsen Bellona. Stiftelsen m\u00e5tte nylig <a href=\"https:\/\/e24.no\/energi-og-klima\/i\/bOL3Ed\/skyldte-ti-millioner-til-soesterorganisasjon\" class=\"_link_2e275_37\" rel=\"nofollow noopener\" target=\"_blank\">reddes fra konkurs gjennom en storstilt pengeinnsamling.<\/a><\/p>\n<p class=\"_textTheme_1yhmn_1 _paragraph_2e275_4 _paragraph_181bi_27 layout-component layout-normal layout-padded body-medium\">Accelerate Capitals regnskap for 2025 er ikke klart. If\u00f8lge Hauge viser de forel\u00f8pige tallene en omsetning p\u00e5 40 millioner kroner og fire millioner kroner i overskudd. Hauge sier han tror selskapet vil nedbetalte gjelden til Bellona Holding snart, og i fremtiden vil kunne betalte utbytter til eierne. <\/p>\n<p> Accelerate Capital<\/p>\n<ul class=\"_list_2e275_3 _list_181bi_26 _list_1wris_56 _unordered_2e275_107 _textTheme_1yhmn_1 layout-component layout-normal layout-padded body-small\">\n<li class=\"_item_2e275_67\">Norsk selskap etablert i 2022 som skal hjelpe bedrifter som utvikler klimateknologi med r\u00e5dgivning og \u00e5 finne investorer. <\/li>\n<li class=\"_item_2e275_67\">Finansmannen Tor Svellands Cayman Islands-registrerte selskap Svelland Capital eier en tredjedel av selskapet. Bellona Holding og Frederic Hauge privat eier 16 prosent hver. <\/li>\n<li class=\"_item_2e275_67\">Harald S\u00e6tvedt (daglig leder) og Ole Eikeland er ogs\u00e5 blant eierne. De to jobber sammen i kommunikasjonsbyr\u00e5et CorpCann<\/li>\n<\/ul>\n<p>Vis mer \u2013 H\u00f8y arbeidsinnsats og materielle kostnader <\/p>\n<p class=\"_textTheme_1yhmn_1 _paragraph_2e275_4 _paragraph_181bi_27 layout-component layout-normal layout-padded body-medium\">I regnskapene er det ikke tegn til at de andre eierne i Accelerate Capital har stilt opp med penger, utover 30.000 kroner totalt i aksjekapital. Frederic Hauge er f\u00f8rt opp med aksjene verdt 4.900 kroner.<\/p>\n<p class=\"_textTheme_1yhmn_1 _paragraph_2e275_4 _paragraph_181bi_27 layout-component layout-normal layout-padded body-medium\">Heller ikke N\u00e6ss kan se spor i regnskapene av at de andre eierne har investert mer enn aksjekapitalen.<\/p>\n<p class=\"_textTheme_1yhmn_1 _paragraph_2e275_4 _paragraph_181bi_27 layout-component layout-normal layout-padded body-medium\">Harald S\u00e6tvedt, daglig leder og medeier i Accelerate Capital, skriver i en e-post til E24 at det er feil at Bellona Holding har tatt st\u00f8rstedelen av risikoen i oppbyggingen av Accelerate Capital. <\/p>\n<p class=\"_textTheme_1yhmn_1 _paragraph_2e275_4 _paragraph_181bi_27 layout-component layout-normal layout-padded body-medium\">\u00abAlle gr\u00fcnderne har tatt betydelig risiko (&#8230;) gjennom h\u00f8y arbeidsinnsats og materielle kostnader. Utover det har vi ingen kommentar\u00bb, skriver S\u00e6tvedt.<\/p>\n<p class=\"_textTheme_1yhmn_1 _paragraph_2e275_4 _paragraph_181bi_27 layout-component layout-normal layout-padded body-medium\">Han har ikke svart p\u00e5 E24s sp\u00f8rsm\u00e5l om han eller noen av de andre eierne har bidratt med penger til selskapet, utover aksjekapitalen p\u00e5 30.000 kroner.<\/p>\n<p> <img alt=\"Frederic Hauge er ikke enig i premissene til Robert N\u00e6ss\u2019 kritikk.\" class=\"_image_4ruhh_84 layout-component layout-normal\" data-fullscreen- data-track-element-type=\"Article image fullscreen\" data-track-name=\"ImageFullscreen\" decoding=\"async\" loading=\"lazy\" height=\"5760\" itemprop=\"image\"  src=\"https:\/\/www.europesays.com\/no\/wp-content\/uploads\/2026\/06\/095de538-429a-3bee-81fb-95314725328f.jpeg\"  style=\"object-position:0% 0%\" width=\"8640\"\/>Frederic Hauge er ikke enig i premissene til Robert N\u00e6ss\u2019 kritikk. Foto: Ole Berg-Rusten \/ NTBVis mer  Hauge avviser skjevfordeling <\/p>\n<p class=\"_textTheme_1yhmn_1 _paragraph_2e275_4 _paragraph_181bi_27 layout-component layout-normal layout-padded body-medium\">\u2013 Hadde jeg hatt muligheten til det, skulle jeg gjerne investert mer i Accelerate Capital, sier Hauge til E24. <\/p>\n<p class=\"_textTheme_1yhmn_1 _paragraph_2e275_4 _paragraph_181bi_27 layout-component layout-normal layout-padded body-medium\">Han avviser at Bellona Holding har tatt hele risikoen ved oppbyggingen av r\u00e5dgivningsselskapet han selv er deleier i. <\/p>\n<p class=\"_textTheme_1yhmn_1 _paragraph_2e275_4 _paragraph_181bi_27 layout-component layout-normal layout-padded body-medium\">\u2013 Robert N\u00e6ss er klok nok til \u00e5 starte med en forutsetning. Det er selvf\u00f8lgelig ikke tilfelle at Bellona Holding har b\u00e5ret hele finansieringsbyrden for Accelerate Capital alene. <\/p>\n<p class=\"_textTheme_1yhmn_1 _paragraph_2e275_4 _paragraph_181bi_27 layout-component layout-normal layout-padded body-medium\">Han sier at samtlige medstifterne har jobbet iherdig av opprettelsen av Accelerate Capital for \u00e5 f\u00e5 p\u00e5 plass et levedyktig selskap. <\/p>\n<p class=\"_textTheme_1yhmn_1 _paragraph_2e275_4 _paragraph_181bi_27 layout-component layout-normal layout-padded body-medium\">\u2013 Det var en balansert byrde som aksjon\u00e6rene var omforent om. Det var imidlertid en risiko Bellona Holding var villige til \u00e5 ta, da selskapet hadde stor tro p\u00e5 ideen og folkene bak Accelerate Capital.<\/p>\n<p> If\u00f8lge regnskapet fra 2024 har aksjon\u00e6rene bidratt med f\u00f8lgende finansiering:<\/p>\n<ul class=\"_list_2e275_3 _list_181bi_26 _list_1wris_56 _unordered_2e275_107 _textTheme_1yhmn_1 layout-component layout-normal layout-padded body-small\">\n<li class=\"_item_2e275_67\">Svelland Capital \u2013 9.800 kroner<\/li>\n<li class=\"_item_2e275_67\">Bellona Holding \u2013 5.000 kroner, pluss l\u00e5nt p\u00e5 3,9 millioner kroner<\/li>\n<li class=\"_item_2e275_67\">Alpine Resources AS (eid av daglig leder Harald S\u00e6tvedt) \u2013 4.900 kroner<\/li>\n<li class=\"_item_2e275_67\">Frederic Hauge \u2013 4.900 kroner<\/li>\n<li class=\"_item_2e275_67\">Okamo AS (deleid av Ole Eikeland) \u2013 4900 kroner <\/li>\n<li class=\"_item_2e275_67\">Bapro Holding AS (Eid av COO i Accelerate Capital Vegard Sherling Kristiansen) \u2013 500 kroner<\/li>\n<\/ul>\n<p>Vis mer \u2013 Veldig underlig <\/p>\n<p class=\"_textTheme_1yhmn_1 _paragraph_2e275_4 _paragraph_181bi_27 layout-component layout-normal layout-padded body-medium\">N\u00e6ss kaller tusenlappene de andre eierne if\u00f8lge regnskapene har bidratt med for \u00abpean\u00f8tter\u00bb, sammenlignet med risikoen Bellona Holding har tatt. <\/p>\n<p class=\"_textTheme_1yhmn_1 _paragraph_2e275_4 _paragraph_181bi_27 layout-component layout-normal layout-padded body-medium\">\u2013 Er det en vanlig fordeling av risikoen?<\/p>\n<p class=\"_textTheme_1yhmn_1 _paragraph_2e275_4 _paragraph_181bi_27 layout-component layout-normal layout-padded body-medium\">\u2013 Nei. Det vanlige ville v\u00e6rt \u00e5 forh\u00f8ye aksjekapitalen. Da m\u00e5tte alle aksjon\u00e6rene tatt sin andel av risikoen. Denne fordelingen er veldig underlig. <\/p>\n<p class=\"_textTheme_1yhmn_1 _paragraph_2e275_4 _paragraph_181bi_27 layout-component layout-normal layout-padded body-medium\">\u2013 Er det underlig selv om det er et l\u00e5n? <\/p>\n<p class=\"_textTheme_1yhmn_1 _paragraph_2e275_4 _paragraph_181bi_27 layout-component layout-normal layout-padded body-medium\">\u2013 Hvem vil l\u00e5ne penger til et selskap som starter opp med 30.000 i kapitalkreditt? Hvis det ikke finnes kontrakter som garanterer inntekter, er det sv\u00e6rt uvanlig med s\u00e5 store l\u00e5n til et nystartet selskap. <\/p>\n<p class=\"_textTheme_1yhmn_1 _paragraph_2e275_4 _paragraph_181bi_27 layout-component layout-normal layout-padded body-medium\"><strong class=\"_strong_2e275_25\">Hauge har tidligere sagt til E24 at det nettopp fantes en stor kontrakt \u2013 med selskapet Superior Graphite \u2013 som if\u00f8lge Hauge ga store penger i kassen for Accelerate Capital i 2025. <\/strong><\/p>\n<p> <img alt=\"N\u00e6ss sier at risikostrukturen han finner i regnskapene til Bellona er \u00abunderlig\u00bb.\" class=\"_image_4ruhh_84 layout-component layout-normal\" data-fullscreen- data-track-element-type=\"Article image fullscreen\" data-track-name=\"ImageFullscreen\" decoding=\"async\" loading=\"lazy\" height=\"6018\" itemprop=\"image\"  src=\"https:\/\/www.europesays.com\/no\/wp-content\/uploads\/2026\/06\/21d4044d-2ef1-3a10-b420-702ac6c08fd7.jpeg\"  style=\"object-position:0% 0%\" width=\"8949\"\/>N\u00e6ss sier at risikostrukturen han finner i regnskapene til Bellona er \u00abunderlig\u00bb. Foto: Ole Berg-Rusten \/ NTBVis mer \u2013 R\u00f8dt flagg <\/p>\n<p class=\"_textTheme_1yhmn_1 _paragraph_2e275_4 _paragraph_181bi_27 layout-component layout-normal layout-padded body-medium\">N\u00e6ss reagerer ogs\u00e5 p\u00e5 at Frederic Hauge er styremedlem i Bellona Holding, samtidig som han er eier og styremedlem i Accelerate Capital. <\/p>\n<p class=\"_textTheme_1yhmn_1 _paragraph_2e275_4 _paragraph_181bi_27 layout-component layout-normal layout-padded body-medium\">N\u00e6ss forvalter selv flerfoldige milliarder for flere av fondene til Nordea, og sier at han selv ikke kan parallellinvestere Situasjoner der investorer skyter inn kapital ved siden av et st\u00f8rre oppkj\u00f8psfond eller en hovedinvestor i samme selskap. Det gj\u00f8res for \u00e5 spre risiko, oppn\u00e5 bedre avkastning uten h\u00f8ye forvaltningsgebyrer, eller f\u00e5 tilgang til eksklusive prosjekter.i selskapene fondene hans har posisjoner i. <\/p>\n<p class=\"_textTheme_1yhmn_1 _paragraph_2e275_4 _paragraph_181bi_27 layout-component layout-normal layout-padded body-medium\">\u2013 Hadde jeg gjort det, s\u00e5 m\u00e5tte jeg nok funnet meg en ny jobb. I andre selskaper er de friere, men da skal det investeres p\u00e5 eksakt samme vilk\u00e5r. Det \u00e5 parallellinvestere og gi deg selv bedre vilk\u00e5r, er absolutt et r\u00f8dt flagg alle steder. <\/p>\n<p class=\"_textTheme_1yhmn_1 _paragraph_2e275_4 _paragraph_181bi_27 layout-component layout-normal layout-padded body-medium\">Hauge var med \u00e5 grunnlegge Milj\u00f8stiftelsen Bellona for 40 \u00e5r siden og har stor makt i organisasjonen. Han er for tiden styreleder i stiftelsen, der vedtektene gir ham alene myndighet til \u00e5 velge flertallet av styremedlemmene, inkludert styreleder. Han er ogs\u00e5 styremedlem i Bellona Holding og i Accelerate Capital. <\/p>\n<p> Avviser interessekonflikt <\/p>\n<p class=\"_textTheme_1yhmn_1 _paragraph_2e275_4 _paragraph_181bi_27 layout-component layout-normal layout-padded body-medium\">Hauge sier han har passet p\u00e5 at alle vurderinger relatert til drift, verdsettelse av fordringer og fordeling av utbytter har v\u00e6rt h\u00e5ndtert av n\u00f8ytrale parter. <\/p>\n<p class=\"_textTheme_1yhmn_1 _paragraph_2e275_4 _paragraph_181bi_27 layout-component layout-normal layout-padded body-medium\">\u2013 Accelerate\u00a0Capital har et profesjonelt og godt balansert styre som ivaretar alle aksjon\u00e6rers interesse. Tilsvarende har disposisjoner i Bellona\u00a0Holding\u00a0v\u00e6rt h\u00e5ndtert av et styre best\u00e5ende av dav\u00e6rende styreleder samt daglig leder for Milj\u00f8stiftelsen Bellona \u2013 som ivaretok milj\u00f8stiftelsens interesser.<\/p>\n<p class=\"_textTheme_1yhmn_1 _paragraph_2e275_4 _paragraph_181bi_27 layout-component layout-normal layout-padded body-medium\">Hauge har tidligere sagt at han meldte seg inhabil da Bellona Holding i 2025, med milj\u00f8stiftelsens godkjenning, godtok \u00e5 gj\u00f8re om kravet mot Accelerate Capital fra leverand\u00f8rgjeld til et l\u00e5n. <\/p>\n<p class=\"_textTheme_1yhmn_1 _paragraph_2e275_4 _paragraph_181bi_27 layout-component layout-normal layout-padded body-medium\">If\u00f8lge Hauge ble det gjort for \u00e5 gi r\u00e5dgivningsselskapet n\u00f8dvendig tid til \u00e5 bygge seg opp, i stedet for \u00e5 presse frem en mulig konkurs der Bellona Holding risikerte \u00e5 tape kravet p\u00e5 3,9 millioner kroner.<\/p>\n<p class=\"_textTheme_1yhmn_1 _paragraph_2e275_4 _paragraph_181bi_27 layout-component layout-normal layout-padded body-medium\"><strong class=\"_strong_2e275_25\">Hauge har tidligere understreket at r\u00e5dgivningsselskapet er en langsiktig satsing, som han tror og h\u00e5per vil l\u00f8nne seg for eierne. <\/strong><\/p>\n<p class=\"_textTheme_1yhmn_1 _paragraph_2e275_4 _paragraph_181bi_27 layout-component layout-normal layout-padded body-medium\">\u2013 Accelerate Capital har en bred portef\u00f8lje og har oppn\u00e5dd betydelige resultater som gir forh\u00e5pninger om utbytte i fremtiden.   <\/p>\n<p class=\"_textTheme_1yhmn_1 _paragraph_2e275_4 _paragraph_181bi_27 layout-component layout-normal layout-padded body-medium\"><strong class=\"_strong_2e275_25\">Dersom det er riktig at Accelerate Capital faktisk har kommet over \u00abkneiken\u00bb, mener N\u00e6ss det gj\u00f8r sp\u00f8rsm\u00e5let om risikofordelingen enda mer interessant.<\/strong><\/p>\n<p class=\"_textTheme_1yhmn_1 _paragraph_2e275_4 _paragraph_181bi_27 layout-component layout-normal layout-padded body-medium\">\u2013 Hvis selskapet n\u00e5 er blitt verdifullt, s\u00e5 er det de som tok minst risiko som kan sitte igjen med den beste investeringen. De kan sitte igjen med millionverdier og har investert noen f\u00e5 tusen kroner, sier N\u00e6ss.<\/p>\n<p class=\"_textTheme_1yhmn_1 _paragraph_2e275_4 _paragraph_181bi_27 layout-component layout-normal layout-padded body-medium\">\u2013 Bra business?<\/p>\n<p class=\"_textTheme_1yhmn_1 _paragraph_2e275_4 _paragraph_181bi_27 layout-component layout-normal layout-padded body-medium\">\u2013 Ja, da har du gjort en veldig god investering. Avkastningen kan bli grei for Bellona ogs\u00e5, men p\u00e5 langt n\u00e6r s\u00e5 god som for de andre eierne. <\/p>\n","protected":false},"excerpt":{"rendered":"\u2013 Hvis virkeligheten er slik det ser ut fra regnskapene, s\u00e5 virker det som at de andre har&hellip;\n","protected":false},"author":2,"featured_media":273688,"comment_status":"","ping_status":"","sticky":false,"template":"","format":"standard","meta":{"footnotes":"","_share_on_mastodon":"0"},"categories":[56],"tags":[10622,60,61,1792,62,30,28,29,6001],"class_list":["post-273687","post","type-post","status-publish","format-standard","has-post-thumbnail","category-naeringsliv","tag-bellona","tag-business","tag-economy","tag-frederic-hauge","tag-naeringsliv","tag-no","tag-norge","tag-norway","tag-robert-naess"],"share_on_mastodon":{"url":"https:\/\/pubeurope.com\/@no\/116793029126196866","error":""},"_links":{"self":[{"href":"https:\/\/www.europesays.com\/no\/wp-json\/wp\/v2\/posts\/273687","targetHints":{"allow":["GET"]}}],"collection":[{"href":"https:\/\/www.europesays.com\/no\/wp-json\/wp\/v2\/posts"}],"about":[{"href":"https:\/\/www.europesays.com\/no\/wp-json\/wp\/v2\/types\/post"}],"author":[{"embeddable":true,"href":"https:\/\/www.europesays.com\/no\/wp-json\/wp\/v2\/users\/2"}],"replies":[{"embeddable":true,"href":"https:\/\/www.europesays.com\/no\/wp-json\/wp\/v2\/comments?post=273687"}],"version-history":[{"count":0,"href":"https:\/\/www.europesays.com\/no\/wp-json\/wp\/v2\/posts\/273687\/revisions"}],"wp:featuredmedia":[{"embeddable":true,"href":"https:\/\/www.europesays.com\/no\/wp-json\/wp\/v2\/media\/273688"}],"wp:attachment":[{"href":"https:\/\/www.europesays.com\/no\/wp-json\/wp\/v2\/media?parent=273687"}],"wp:term":[{"taxonomy":"category","embeddable":true,"href":"https:\/\/www.europesays.com\/no\/wp-json\/wp\/v2\/categories?post=273687"},{"taxonomy":"post_tag","embeddable":true,"href":"https:\/\/www.europesays.com\/no\/wp-json\/wp\/v2\/tags?post=273687"}],"curies":[{"name":"wp","href":"https:\/\/api.w.org\/{rel}","templated":true}]}}