{"id":27415,"date":"2025-09-05T05:50:00","date_gmt":"2025-09-05T05:50:00","guid":{"rendered":"https:\/\/www.europesays.com\/no\/27415\/"},"modified":"2025-09-05T05:50:00","modified_gmt":"2025-09-05T05:50:00","slug":"nordea-okonomi-nordea-med-dyster-rentebeskjed","status":"publish","type":"post","link":"https:\/\/www.europesays.com\/no\/27415\/","title":{"rendered":"Nordea, \u00d8konomi | Nordea med dyster rentebeskjed"},"content":{"rendered":"\n<p>(<a href=\"https:\/\/www.nettavisen.no\/okonomi\/nordea-med-dyster-rentebeskjed\/s\/5-95-2597235\" rel=\"Follow nofollow noopener\" target=\"_blank\">Nettavisen<\/a>) \u2013 Husholdningenes \u00f8konomiske situasjon er langt bedre enn inntrykket skapt av media, konkluderer sjef\u00f8konom Kjetil Olsen i Nordea Markets i den nye oppdateringen fra meglerhuset..<\/p>\n<p>Der fastsl\u00e5r han og seniorstrateg Sara Midtgard at norsk \u00f8konomi g\u00e5r betydelig bedre enn ventet.<\/p>\n<p><b>Det betyr at Norges Bank trolig ikke kommer til \u00e5 kutte renten mye fremover, og at vi trolig m\u00e5 n\u00f8ye oss med ett eneste rentekutt til. Styringsrenten blir dermed liggende p\u00e5 fire prosent i overskuelig fremtid.<\/b><\/p>\n<p>Det er i s\u00e5 fall sv\u00e6rt d\u00e5rlig nytt for nordmenn med mye boligl\u00e5n, som har h\u00e5pet \u00e5 f\u00e5 en mindre trang \u00f8konomisk hverdag.<\/p>\n<p>Mye penger i l\u00f8nnsoppgj\u00f8ret<\/p>\n<p>Nordea-\u00f8konomiene forklarer konklusjonen sin med at folk har f\u00e5tt bedre r\u00e5d gjennom h\u00f8y l\u00f8nnsvekst og lav arbeidsledighet, og det har gitt \u00f8kt forbruk. Samtidig bruker staten mye penger i budsjettene.<\/p>\n<p>Men rentesp\u00e5dommen er stikk i strid med det andre storbanker mener. Danske Bank venter blant annet fem rentekutt innen utgangen av neste \u00e5r.<\/p>\n<p>\u00d8kt kj\u00f8pekraft blant husholdningene og dermed \u00f8kt privat konsum, er den viktigste grunnen til de d\u00e5rlige utsiktene for rentekutt, if\u00f8lge Nordea. Fjor\u00e5rets l\u00f8nnsoppgj\u00f8r ga en historisk h\u00f8y vekst i reall\u00f8nningene.<\/p>\n<p>\u2013 I fjor hadde vi en reell l\u00f8nnsvekst p\u00e5 2,2 prosent. Det er det lenge siden vi har sett, sier Olsen p\u00e5 pressekonferanse i forbindelse med rapporten.<\/p>\n<p>Nordea venter at \u00e5rets l\u00f8nnsoppgj\u00f8r bidrar til at kj\u00f8pekraften \u00f8ker solid ogs\u00e5 i 2025. Vi har allerede f\u00e5tt ett rentekutt og det kommer trolig ett til f\u00f8r \u00e5ret er omme, skriver \u00f8konomiene.<\/p>\n<p>Selv om prisveksten har falt siden toppen i 2023, ser fallet ut til \u00e5 stoppe opp. Nordea viser at inflasjonen ligger fortsatt rundt tre prosent, alts\u00e5 klart over m\u00e5let til Norges Bank p\u00e5 to.<\/p>\n<p>Grunnen er f\u00f8rst og fremst h\u00f8ye l\u00f8nnsoppgj\u00f8r. N\u00e5r l\u00f8nningene stiger mye, \u00f8ker kostnadene for bedriftene \u2013 og til slutt ogs\u00e5 prisene vi betaler i butikken.<\/p>\n<p>Dagens renteniv\u00e5 er ikke s\u00e5 h\u00f8yt likevel<\/p>\n<p>De siste \u00e5rene har l\u00f8nningene vokst med rundt 5 prosent i \u00e5ret. Tall for f\u00f8rste halv\u00e5r i \u00e5r tyder p\u00e5 at det samme skjer i 2025. Dermed er det lite som trekker prisveksten mye ned.<\/p>\n<p>\u2013 N\u00e5r \u00f8konomien g\u00e5r godt, blir det vanskelig \u00e5 forsvare store rentekutt. Nordea venter derfor at styringsrenten bare settes ned \u00e9n gang til i \u00e5r, til 4 prosent, og at den blir liggende der i lang tid, skriver Nordea-\u00f8konomene.<\/p>\n<p>Lavere rente og h\u00f8yere l\u00f8nninger har allerede gitt fart i boligmarkedet. Prisene har steget med 5,5 prosent det siste \u00e5ret. Nordea tror boligprisene kan \u00f8ke med rundt 20 prosent de neste tre \u00e5rene \u2013 og enda mer hvis Norges Bank skulle kutte renten oftere enn ventet.<\/p>\n<p><b>Norges Bank har tidligere sagt at renten skal gradvis ned mot et mer \u00abnormalt niv\u00e5\u00bb. Men Nordea mener hva som egentlig er normalt, er usikkert. N\u00e5r forbruket \u00f8ker, boligprisene stiger og staten bruker mye penger, er det slett ikke sikkert at dagens rente p\u00e5 4,25 prosent er s\u00e6rlig h\u00f8y, if\u00f8lge Olsen og Midtgard.<\/b><\/p>\n<p>    Vil du se neste video?<\/p>\n<p>    <a href=\"https:\/\/www.sa.no\/bli-med-pa-vorset-til-ole-petter\/v\/5-46-1876357\" class=\"recommend-poster\" data-adp-clicklabel=\"video-recommend\" data-adp-clickvalue=\"poster\" rel=\"nofollow noopener\" target=\"_blank\"><br \/>\n      <img decoding=\"async\" width=\"200\" height=\"200\" loading=\"lazy\" src=\"https:\/\/www.europesays.com\/no\/wp-content\/uploads\/2025\/09\/v-i-dc3e2502-2d3f-4e84-a5f4-5b3c7d927714-1.jpg\" alt=\"\" class=\"brick-c-cFOWSL\" style=\"--brick-image-ratio: 200 \/ 200;\"\/><\/p>\n<p>Bli med p\u00e5 vorset til Ole Petter0:24<\/p>\n<p>    <\/a><\/p>\n","protected":false},"excerpt":{"rendered":"(Nettavisen) \u2013 Husholdningenes \u00f8konomiske situasjon er langt bedre enn inntrykket skapt av media, konkluderer sjef\u00f8konom Kjetil Olsen i&hellip;\n","protected":false},"author":2,"featured_media":27416,"comment_status":"","ping_status":"","sticky":false,"template":"","format":"standard","meta":{"footnotes":""},"categories":[56],"tags":[36,60,61,62,30,4429,28,29,572,1510,1788],"class_list":{"0":"post-27415","1":"post","2":"type-post","3":"status-publish","4":"format-standard","5":"has-post-thumbnail","7":"category-naeringsliv","8":"tag-art","9":"tag-business","10":"tag-economy","11":"tag-naeringsliv","12":"tag-no","13":"tag-nordea","14":"tag-norge","15":"tag-norway","16":"tag-okonomi","17":"tag-story","18":"tag-styringsrente"},"share_on_mastodon":{"url":"","error":""},"_links":{"self":[{"href":"https:\/\/www.europesays.com\/no\/wp-json\/wp\/v2\/posts\/27415","targetHints":{"allow":["GET"]}}],"collection":[{"href":"https:\/\/www.europesays.com\/no\/wp-json\/wp\/v2\/posts"}],"about":[{"href":"https:\/\/www.europesays.com\/no\/wp-json\/wp\/v2\/types\/post"}],"author":[{"embeddable":true,"href":"https:\/\/www.europesays.com\/no\/wp-json\/wp\/v2\/users\/2"}],"replies":[{"embeddable":true,"href":"https:\/\/www.europesays.com\/no\/wp-json\/wp\/v2\/comments?post=27415"}],"version-history":[{"count":0,"href":"https:\/\/www.europesays.com\/no\/wp-json\/wp\/v2\/posts\/27415\/revisions"}],"wp:featuredmedia":[{"embeddable":true,"href":"https:\/\/www.europesays.com\/no\/wp-json\/wp\/v2\/media\/27416"}],"wp:attachment":[{"href":"https:\/\/www.europesays.com\/no\/wp-json\/wp\/v2\/media?parent=27415"}],"wp:term":[{"taxonomy":"category","embeddable":true,"href":"https:\/\/www.europesays.com\/no\/wp-json\/wp\/v2\/categories?post=27415"},{"taxonomy":"post_tag","embeddable":true,"href":"https:\/\/www.europesays.com\/no\/wp-json\/wp\/v2\/tags?post=27415"}],"curies":[{"name":"wp","href":"https:\/\/api.w.org\/{rel}","templated":true}]}}