{"id":274464,"date":"2026-06-23T02:10:16","date_gmt":"2026-06-23T02:10:16","guid":{"rendered":"https:\/\/www.europesays.com\/no\/274464\/"},"modified":"2026-06-23T02:10:16","modified_gmt":"2026-06-23T02:10:16","slug":"okonomi-og-naeringsliv-kultur-solormartn-pa-flisa-i-asnes-i-innlandet-trekker-mye-folk","status":"publish","type":"post","link":"https:\/\/www.europesays.com\/no\/274464\/","title":{"rendered":"\u00d8konomi og n\u00e6ringsliv, Kultur | Sol\u00f8rMart`n p\u00e5 Flisa i \u00c5snes i Innlandet trekker mye folk"},"content":{"rendered":"\n<p>Det blir Sol\u00f8rMart&#8217;n p\u00e5 Flisa med fullt kj\u00f8r i fire dager siste helga i juni.<\/p>\n<p>Men det blir noen endringer i opplegget\u00a0<\/p>\n<p>Blant annet blir ikke hele gata brukt denne gangen.<\/p>\n<p>\u2013 Det er en spesiell grunn til det. Vi skal evaluere i etterkant. Kanskje flytter vi tilbake til slik det har v\u00e6rt i flere ti\u00e5r. Kanskje fortsetter vi som i \u00e5r, sier lederen i arrangementsselskapet, Odd Erland Dalen.<\/p>\n<p>De som i \u00e5r risikerer mindre trafikk til sine virksomheter, \u00f8nsker ikke \u00e5 kommentere dette.<\/p>\n<p>Derfor endres det<\/p>\n<p>Sol\u00f8rMart&#8217;n starter alltid p\u00e5 en torsdag med en gratiskonsert for alle som \u00f8nsker \u00e5 oppleve den.<\/p>\n<p>Det handler om mange tusen personer.\u00a0<\/p>\n<p>Konserten g\u00e5r alltid p\u00e5 den store scenen som i mange \u00e5r har st\u00e5tt i nedre del av Kaffegata.<\/p>\n<p>   <img decoding=\"async\" width=\"5159\" height=\"3004\" fetchpriority=\"low\"  loading=\"lazy\"  src=\"https:\/\/www.europesays.com\/no\/wp-content\/uploads\/2026\/06\/DSC05992.JPG\" alt=\"\" class=\"brick-c-cFOWSL\" style=\"--brick-image-ratio: 5159 \/ 3004;\"\/><\/p>\n<p>      KLARE: Arrangementsjef Odd Erland Dalen, til h\u00f8yre, og Steinar Vestby i martnscrevet er i gang med \u00e5 minne folk om Sol\u00f8rMart`n.<br \/>\n      Foto: Sverre Viggen\n    <\/p>\n<p>Der har det alltid v\u00e6rt en imponerende folkemasse.<\/p>\n<p>N\u00e5 flyttes storscenen til omr\u00e5det mellom Victoria Hotell og Kiwi.<\/p>\n<p><b>\u2013 Hvorfor denne endringen og flytting av den store scenen?<\/b><\/p>\n<p>\u2013 Det er en grunn til det. Norge spiller sin siste gruppekamp klokka 21.00 mart&#8217;nfredagen. Jeg \u00f8nsket egentlig \u00e5 plassere scenen helt opp mot rundkj\u00f8ringa, men da m\u00e5tte fire \u2013 til fem lindetr\u00e6r i s\u00e5 fall vekk. S\u00e5 slik blir det ikke.\u00a0<\/p>\n<p>\u2013 Vi skal ha en storskjerm som viser Norge \u2013 Frankrike. Det er en skjerm p\u00e5 sju \u2013 ganger fire meter og skal plasseres p\u00e5 siden av scenen. Mellom Victoria Hotell og Kiwi er det plass nok, sier arrangementssjef Odd Erland Dalen til \u00d8stlendingen.<\/p>\n<p>Han h\u00e5per at VM-kampen skal gj\u00f8re at folk blir p\u00e5 Mart&#8217;n ogs\u00e5 n\u00e5r kampen spilles i stedet for \u00e5 se den hjemme hos seg selv.<\/p>\n<p><b>\u2013 Har du f\u00e5tt reaksjoner p\u00e5 flyttingen av scenen?<\/b><\/p>\n<p>\u2013 Noen vil sikkert reagere p\u00e5 det. Vi skal, som sagt, evaluere det hele i etterkant, sier Dalen.<\/p>\n<p>Dette skjer<\/p>\n<p>Ellers blir det som vanlig fire dager, kvelder og netter med et omfattende program.<\/p>\n<p>Butikkene blir \u00e5pne fra morgen til 21.00 p\u00e5 kvelden. Det betyr at det ikke blir natt\u00e5pent fram til midnatt slik det tidligere har v\u00e6rt.\u00a0<\/p>\n<p>S\u00f8ndag er det \u00e5pne forretninger i fire timer fram til 16.00.<\/p>\n<p>Kaffegata blir stengt fra rundkj\u00f8ringa og halvvegs nedover.\u00a0<\/p>\n<p>\u2013 Bergstr\u00f8ms tivoli kommer med sitt barnetivoli og vil v\u00e6re plassert p\u00e5 siden av Stormarkedet. Det er karnevalstog fra Snacksen til rundkj\u00f8ringa. Vi har mye for barn og ungdom, blant annet med diskotek l\u00f8rdag kveld.<\/p>\n<p>\u2013 Det b\u00f8r v\u00e6re litt for de fleste med b\u00e5de lokale artister og flere utenfra, sier Dalen.<\/p>\n<p>F\u00f8r \u00e5pningskonserten torsdag 25. juni med Espen Lind, skal et lokalt stortalent innta scene.\u00a0<\/p>\n<p>   <img decoding=\"async\" width=\"5275\" height=\"3648\" fetchpriority=\"low\"  loading=\"lazy\"  src=\"https:\/\/www.europesays.com\/no\/wp-content\/uploads\/2026\/06\/d670ac56-273e-41bd-8ce2-9c0bee27f922.jpg\" alt=\"\" class=\"brick-c-cFOWSL\" style=\"--brick-image-ratio: 5275 \/ 3648;\"\/><\/p>\n<p>      GRUGLEDER SEG: Linnea Gunnarsrud Lauten skal varme opp publikum til konserten med Espen Lind.<br \/>\n      Foto: Sverre Viggen\n    <\/p>\n<p>Linnea Gunnarsrud Lauten vant en talentkonkurranse under Helt ville dager p\u00e5 Skansen for to uker siden.<\/p>\n<p>Hun skal varme opp til Lind-konserten sammen med bandet til Espen Lind.<\/p>\n<p>Omfattende program<\/p>\n<p>Det er i hele tatt et veldig omfattende program for de fire martnsdagene.<\/p>\n<p>* Torsdag er det handel fra morgen til kveld i forretningene og i boder langs gata.<\/p>\n<p>* Tivoliet for de sm\u00e5 er p\u00e5 plass.<\/p>\n<p>* Det nye martnastoget kj\u00f8rer alle dager.<\/p>\n<p>* Det er karnevalsopptog.<\/p>\n<p>* Ordf\u00f8rer Einar Toverud og styremedlem i Handelssenteret, Morten Botilsrud, \u00e5pner mart`n. Det skjer p\u00e5 storscenen.<\/p>\n<p>* Fredag fortsetter det med milj\u00f8dag med Sol\u00f8r Renovasjon, underholdning p\u00e5 flere scener. Blant annet kommer Trygve Viking hjem med sang og musikk.<\/p>\n<p>* Det er stor byggevareauksjon p\u00e5 storscenen. Gausdal Landhandleri st\u00e5r for den. Det skal auksjoners ut varer for rundt 750.000 kroner.<\/p>\n<p>* Ungdomshuset er \u00e5pent.<\/p>\n<p>* Og det er VM-kamp mellom Norge og Frankrike p\u00e5 storskjerm ved storscenen.<\/p>\n<p>* L\u00f8rdag er det blant mye utstilling av veterankj\u00f8ret\u00f8y og diskotek for de unge.<\/p>\n<p>* S\u00f8ndag er det vennebyen show. Hanne Mette er p\u00e5 storscenen, og det hele avsluttes med konsert med bandet Trond Erics.<\/p>\n<p> Dette er et utdrag av det som skjer under Sol\u00f8rMart`n.<\/p>\n","protected":false},"excerpt":{"rendered":"Det blir Sol\u00f8rMart&#8217;n p\u00e5 Flisa med fullt kj\u00f8r i fire dager siste helga i juni. Men det blir&hellip;\n","protected":false},"author":2,"featured_media":274465,"comment_status":"","ping_status":"","sticky":false,"template":"","format":"standard","meta":{"footnotes":"","_share_on_mastodon":"0"},"categories":[58],"tags":[36,575,71,410,30,28,29,14,216,478,1510,72],"class_list":["post-274464","post","type-post","status-publish","format-standard","has-post-thumbnail","category-underholdning","tag-art","tag-asnes","tag-entertainment","tag-kultur","tag-no","tag-norge","tag-norway","tag-nyheter","tag-okonomi-og-naeringsliv","tag-solor","tag-story","tag-underholdning"],"share_on_mastodon":{"url":"https:\/\/pubeurope.com\/@no\/116796996406094389","error":""},"_links":{"self":[{"href":"https:\/\/www.europesays.com\/no\/wp-json\/wp\/v2\/posts\/274464","targetHints":{"allow":["GET"]}}],"collection":[{"href":"https:\/\/www.europesays.com\/no\/wp-json\/wp\/v2\/posts"}],"about":[{"href":"https:\/\/www.europesays.com\/no\/wp-json\/wp\/v2\/types\/post"}],"author":[{"embeddable":true,"href":"https:\/\/www.europesays.com\/no\/wp-json\/wp\/v2\/users\/2"}],"replies":[{"embeddable":true,"href":"https:\/\/www.europesays.com\/no\/wp-json\/wp\/v2\/comments?post=274464"}],"version-history":[{"count":0,"href":"https:\/\/www.europesays.com\/no\/wp-json\/wp\/v2\/posts\/274464\/revisions"}],"wp:featuredmedia":[{"embeddable":true,"href":"https:\/\/www.europesays.com\/no\/wp-json\/wp\/v2\/media\/274465"}],"wp:attachment":[{"href":"https:\/\/www.europesays.com\/no\/wp-json\/wp\/v2\/media?parent=274464"}],"wp:term":[{"taxonomy":"category","embeddable":true,"href":"https:\/\/www.europesays.com\/no\/wp-json\/wp\/v2\/categories?post=274464"},{"taxonomy":"post_tag","embeddable":true,"href":"https:\/\/www.europesays.com\/no\/wp-json\/wp\/v2\/tags?post=274464"}],"curies":[{"name":"wp","href":"https:\/\/api.w.org\/{rel}","templated":true}]}}