{"id":274537,"date":"2026-06-23T04:45:12","date_gmt":"2026-06-23T04:45:12","guid":{"rendered":"https:\/\/www.europesays.com\/no\/274537\/"},"modified":"2026-06-23T04:45:12","modified_gmt":"2026-06-23T04:45:12","slug":"ukraina-lanserer-trophylab-skal-dele-informasjon-om-russiske-vapen","status":"publish","type":"post","link":"https:\/\/www.europesays.com\/no\/274537\/","title":{"rendered":"Ukraina lanserer Trophylab: Skal dele informasjon om russiske v\u00e5pen"},"content":{"rendered":"<p class=\"kicker t16 tm16\" style=\"\">Nasjonal sikkerhet<\/p>\n<p class=\"subtitle font-NotoSans\" style=\"\">\u2013 Hvert eneste missil, hver eneste drone og hvert eneste kj\u00f8ret\u00f8y som beslaglegges p\u00e5 slagmarken, er n\u00e5 en kilde til kunnskap for den frie verden, sier Ukrainas forsvarsminister Mykhailo Fedorov.<\/p>\n<p>\n        Slik illustreres tjenesten i en video Fedorov har delt p\u00e5 X<br \/>\n        @FedorovMykhailo \/ X\n    <\/p>\n<p>Siden Russland gikk til fullskala krig mot Ukraina for snart fire og et halvt \u00e5r siden, har utviklingen av forsvarsrelatert teknologi skutt i v\u00e6ret i det krigsherjede landet.\u00a0<\/p>\n<p>N\u00e5 lanserer det ukrainske forsvarsdepartementet tjenesten Trophylab, som lar allierte forskere, ingeni\u00f8rer og selskaper gj\u00f8re digitale dypdykk i russisk milit\u00e6rteknologi<\/p>\n<p>\u2013 Vi gir v\u00e5re globale partnere tilgang til russisk v\u00e5penteknologi. Hvert eneste missil, hver eneste drone og hvert eneste kj\u00f8ret\u00f8y som beslaglegges p\u00e5 slagmarken, er n\u00e5 en kilde til kunnskap for den frie verden, skriver Ukrainas forsvarsminister Mykhailo Fedorov p\u00e5 <a href=\"https:\/\/x.com\/FedorovMykhailo\/status\/2067899181025390853\" target=\"_blank\" rel=\"nofollow\">X<\/a>.<\/p>\n<p>Les ogs\u00e5:\u00a0<a href=\"https:\/\/www.abcnyheter.no\/nyheter\/ukrainsk-kampfly-krasjet-under-skarpt-oppdrag-to-omkom\/1579116\" target=\"_blank\" class=\"font-weight-bold m-font-weight-bold \" rel=\"nofollow noopener\">Ukrainsk kampfly krasjet under skarpt oppdrag<\/a><\/p>\n<p>If\u00f8lge Trophylabs egne nettsider er m\u00e5let med tjenesten \u00e5 gj\u00f8re beslaglagt russisk materiell til et vekstpunkt for ingeni\u00f8rer og teknologiutviklere verden over.\u00a0<\/p>\n<p>\u00abDette er et rom for ingeni\u00f8rer, forskere, laboratorier og internasjonale partnere som jobber for \u00e5 gi Ukraina og landets allierte et teknologisk forsprang\u00bb.<\/p>\n<p>                <img decoding=\"async\" src=\"https:\/\/www.europesays.com\/no\/wp-content\/uploads\/2026\/06\/1583576.webp\" width=\"480\" height=\"274\" alt=\"\" loading=\"lazy\" style=\"\"\/><\/p>\n<p>\n            Dette er hva som m\u00f8ter deg om du g\u00e5r inn p\u00e5 Trophylabs hjemmesider. Hvordan nettsiden ser ut etter at man har f\u00e5tt tilgang er ikke ABC Nyheter kjent med.<br \/>\n            Skjermdump Trophylab\n        <\/p>\n<p>Dette er Trophylab<\/p>\n<p>Trophylab er en nettside der akt\u00f8rer kan s\u00f8ke om \u00e5 f\u00e5 digital tilgang til informasjon om over 115 former for beslaglagte russiske v\u00e5pen materiell fordelt p\u00e5 79 kategorier.\u00a0<\/p>\n<p>Blant kategoriene finner vi blant annet fly, stridsvogner, missiler, droner, h\u00e5ndv\u00e5pen og materiell og teknologi knyttet til elektronisk krigf\u00f8ring.\u00a0<\/p>\n<p>Missiler, Shahed-droner og T-90-stridsvogner er av eksemplene som vises fram p\u00e5 nettsiden. Brukere kan se blant annet tegninger, detaljert teknisk data, rapporter, svakheter og funn fra ukrainske statlige laboratorier og etterretningstjenester.\u00a0<\/p>\n<p>        <a itemprop=\"url\" class=\"\" href=\"https:\/\/www.abcnyheter.no\/nyheter\/tysk-toppgeneral-advarer-russland-vi-vil-sette-inn-alt-vi-har\/1579366\" data-k5a-url=\"https:\/\/www.abcnyheter.no\/a\/1579366\" rel=\"nofollow noopener\" target=\"_blank\"><\/p>\n<p>                Tysk toppgeneral advarer Russland<\/p>\n<p itemprop=\"section\" class=\"section\" data-tag=\"nyheter\">nyheter<\/p>\n<p>        <\/a><\/p>\n<p>\u00abVi samler data, pr\u00f8ver og forskning fra ulike institusjoner for \u00e5 skape et samlet kunnskapsrom om aggressorens teknologier\u00bb, st\u00e5r det skrevet p\u00e5 Trophylab-nettsiden.<\/p>\n<p>\u2013 Brukere kan ogs\u00e5 be om fysisk utstyr til testing, skriver Fedorov p\u00e5 X, som p\u00e5peker at teknologien kan gj\u00f8re det enklere \u00e5 raskt utvikle mottiltak mot russiske v\u00e5pen.<\/p>\n<p>Akt\u00f8rer m\u00e5 s\u00f8ke om \u00e5 f\u00e5 tilgang til dataen.\u00a0<\/p>\n<p>\u00abVi ser for oss en fremtid der utenlandske partnere utvikler l\u00f8sninger sammen med Ukraina, uten frykt for press fra Russland\u00bb.<\/p>\n<p>                <img decoding=\"async\" src=\"https:\/\/www.europesays.com\/no\/wp-content\/uploads\/2026\/06\/1583618.webp\" width=\"480\" height=\"274\" alt=\"\" loading=\"lazy\" style=\"\"\/><\/p>\n<p>\n            Ukrainas forsvarsminister Mykhailo Fedorov sammen med Nato-sjef Mark Rutte.<br \/>\n            Geert Vanden Wijngaert \/ AP \/ NTB\n        <\/p>\n<p>Deler KI-data fra slagmarken: \u2013 F\u00f8rste i verden<\/p>\n<p>Tidligere i \u00e5r ga Ukraina utenlandske partnere og forsvarsbedrifter tilgang til en <a href=\"https:\/\/www.abcnyheter.no\/nyheter\/ukraina-deler-ki-data-fra-slagmarken-forste-i-verden\/1474342\" target=\"_blank\" rel=\"nofollow noopener\">stor samling av stridsdata for \u00e5 kunne utvikle KI-modeller til autonome dronesystemer<\/a>. Da tjenesten ble lansert i mars omtalte Ukrainas forsvarsminister Mykhailo Fedorov initiativet som \u00abdet f\u00f8rste i verden av sitt slag\u00bb.<\/p>\n<p>\u2013 M\u00e5let v\u00e5rt er \u00e5 \u00f8ke autonomien til droner og andre v\u00e5penplattformer, slik at de raskere kan oppdage m\u00e5l, analysere forholdene p\u00e5 slagmarken og bidra til beslutningstaking i sanntid, sa Fedorov if\u00f8lge <a href=\"https:\/\/www.militarytimes.com\/flashpoints\/ukraine\/2026\/03\/13\/ukraine-opens-battlefield-ai-data-to-allies-in-world-first-move\/\" target=\"_blank\" rel=\"nofollow noopener\">Defense News<\/a>.\u00a0<\/p>\n<p>Les ogs\u00e5:\u00a0<a href=\"https:\/\/www.abcnyheter.no\/nyheter\/frolich-ut-mot-stores-sonn-det-ville-vaert-en-historisk-feil\/1582373\" target=\"_blank\" class=\"font-weight-bold m-font-weight-bold \" rel=\"nofollow noopener\">Fr\u00f8lich ut mot St\u00f8res s\u00f8nn: \u2013 Det ville v\u00e6rt en historisk feil<\/a><\/p>\n<p>I et innlegg p\u00e5 X skrev det ukrainske forsvarsdepartementet at \u00abden sikre plattformen utviklet av departementet gj\u00f8r det mulig for samarbeidspartnere \u00e5 arbeide med millioner av bilder og videoer fra droneoperasjoner\u00bb.<\/p>\n<p>Bildene og videoene skal if\u00f8lge departementet ogs\u00e5 inneholde skriftlig informasjon.<\/p>\n<p>        <a itemprop=\"url\" class=\"\" href=\"https:\/\/www.abcnyheter.no\/nasjonal-sikkerhet\" data-k5a-url=\"\/a\/undefined\" rel=\"nofollow noopener\" target=\"_blank\"><\/p>\n<p>                ABC Nyheter g\u00e5r i dybden p\u00e5 nasjonal sikkerhet<\/p>\n<p itemprop=\"description\" class=\"subtitle \" style=\"\">\n    Dyptg\u00e5ende saker om forsvar, beredskap, cybertrusler og utviklingen i Norges n\u00e6romr\u00e5der\n<\/p>\n<p>        <\/a><\/p>\n<p><a href=\"https:\/\/www.abcnyheter.no\/nyheter\/slik-brukes-kunstig-intelligens-pa-slagmarken-i-ukraina\/1210117\" target=\"_blank\" rel=\"nofollow noopener\">I september i fjor skrev ABC Nyheter om hvordan kunstig intelligens brukes i krigen i Ukraina<\/a>. Da sa oberstl\u00f8ytnant Stig Tore Aann\u00f8 ved Forsvarets h\u00f8gskole p\u00e5 generelt grunnlag at KI f\u00f8rst og fremst ble benyttet for \u00e5 analysere data langt raskere enn det mennesket er i stand til.\u00a0<\/p>\n<p>\u2013 Den digitaliserte slagmarken gir enorme mengder data. Det finnes mye verdi i dataen, men det forutsetter at man klarer \u00e5 f\u00e5 tak i den riktige p\u00e5 kortest mulig tid. Her har KI en fremtredende rolle gjennom \u00e5 for eksempel analysere bilder for \u00e5 finne potensielle m\u00e5l, sa oberstl\u00f8ytnanten til ABC Nyheter da.<\/p>\n<p>Les ogs\u00e5:\u00a0<a href=\"https:\/\/www.abcnyheter.no\/nyheter\/finske-f-35-skal-utstyres-med-glidebomber\/1580230\" target=\"_blank\" class=\"font-weight-bold m-font-weight-bold \" rel=\"nofollow noopener\">Finske F-35 skal utstyres med glidebomber<br \/><\/a><\/p>\n","protected":false},"excerpt":{"rendered":"Nasjonal sikkerhet \u2013 Hvert eneste missil, hver eneste drone og hvert eneste kj\u00f8ret\u00f8y som beslaglegges p\u00e5 slagmarken, er&hellip;\n","protected":false},"author":2,"featured_media":274538,"comment_status":"","ping_status":"","sticky":false,"template":"","format":"standard","meta":{"footnotes":"","_share_on_mastodon":"0"},"categories":[12],"tags":[20,21,24,25,15,22,23,13,30,28,29,14,16,26,27,42,43,44,45],"class_list":["post-274537","post","type-post","status-publish","format-standard","has-post-thumbnail","category-verden","tag-breaking-news","tag-breakingnews","tag-featured-news","tag-featurednews","tag-headlines","tag-latest-news","tag-latestnews","tag-news","tag-no","tag-norge","tag-norway","tag-nyheter","tag-overskrifter","tag-top-stories","tag-topstories","tag-verden","tag-world","tag-world-news","tag-worldnews"],"share_on_mastodon":{"url":"https:\/\/pubeurope.com\/@no\/116797605848365128","error":""},"_links":{"self":[{"href":"https:\/\/www.europesays.com\/no\/wp-json\/wp\/v2\/posts\/274537","targetHints":{"allow":["GET"]}}],"collection":[{"href":"https:\/\/www.europesays.com\/no\/wp-json\/wp\/v2\/posts"}],"about":[{"href":"https:\/\/www.europesays.com\/no\/wp-json\/wp\/v2\/types\/post"}],"author":[{"embeddable":true,"href":"https:\/\/www.europesays.com\/no\/wp-json\/wp\/v2\/users\/2"}],"replies":[{"embeddable":true,"href":"https:\/\/www.europesays.com\/no\/wp-json\/wp\/v2\/comments?post=274537"}],"version-history":[{"count":0,"href":"https:\/\/www.europesays.com\/no\/wp-json\/wp\/v2\/posts\/274537\/revisions"}],"wp:featuredmedia":[{"embeddable":true,"href":"https:\/\/www.europesays.com\/no\/wp-json\/wp\/v2\/media\/274538"}],"wp:attachment":[{"href":"https:\/\/www.europesays.com\/no\/wp-json\/wp\/v2\/media?parent=274537"}],"wp:term":[{"taxonomy":"category","embeddable":true,"href":"https:\/\/www.europesays.com\/no\/wp-json\/wp\/v2\/categories?post=274537"},{"taxonomy":"post_tag","embeddable":true,"href":"https:\/\/www.europesays.com\/no\/wp-json\/wp\/v2\/tags?post=274537"}],"curies":[{"name":"wp","href":"https:\/\/api.w.org\/{rel}","templated":true}]}}