{"id":274579,"date":"2026-06-23T06:09:13","date_gmt":"2026-06-23T06:09:13","guid":{"rendered":"https:\/\/www.europesays.com\/no\/274579\/"},"modified":"2026-06-23T06:09:13","modified_gmt":"2026-06-23T06:09:13","slug":"banktopp-om-hauge-tok-bellonas-penger-og-ga-dem-til-seg-selv","status":"publish","type":"post","link":"https:\/\/www.europesays.com\/no\/274579\/","title":{"rendered":"Banktopp om Hauge: \u2013 Tok Bellonas penger og ga dem til seg selv"},"content":{"rendered":"<p><strong>Nordeas investeringsdirekt\u00f8r Robert N\u00e6ss retter kraftig kritikk mot Bellonas finansiering av r\u00e5dgivningsselskapet Accelerate Capital, hvor Bellona-grunnlegger Frederic Hauge er blant eierne.<\/strong><\/p>\n<p>If\u00f8lge <a href=\"https:\/\/e24.no\/energi-og-klima\/i\/WvkrrQ\/bellona-tar-all-risikoen\" rel=\"nofollow noopener\" target=\"_blank\">E24<\/a> reagerer N\u00e6ss p\u00e5 at Bellona Holding har bidratt med millioner gjennom l\u00e5n og forskuttering av kostnader, mens Hauge if\u00f8lge regnskapene kun har skutt inn noen f\u00e5 tusen kroner privat.<\/p>\n<p>\u2013 Bellona tar all risikoen. Da tar du egentlig Bellonas penger, og gir dem til deg selv, sier N\u00e6ss til E24.<\/p>\n<p>E24 har tidligere omtalt <a href=\"https:\/\/inyheter.no\/16\/06\/2026\/hauges-klimasatsing-skylder-bellona-millioner\/\" rel=\"nofollow noopener\" target=\"_blank\">hvordan Bellona i praksis finansierte oppstarten<\/a> av Accelerate Capital. R\u00e5dgivningsselskapet skylder fortsatt Bellona Holding 3,9 millioner kroner etter at et opprinnelig krav ble omgjort til l\u00e5n.<\/p>\n<p>N\u00e6ss reagerer ogs\u00e5 p\u00e5 at Bellona Holding og Hauge begge eier 16 prosent av selskapet, til tross for det han mener er sv\u00e6rt ulik risikotaking.<\/p>\n<p>\u2013 Hvis selskapet n\u00e5 er blitt verdifullt, s\u00e5 er det de som tok minst risiko som kan sitte igjen med den beste investeringen. De kan sitte igjen med millionverdier og har investert noen f\u00e5 tusen kroner, sier han til E24.<\/p>\n<p>Hauge avviser kritikken og sier Bellona Holding ikke sto alene om risikoen. Han viser til at medgr\u00fcnderne bidro med betydelig arbeidsinnsats, og at risikofordelingen var kjent og akseptert av alle involverte.<\/p>\n<p>Saken vekker ogs\u00e5 sp\u00f8rsm\u00e5l om mulige interessekonflikter. Hauge er b\u00e5de styreleder i Milj\u00f8stiftelsen Bellona, styremedlem i Bellona Holding og medeier i Accelerate Capital. Dette omtaler N\u00e6ss som et \u00abr\u00f8dt flagg\u00bb.<\/p>\n<p>\u2013 Det \u00e5 parallellinvestere og gi deg selv bedre vilk\u00e5r, er absolutt et r\u00f8dt flagg alle steder, sier investeringsdirekt\u00f8ren til E24.<\/p>\n","protected":false},"excerpt":{"rendered":"Nordeas investeringsdirekt\u00f8r Robert N\u00e6ss retter kraftig kritikk mot Bellonas finansiering av r\u00e5dgivningsselskapet Accelerate Capital, hvor Bellona-grunnlegger Frederic Hauge&hellip;\n","protected":false},"author":2,"featured_media":274580,"comment_status":"","ping_status":"","sticky":false,"template":"","format":"standard","meta":{"footnotes":"","_share_on_mastodon":"0"},"categories":[56],"tags":[23532,10622,60,61,1792,62,30,28,29,6001],"class_list":["post-274579","post","type-post","status-publish","format-standard","has-post-thumbnail","category-naeringsliv","tag-accelerate-capital","tag-bellona","tag-business","tag-economy","tag-frederic-hauge","tag-naeringsliv","tag-no","tag-norge","tag-norway","tag-robert-naess"],"share_on_mastodon":{"url":"https:\/\/pubeurope.com\/@no\/116797935930842163","error":""},"_links":{"self":[{"href":"https:\/\/www.europesays.com\/no\/wp-json\/wp\/v2\/posts\/274579","targetHints":{"allow":["GET"]}}],"collection":[{"href":"https:\/\/www.europesays.com\/no\/wp-json\/wp\/v2\/posts"}],"about":[{"href":"https:\/\/www.europesays.com\/no\/wp-json\/wp\/v2\/types\/post"}],"author":[{"embeddable":true,"href":"https:\/\/www.europesays.com\/no\/wp-json\/wp\/v2\/users\/2"}],"replies":[{"embeddable":true,"href":"https:\/\/www.europesays.com\/no\/wp-json\/wp\/v2\/comments?post=274579"}],"version-history":[{"count":0,"href":"https:\/\/www.europesays.com\/no\/wp-json\/wp\/v2\/posts\/274579\/revisions"}],"wp:featuredmedia":[{"embeddable":true,"href":"https:\/\/www.europesays.com\/no\/wp-json\/wp\/v2\/media\/274580"}],"wp:attachment":[{"href":"https:\/\/www.europesays.com\/no\/wp-json\/wp\/v2\/media?parent=274579"}],"wp:term":[{"taxonomy":"category","embeddable":true,"href":"https:\/\/www.europesays.com\/no\/wp-json\/wp\/v2\/categories?post=274579"},{"taxonomy":"post_tag","embeddable":true,"href":"https:\/\/www.europesays.com\/no\/wp-json\/wp\/v2\/tags?post=274579"}],"curies":[{"name":"wp","href":"https:\/\/api.w.org\/{rel}","templated":true}]}}