{"id":274965,"date":"2026-06-23T14:39:14","date_gmt":"2026-06-23T14:39:14","guid":{"rendered":"https:\/\/www.europesays.com\/no\/274965\/"},"modified":"2026-06-23T14:39:14","modified_gmt":"2026-06-23T14:39:14","slug":"odfjell-skip-ute-av-persiabukta-etter-klarsignal-fra-usa-e24","status":"publish","type":"post","link":"https:\/\/www.europesays.com\/no\/274965\/","title":{"rendered":"Odfjell-skip ute av Persiabukta etter klarsignal fra USA \u2013 E24"},"content":{"rendered":"\n<p class=\"_textTheme_1yhmn_1 _lead_2e275_2 _lead_181bi_18 layout-component layout-wide layout-padded _lead_o6m9k_5 body-large _wide_o6m9k_9\">Mannskapet om bord p\u00e5 Bow Saga rapporterer om en rolig seilas, opplyser administrerende direkt\u00f8r i Odfjell.<\/p>\n<p> <img alt=\"Arkivfoto av Bow Saga fra 2010.\" class=\"_image_4ruhh_84 layout-component layout-wide\" data-fullscreen- data-track-element-type=\"Article image fullscreen\" data-track-name=\"ImageFullscreen\" fetchpriority=\"high\" decoding=\"sync\" loading=\"eager\" height=\"1994\" itemprop=\"image\"  src=\"https:\/\/www.europesays.com\/no\/wp-content\/uploads\/2026\/06\/6e61da70-ea7e-3538-9582-a0e872d47eb8.jpeg\"  style=\"object-position:36.943069306930695% 47.241725175526575%\" width=\"3232\"\/>Arkivfoto av Bow Saga fra 2010.  Foto: Odfjell \/ NTBVis mer<a class=\"_link_1wc6r_108\" href=\"https:\/\/e24.no\/forfatter\/david-bach\" title=\"David Bach\" rel=\"nofollow noopener\" target=\"_blank\"><img alt=\"Bilde av David Bach\" class=\"_image_1wc6r_85\" fetchpriority=\"low\" decoding=\"async\" itemprop=\"image\" loading=\"lazy\"  src=\"https:\/\/www.europesays.com\/no\/wp-content\/uploads\/2026\/06\/1782225552_25_6726c897-0b0f-4311-9fc6-650ccd1c55db.jpeg\"  width=\"480\"\/><\/a>        <\/p>\n<p>Oppsummeringen er laget med kunstig intelligens og kvalitetssikret av E24s journalister.<\/p>\n<ul class=\"_list_2e275_3 _list_tj395_103 _unordered_2e275_107 _textTheme_1yhmn_1 body-small\">\n<li class=\"_item_2e275_67\">Kjemikalietankeren Bow Saga har seilt trygt ut av Hormuzstredet etter flere m\u00e5neder i Persiabukta.<\/li>\n<li class=\"_item_2e275_67\">Odfjell melder om rolig seilas og god sikkerhet for b\u00e5de skip og mannskap.<\/li>\n<li class=\"_item_2e275_67\">Sikkerhetsteamet jobbet daglig for \u00e5 sikre trygg utseiling under konflikten i regionen.<\/li>\n<\/ul>\n<p>Vis mer  <\/p>\n<p class=\"_textTheme_1yhmn_1 _paragraph_2e275_4 _paragraph_181bi_27 layout-component layout-normal layout-padded body-medium\">Kjemikalietankeren Bow Saga har seilt trygt gjennom Hormuzstredet og er n\u00e5 p\u00e5 vei mot Det indiske hav, bekrefter Odfjell overfor E24. Skipet har ligget inne i Persiabukta siden f\u00f8r 28. februar, da USA og Israel gikk til krig mot Iran.<\/p>\n<p class=\"_textTheme_1yhmn_1 _paragraph_2e275_4 _paragraph_181bi_27 layout-component layout-normal layout-padded body-medium\">\u2013 Det har g\u00e5tt veldig bra! Mannskapet rapporterer om en rolig seilas, det har v\u00e6rt pent v\u00e6r og god sikt. De har heller ikke opplevd jamming eller GPS-spoofing, s\u00e5 dette har g\u00e5tt s\u00e5 bra som vi kunne h\u00e5pet p\u00e5, skriver Odfjell-sjef Harald Fotland i en e-post.<\/p>\n<p> \u2013 Tippet vektsk\u00e5len <\/p>\n<p class=\"_textTheme_1yhmn_1 _paragraph_2e275_4 _paragraph_181bi_27 layout-component layout-normal layout-padded body-medium\"><strong class=\"_strong_2e275_25\">Skipet l\u00f8ftet anker etter \u00e5 ha f\u00e5tt et transittvindu tildelt av US Naval Cooperation and Guidance for Shipping (US NCAGS) i dag tidlig, lokal tid, opplyser Fotland.<\/strong><\/p>\n<p class=\"_textTheme_1yhmn_1 _paragraph_2e275_4 _paragraph_181bi_27 layout-component layout-normal layout-padded body-medium\">Den nylige v\u00e5penhvilen mellom Israel og Libanon og det at det i g\u00e5r ble \u00e5pnet for oljeeksport fra Iran, spilte ogs\u00e5 inn i vurderingen.<\/p>\n<p> <a class=\"_link_16kmj_20\" data-track-id=\"teaser:ExzpwG\" data-track-impression=\"true\" data-track-name=\"Analytiker om Norwegian: \u2013 Helt klart mer uoversiktlig\" data-track-element-size=\"small\" data-track-element-type=\"Teaser\" data-track-image-url=\"https:\/\/www.europesays.com\/no\/wp-content\/uploads\/2026\/06\/1782225553_647_2c81de87-55a0-3634-bc03-22dbed9d63b0.jpeg\" data-track-layout-name=\"image:right\" data-track-position-source=\"related-article\" href=\"https:\/\/e24.no\/naeringsliv\/i\/ExzpwG\/analytiker-om-norwegian-helt-klart-mer-uoversiktlig\" rel=\"nofollow noopener\" target=\"_blank\"><img decoding=\"async\" alt=\"\" class=\"_image_16kmj_77\" height=\"3840\" loading=\"lazy\"  src=\"https:\/\/www.europesays.com\/no\/wp-content\/uploads\/2026\/06\/1782225553_647_2c81de87-55a0-3634-bc03-22dbed9d63b0.jpeg\"  width=\"5760\"\/><\/p>\n<p class=\"label-small _kicker_16kmj_88\">Les ogs\u00e5<\/p>\n<p>Analytiker om Norwegian: \u2013 Helt klart mer uoversiktlig<\/a> <\/p>\n<p class=\"_textTheme_1yhmn_1 _paragraph_2e275_4 _paragraph_181bi_27 layout-component layout-normal layout-padded body-medium\">\u2013 Sikkerheten til skip og mannskap har hele tiden v\u00e6rt v\u00e5r prioritet. Frem til n\u00e5 har vi forberedt utseilingen uten \u00e5 ta stilling til n\u00e5r det kunne komme til \u00e5 skje. Vi har v\u00e6rt optimistiske hver gang meldinger om v\u00e5penhvile og gjen\u00e5pning har kommet, bare for \u00e5 bli skuffet n\u00e5r vi har opplevd at forholdene ikke har v\u00e6rt trygge nok, skriver Fotland videre.<\/p>\n<p class=\"_textTheme_1yhmn_1 _paragraph_2e275_4 _paragraph_181bi_27 layout-component layout-normal layout-padded body-medium\">\u2013 Det som tippet vektsk\u00e5len var at flere troverdige kilder reduserte risikovurderingene, at vi observerte at flere skip gikk trygt gjennom, og ikke minst at mannskapet var tett med i dialogen og ogs\u00e5 \u00f8nsket \u00e5 seile ut n\u00e5.<\/p>\n<p class=\"_textTheme_1yhmn_1 _paragraph_2e275_4 _paragraph_181bi_27 layout-component layout-normal layout-padded body-medium\">I Odfjell har et sikkerhetsteam p\u00e5 15 personer hatt daglige statusm\u00f8ter siden krigen br\u00f8t ut i slutten av februar.<\/p>\n<p>  <img alt=\"Odfjell-sjef Harald Fotland, her avbildet under Paretokonferansen i september i fjor.\" class=\"_image_4ruhh_84 layout-component layout-normal\" data-fullscreen- data-track-element-type=\"Article image fullscreen\" data-track-name=\"ImageFullscreen\" decoding=\"async\" loading=\"lazy\" height=\"4000\" itemprop=\"image\"  src=\"https:\/\/www.europesays.com\/no\/wp-content\/uploads\/2026\/06\/f23a8e41-8122-3ab5-b12b-a31edc82937a.jpeg\"  style=\"object-position:55.074999999999996% 33.425%\" width=\"6000\"\/>Odfjell-sjef Harald Fotland, her avbildet under Paretokonferansen i september i fjor. Foto: Skjalg B\u00f8hmer Vold \/ Skjalg VoldVis mer \u2013 Utfordrende <\/p>\n<p class=\"_textTheme_1yhmn_1 _paragraph_2e275_4 _paragraph_181bi_27 layout-component layout-normal layout-padded body-medium\">Gjennom hele perioden har Odfjells team i Bergen, Dubai og Manila holdt tett dialog med kaptein og mannskap, relevante myndigheter, kunder, samarbeidspartnere og leverand\u00f8rer for \u00e5 ivareta mannskap og skip s\u00e5 godt som mulig.<\/p>\n<p class=\"_textTheme_1yhmn_1 _paragraph_2e275_4 _paragraph_181bi_27 layout-component layout-normal layout-padded body-medium\">\u2013 Fokuset v\u00e5rt har v\u00e6rt p\u00e5 \u00e5 ivareta sikkerheten s\u00e5 godt som mulig, og det har v\u00e6rt utfordrende n\u00e5r det er s\u00e5 mange elementer vi ikke har kontroll over. Vi har prioritert \u00e5 gj\u00f8re det vi kan for \u00e5 sikre mannskapenes ve og vel f\u00f8rst, og deretter ivareta skipet og opprettholde v\u00e5re kommersielle forpliktelser.<\/p>\n<p class=\"_textTheme_1yhmn_1 _paragraph_2e275_4 _paragraph_181bi_27 layout-component layout-normal layout-padded body-medium\">\u2013 Jeg er dypt imponert over kapteinen og mannskapet, og sv\u00e6rt takknemlig for alle p\u00e5 land som har st\u00f8ttet dem gjennom denne perioden, legger Fotland til.<\/p>\n<p class=\"_textTheme_1yhmn_1 _paragraph_2e275_4 _paragraph_181bi_27 layout-component layout-normal layout-padded body-medium\">Mandag ble det klart at to skip fra Nordic American Tankers <a href=\"https:\/\/e24.no\/internasjonal-oekonomi\/i\/ln9w39\/to-nye-norske-skip-ute-av-hormuzstredet\" class=\"_link_2e275_37\" rel=\"nofollow noopener\" target=\"_blank\">ogs\u00e5 hadde gjennomf\u00f8rt utseiling<\/a>.<\/p>\n","protected":false},"excerpt":{"rendered":"Mannskapet om bord p\u00e5 Bow Saga rapporterer om en rolig seilas, opplyser administrerende direkt\u00f8r i Odfjell. Arkivfoto av&hellip;\n","protected":false},"author":2,"featured_media":274966,"comment_status":"","ping_status":"","sticky":false,"template":"","format":"standard","meta":{"footnotes":"","_share_on_mastodon":"0"},"categories":[12],"tags":[20,21,24,25,15,18143,3228,22,23,13,30,28,29,14,18953,16,17740,26,27,42,43,44,45],"class_list":["post-274965","post","type-post","status-publish","format-standard","has-post-thumbnail","category-verden","tag-breaking-news","tag-breakingnews","tag-featured-news","tag-featurednews","tag-headlines","tag-hormuzstredet","tag-iran","tag-latest-news","tag-latestnews","tag-news","tag-no","tag-norge","tag-norway","tag-nyheter","tag-odfjell","tag-overskrifter","tag-sla-av-ticker-pa-front","tag-top-stories","tag-topstories","tag-verden","tag-world","tag-world-news","tag-worldnews"],"share_on_mastodon":{"url":"https:\/\/pubeurope.com\/@no\/116799941870389832","error":""},"_links":{"self":[{"href":"https:\/\/www.europesays.com\/no\/wp-json\/wp\/v2\/posts\/274965","targetHints":{"allow":["GET"]}}],"collection":[{"href":"https:\/\/www.europesays.com\/no\/wp-json\/wp\/v2\/posts"}],"about":[{"href":"https:\/\/www.europesays.com\/no\/wp-json\/wp\/v2\/types\/post"}],"author":[{"embeddable":true,"href":"https:\/\/www.europesays.com\/no\/wp-json\/wp\/v2\/users\/2"}],"replies":[{"embeddable":true,"href":"https:\/\/www.europesays.com\/no\/wp-json\/wp\/v2\/comments?post=274965"}],"version-history":[{"count":0,"href":"https:\/\/www.europesays.com\/no\/wp-json\/wp\/v2\/posts\/274965\/revisions"}],"wp:featuredmedia":[{"embeddable":true,"href":"https:\/\/www.europesays.com\/no\/wp-json\/wp\/v2\/media\/274966"}],"wp:attachment":[{"href":"https:\/\/www.europesays.com\/no\/wp-json\/wp\/v2\/media?parent=274965"}],"wp:term":[{"taxonomy":"category","embeddable":true,"href":"https:\/\/www.europesays.com\/no\/wp-json\/wp\/v2\/categories?post=274965"},{"taxonomy":"post_tag","embeddable":true,"href":"https:\/\/www.europesays.com\/no\/wp-json\/wp\/v2\/tags?post=274965"}],"curies":[{"name":"wp","href":"https:\/\/api.w.org\/{rel}","templated":true}]}}