{"id":275092,"date":"2026-06-23T17:27:48","date_gmt":"2026-06-23T17:27:48","guid":{"rendered":"https:\/\/www.europesays.com\/no\/275092\/"},"modified":"2026-06-23T17:27:48","modified_gmt":"2026-06-23T17:27:48","slug":"roros-ren-roros-feil-kjonnsfordeling-i-nytt-ren-roros-styre-aina-opp-fra-vara-til-fast-styremedlem-ottar-fra-fast-til-vara","status":"publish","type":"post","link":"https:\/\/www.europesays.com\/no\/275092\/","title":{"rendered":"R\u00f8ros, Ren R\u00f8ros | Feil kj\u00f8nnsfordeling i nytt Ren R\u00f8ros-styre: Aina opp fra vara til fast styremedlem, Ottar fra fast til vara"},"content":{"rendered":"\n<p>&#8211; Ved innstillinga til valg av styre og varamedlemmer til styret p\u00e5 ordin\u00e6r generalforsamling 19. mai, ble det fra valgkomiteen gjort en feil ved at kj\u00f8nnsfordeling ble sett p\u00e5 samla for medlemmer og varamedlemmer til styret, melder selskapet tirsdag.<\/p>\n<p><b>Det kreves imidlrtid kj\u00f8nnsbalanse innen hver gruppe.<\/b><\/p>\n<p>  <a href=\"https:\/\/www.retten.no\/5-44-1120569\" class=\"related-teaser has-image article--c-MkAkR\" rel=\"nofollow noopener\" target=\"_blank\"><\/p>\n<p>    <img decoding=\"async\" width=\"155\"  loading=\"lazy\"  src=\"https:\/\/www.europesays.com\/no\/wp-content\/uploads\/2026\/06\/image_CDDE4D4A-75D7-4D63-B044-E4CEAA204007_1779265008.jpeg\" alt=\"\" class=\"brick-c-cFOWSL\" style=\"\"\/><\/p>\n<p>\n            Les ogs\u00e5<\/p>\n<p>            Hofstad og Erlien tok til orde for ny styreleder, men ble nedstemt\n        <\/p>\n<p>  <\/a><\/p>\n<p>Valgkomiteen fremmer derfor f\u00f8lgende forslag til ekstraordin\u00e6r generalforsamling fredag 26. juni:<\/p>\n<p>Aina Midthjell Reppe flyttes fra 1. varamedlem til fast styremedlem for 2 \u00e5r. Ottar Tollan flyttes fra fast styremedlem til 1. varamedlem for 1 \u00e5r.<\/p>\n<p>  <a href=\"https:\/\/www.retten.no\/5-44-1119199\" class=\"related-teaser has-image article--c-MkAkR\" rel=\"nofollow noopener\" target=\"_blank\"><\/p>\n<p>    <img decoding=\"async\" width=\"155\"  loading=\"lazy\"  src=\"https:\/\/www.europesays.com\/no\/wp-content\/uploads\/2026\/06\/Guri.jpg\" alt=\"\" class=\"brick-c-cFOWSL\" style=\"\"\/><\/p>\n<p>\n            Les ogs\u00e5<\/p>\n<p>            &#8211; \u00c5 kreve en ekstern gransking er ikke \u00e5 d\u00f8mme p\u00e5 forh\u00e5nd, men \u00e5 s\u00f8ke sannheten\n        <\/p>\n<p>  <\/a><\/p>\n<p>I og med at 1. varamedlem innkalles fast til styrem\u00f8ter s\u00e5 medf\u00f8rer forslaget ingen endring i hvem som innkalles fast til styrem\u00f8ter.<\/p>\n<p>Styret med varamedlemmer vil om foresl\u00e5tt endring vedtas ha f\u00f8lgende sammensetning:<\/p>\n<p>Faste styremedlemmer<\/p>\n<ul>\n<li>Lars Stenvold Wik (p\u00e5 valg i 2028)<\/li>\n<li>Bente Malmo (p\u00e5 valg i 2028)<\/li>\n<li>Aina Midthjell Reppe (p\u00e5 valg i 2028)<\/li>\n<li>Guri Heggem (p\u00e5 valg i 2027)<\/li>\n<li>Thor Lien (p\u00e5 valg i 2027)<\/li>\n<li>Vegard Aune (p\u00e5 valg i 2027)<\/li>\n<\/ul>\n<p>Varamedlemmer:<\/p>\n<ul>\n<li>Ottar Tollan (p\u00e5 valg i 2027)<\/li>\n<li>Idun \u00d8stg\u00e5rd (p\u00e5 valg i 2027)<\/li>\n<li>Magnus Guldal (p\u00e5 valg i 2027)<\/li>\n<\/ul>\n<p>  <a href=\"https:\/\/www.retten.no\/5-44-1115583\" class=\"related-teaser has-image article--c-MkAkR\" rel=\"nofollow noopener\" target=\"_blank\"><\/p>\n<p>    <img decoding=\"async\" width=\"155\"  loading=\"lazy\"  src=\"https:\/\/www.europesays.com\/no\/wp-content\/uploads\/2026\/06\/image_262D0F6E-066C-45BB-9059-88C143F672B0_1777544419.png\" alt=\"\" class=\"brick-c-cFOWSL\" style=\"\"\/><\/p>\n<p>\n            Les ogs\u00e5<\/p>\n<p>            Valgkomiteen signaliserer ro, aksjon\u00e6rene vil lenger\n        <\/p>\n<p>  <\/a><\/p>\n","protected":false},"excerpt":{"rendered":"&#8211; Ved innstillinga til valg av styre og varamedlemmer til styret p\u00e5 ordin\u00e6r generalforsamling 19. mai, ble det&hellip;\n","protected":false},"author":2,"featured_media":275093,"comment_status":"","ping_status":"","sticky":false,"template":"","format":"standard","meta":{"footnotes":"","_share_on_mastodon":"0"},"categories":[56],"tags":[36,60,61,62,30,28,29,3848,3847,1510],"class_list":["post-275092","post","type-post","status-publish","format-standard","has-post-thumbnail","category-naeringsliv","tag-art","tag-business","tag-economy","tag-naeringsliv","tag-no","tag-norge","tag-norway","tag-ren-roros","tag-roros","tag-story"],"share_on_mastodon":{"url":"https:\/\/pubeurope.com\/@no\/116800602327019279","error":""},"_links":{"self":[{"href":"https:\/\/www.europesays.com\/no\/wp-json\/wp\/v2\/posts\/275092","targetHints":{"allow":["GET"]}}],"collection":[{"href":"https:\/\/www.europesays.com\/no\/wp-json\/wp\/v2\/posts"}],"about":[{"href":"https:\/\/www.europesays.com\/no\/wp-json\/wp\/v2\/types\/post"}],"author":[{"embeddable":true,"href":"https:\/\/www.europesays.com\/no\/wp-json\/wp\/v2\/users\/2"}],"replies":[{"embeddable":true,"href":"https:\/\/www.europesays.com\/no\/wp-json\/wp\/v2\/comments?post=275092"}],"version-history":[{"count":0,"href":"https:\/\/www.europesays.com\/no\/wp-json\/wp\/v2\/posts\/275092\/revisions"}],"wp:featuredmedia":[{"embeddable":true,"href":"https:\/\/www.europesays.com\/no\/wp-json\/wp\/v2\/media\/275093"}],"wp:attachment":[{"href":"https:\/\/www.europesays.com\/no\/wp-json\/wp\/v2\/media?parent=275092"}],"wp:term":[{"taxonomy":"category","embeddable":true,"href":"https:\/\/www.europesays.com\/no\/wp-json\/wp\/v2\/categories?post=275092"},{"taxonomy":"post_tag","embeddable":true,"href":"https:\/\/www.europesays.com\/no\/wp-json\/wp\/v2\/tags?post=275092"}],"curies":[{"name":"wp","href":"https:\/\/api.w.org\/{rel}","templated":true}]}}