{"id":27510,"date":"2025-09-05T07:54:14","date_gmt":"2025-09-05T07:54:14","guid":{"rendered":"https:\/\/www.europesays.com\/no\/27510\/"},"modified":"2025-09-05T07:54:14","modified_gmt":"2025-09-05T07:54:14","slug":"vi-vil-ha-en-bedre-ordning","status":"publish","type":"post","link":"https:\/\/www.europesays.com\/no\/27510\/","title":{"rendered":"\u2013 Vi vil ha en bedre ordning"},"content":{"rendered":"\n<p class=\"_lead_ew2ao_2 _lead_xtcu6_50 layout-component text-serif-m layout-normal text-serif-l layout-component layout-wide layout-padded _wide_17hqh_1 layout-padded\">Fremskrittspartiet vil ha en ny AFP-ordning som bedre treffer sliterne. Den ordningen kan ikke politikerne ensidig endre, advarer Arbeiderpartiet. <\/p>\n<p><img alt=\"Hans Andreas Limi i Frp og Tonje Brenna i Ap krangler om pensjonist-stemmene rett f\u00f8r valget\" class=\"_image_qp4xg_65 layout-component layout-wide\" data-fullscreen- data-track-element-type=\"Article image fullscreen\" data-track-name=\"ImageFullscreen\" fetchpriority=\"high\" decoding=\"sync\" loading=\"eager\" height=\"1668\" itemprop=\"image\"  src=\"https:\/\/www.europesays.com\/no\/wp-content\/uploads\/2025\/09\/0c868700-eef0-4b12-8cd6-2dd2e5159e56\"  style=\"object-position:0% 0%\" width=\"2500\"\/>Hans Andreas Limi i Frp og Tonje Brenna i Ap krangler om pensjonist-stemmene rett f\u00f8r valget<\/p>\n<ul aria-hidden=\"true\" class=\"_images_1y6fe_106\">\n<li><a class=\"_link_1y6fe_111\" href=\"https:\/\/www.vg.no\/forfatter\/alf-bjarne-johnsen\" style=\"z-index:1\" title=\"Alf Bjarne Johnsen\" rel=\"nofollow noopener\" target=\"_blank\"><img alt=\"Bilde av Alf Bjarne Johnsen\" class=\"_image_1y6fe_88\" fetchpriority=\"low\" loading=\"lazy\" decoding=\"async\" itemprop=\"image\"  src=\"https:\/\/www.europesays.com\/no\/wp-content\/uploads\/2025\/09\/a8952b63-f4d3-424e-ab5c-93e67076c9b0\"  width=\"480\"\/><\/a><\/li>\n<\/ul>\n<p> Oppdatert fredag 5. september kl. 08:44     <\/p>\n<p class=\"_paragraph_ew2ao_4 _paragraph_xtcu6_10 layout-component text-serif-m layout-normal text-serif-m layout-padded\">Frp vil endre ordningen med avtalefestet pensjonavtalefestet pensjonEn pensjonsordning i Norge som gir arbeidstakere mulighet til \u00e5 g\u00e5 av med pensjon f\u00f8r den ordin\u00e6re pensjonsalderen, og som er et samarbeid mellom arbeidsgivere, arbeidstakere og staten., AFP og har programfestet \u00e5 etablere en bedre ordning for folk i yrker med s\u00e6rskilte belastninger, der det er vanskelig \u00e5 st\u00e5 i arbeid frem til ordin\u00e6r pensjonsalder.<\/p>\n<p class=\"_paragraph_ew2ao_4 _paragraph_xtcu6_10 layout-component text-serif-m layout-normal text-serif-m layout-padded\">Da partiets arbeids-talsmann Dagfinn Olsen bekreftet overfor<a href=\"https:\/\/frifagbevegelse.no\/nyheter\/pensjonsbombe-fra-frp-vil-kutte-2000-kroner-i-maneden-6.158.1159384.176583f2e5\" class=\"_link_ew2ao_39\" rel=\"nofollow noopener\" target=\"_blank\"> Fri Fagbevegelse<\/a> at Frp vil fjerne det statlige bidraget til AFP-ordningen, reagerte LO sterkt, og sa at det i s\u00e5 fall ville bety 2000 kroner m\u00e5neden mindre i pensjon til de som mottar AFP.<\/p>\n<p class=\"_paragraph_ew2ao_4 _paragraph_xtcu6_10 layout-component text-serif-m layout-normal text-serif-m layout-padded\">Men Frp-nestleder <a href=\"https:\/\/www.vg.no\/tag\/hans-andreas-limi?utm_source=vg-article&amp;utm_medium=auto-tagger&amp;utm_campaign=XjrxQB\" class=\"_link_ew2ao_39\" rel=\"nofollow noopener\" target=\"_blank\">Hans Andreas Limi<\/a> sier at Frp \u00f8nsker \u00e5 etablere en ordning som treffer bedre \u00absliterne\u00bb som ordningen opprinnelig var til for:<\/p>\n<p><img alt=\"Hans Andreas Limi (Frp) vil endre AFP-ordningen, men uten \u00e5 kutte rettigheter for dem som n\u00e5 er inne i ordningen.   Foto: Helge Mikalsen \/ VG\" class=\"_image_qp4xg_65 layout-component layout-normal\" data-fullscreen- data-track-element-type=\"Article image fullscreen\" data-track-name=\"ImageFullscreen\" decoding=\"async\" loading=\"lazy\" height=\"5504\" itemprop=\"image\"  src=\"https:\/\/www.europesays.com\/no\/wp-content\/uploads\/2025\/09\/70b48488-69b3-4a59-ae83-732bd9c7af52\"  style=\"object-position:0% 0%\" width=\"8256\"\/>Hans Andreas Limi (Frp) vil endre AFP-ordningen, men uten \u00e5 kutte rettigheter for dem som n\u00e5 er inne i ordningen.   Foto: Helge Mikalsen \/ VG<\/p>\n<p class=\"_paragraph_ew2ao_4 _paragraph_xtcu6_10 layout-component text-serif-m layout-normal text-serif-m layout-padded\">\u2013 Vi har ikke tenkt \u00e5 fjerne AFP-en for dem som har ordningen i dag. At vi skal ta fra folk 2000 kroner i m\u00e5neden i pensjon, det stemmer ikke. Men vi \u00f8nsker \u00e5 erstatte AFP med en ordning som vi mener er bedre for dem som st\u00e5r i utsatte yrker, sier Limi til VG.<\/p>\n<p class=\"_paragraph_ew2ao_4 _paragraph_xtcu6_10 layout-component text-serif-m layout-normal text-serif-m layout-padded\">\u2013 Stadig flere benytter seg av AFP, men det vi \u00f8nsker er en ordning som er m\u00e5lrettet mot dem som har tungt fysisk arbeid, som deler av industrien og pleiesektoren, som AFP opprinnelig skulle v\u00e6re til for. Vi ser at den ogs\u00e5 brukes av mange som har godt betalte stillinger som ikke har det behovet, sier Limi.<\/p>\n<p class=\"_paragraph_ew2ao_4 _paragraph_xtcu6_10 layout-component text-serif-m layout-normal text-serif-m layout-padded\"><strong class=\"_strong_ew2ao_25\">\u2013 Hvor mye vil dere spare p\u00e5 \u00e5 endre AFP?<\/strong><\/p>\n<p class=\"_paragraph_ew2ao_4 _paragraph_xtcu6_10 layout-component text-serif-m layout-normal text-serif-m layout-padded\">\u2013 Vi har ikke noe ferdig utredet alternativ, s\u00e5 det gjenst\u00e5r \u00e5 se, svarer Limi.<\/p>\n<p class=\"_paragraph_ew2ao_4 _paragraph_xtcu6_10 layout-component text-serif-m layout-normal text-serif-m layout-padded\"><strong class=\"_strong_ew2ao_25\">\u2013 Men kan du garantere at de som har dagens AFP ikke vil f\u00e5 noe kutt?<\/strong><\/p>\n<p class=\"_paragraph_ew2ao_4 _paragraph_xtcu6_10 layout-component text-serif-m layout-normal text-serif-m layout-padded\">\u2013 Ja, det kan jeg garantere. Men vi er opptatt av \u00e5 bruke offentlige midler p\u00e5 best mulig m\u00e5te, sier han.<\/p>\n<p><img alt=\"Tonje Brenna (Ap) sier at ensidige endringer fra statens side i AFP-ordningen vil v\u00e6re \u00e5 bryte inng\u00e5tte avtaler.  Foto: G\u00f8ran Bohlin \/ VG\" class=\"_image_qp4xg_65 layout-component layout-normal\" data-fullscreen- data-track-element-type=\"Article image fullscreen\" data-track-name=\"ImageFullscreen\" decoding=\"async\" loading=\"lazy\" height=\"5504\" itemprop=\"image\"  src=\"https:\/\/www.europesays.com\/no\/wp-content\/uploads\/2025\/09\/405c03b1-5c2d-42df-95ba-012ab02d6ce0\"  style=\"object-position:0% 0%\" width=\"8256\"\/>Tonje Brenna (Ap) sier at ensidige endringer fra statens side i AFP-ordningen vil v\u00e6re \u00e5 bryte inng\u00e5tte avtaler.  Foto: G\u00f8ran Bohlin \/ VGAdvarer <\/p>\n<p class=\"_paragraph_ew2ao_4 _paragraph_xtcu6_10 layout-component text-serif-m layout-normal text-serif-m layout-padded\">Men Ap advarer Frp mot \u00e5 r\u00f8re AFP.<\/p>\n<p class=\"_paragraph_ew2ao_4 _paragraph_xtcu6_10 layout-component text-serif-m layout-normal text-serif-m layout-padded\">Ap-nestleder og arbeidsminister Tonje Brenna sier at Frp ikke uten videre kan g\u00e5 inn og oppheve inng\u00e5tte avtaler: <\/p>\n<p class=\"_paragraph_ew2ao_4 _paragraph_xtcu6_10 layout-component text-serif-m layout-normal text-serif-m layout-padded\">\u2013 AFP er et spleiselag mellom arbeidsgivere, arbeidstagere og staten. Det er ikke klokt av politikerne \u00e5 endre den. N\u00e5r Frp \u00f8nsker \u00e5 trekke statens bidrag til AFP, er det et brudd p\u00e5 tilliten i den norske modellen, sier Brenna til VG.<\/p>\n<p>Ang\u00e5r 1,7 millioner <\/p>\n<p class=\"_paragraph_ew2ao_4 _paragraph_xtcu6_10 layout-component text-serif-m layout-normal text-serif-m layout-padded\">1,7 millioner arbeidstagere omfattes av ordningen, if\u00f8lge Brenna. De som tar ut AFP, mottar i snitt 76 000 kroner ekstra i \u00e5ret f\u00f8r skatt. To tredeler av dette kommer fra partene i arbeidslivet, den siste tredelen betale over statsbudsjettet. <\/p>\n<p class=\"_paragraph_ew2ao_4 _paragraph_xtcu6_10 layout-component text-serif-m layout-normal text-serif-m layout-padded\">\u2013 Frp vil kutte i AFP for \u00e5 spare noen milliarder p\u00e5 statsbudsjettet. Hva skjer da? Jo, at folk m\u00e5 st\u00e5 lenger i jobb for \u00e5 oppn\u00e5 samme pensjon. De undervurderer at AFP er et spleiselag mellom tre parter, og de ser bort fra at arbeidstagerne har gitt avkall p\u00e5 noen l\u00f8nnsutvikling for \u00e5 spare til pensjon i stedet, sier Brenna.<\/p>\n<p class=\"_paragraph_ew2ao_4 _paragraph_xtcu6_10 layout-component text-serif-m layout-normal text-serif-m layout-padded\">Hun mener at Frp stilte seg p\u00e5 siden av diskusjonen om niv\u00e5et p\u00e5 alderspensjon, da de ikke \u00f8nsket \u00e5 v\u00e6re med i det store pensjonsforliketpensjonsforliketEn politisk avtale i Norge som ble inng\u00e5tt for \u00e5 reformere pensjonssystemet og sikre b\u00e6rekraftige pensjonsordninger for fremtiden. for snart 15 \u00e5r siden.<\/p>\n<p class=\"_paragraph_ew2ao_4 _paragraph_xtcu6_10 layout-component text-serif-m layout-normal text-serif-m layout-padded\">\u2013 Under den forrige borgerlige regjeringen, fikk pensjonistene d\u00e5rligere kj\u00f8pekraft, ned 2,5 prosent. De siste fire \u00e5rene har pensjonistene f\u00e5tt bedre kj\u00f8pekraft, opp 1,7 prosent. N\u00e5r Frp p\u00e5 fullt alvor vil sl\u00e5 beina under hele AFP-ordningen er det virkelig ingen grunn til \u00e5 tro at de vil prioritere pensjonistenes kj\u00f8pekraft etter valget.\u00a0<\/p>\n<p> Beskytter rettigheter <\/p>\n<p class=\"_paragraph_ew2ao_4 _paragraph_xtcu6_10 layout-component text-serif-m layout-normal text-serif-m layout-padded\"><strong class=\"_strong_ew2ao_25\">\u2013 Dere stemte imot pensjonsforliket, Limi?<\/strong><\/p>\n<p class=\"_paragraph_ew2ao_4 _paragraph_xtcu6_10 layout-component text-serif-m layout-normal text-serif-m layout-padded\">\u2013 Ja. Og det gjorde vi for \u00e5 beskytte allerede opparbeidede rettigheter. Vi har stemt imot underregulering av pensjon i forhold til l\u00f8nn, slik Arbeiderpartiet foreslo i 2011. Sammen med SV fikk vi fjernet underreguleringen i 2021. N\u00e5 \u00f8nsker vi ogs\u00e5 \u00e5 sikre lik pensjon til alle, ved \u00e5 fjerne ordningen med 10 prosent reduksjon i alderspensjonen for ektepar og samboere. Dessverre st\u00e5r vi alene om dette i Stortinget, svarer Limi.<\/p>\n<p>Les ogs\u00e5<\/p>\n","protected":false},"excerpt":{"rendered":"Fremskrittspartiet vil ha en ny AFP-ordning som bedre treffer sliterne. Den ordningen kan ikke politikerne ensidig endre, advarer&hellip;\n","protected":false},"author":2,"featured_media":27511,"comment_status":"","ping_status":"","sticky":false,"template":"","format":"standard","meta":{"footnotes":""},"categories":[5],"tags":[20,21,24,25,1685,15,19,22,23,17,18,13,30,28,281,29,14,16,4440,1674,26,27,205],"class_list":{"0":"post-27510","1":"post","2":"type-post","3":"status-publish","4":"format-standard","5":"has-post-thumbnail","7":"category-overskrifter","8":"tag-breaking-news","9":"tag-breakingnews","10":"tag-featured-news","11":"tag-featurednews","12":"tag-hans-andreas-limi","13":"tag-headlines","14":"tag-hovedoppslag","15":"tag-latest-news","16":"tag-latestnews","17":"tag-main-news","18":"tag-mainnews","19":"tag-news","20":"tag-no","21":"tag-norge","22":"tag-norsk-politikk","23":"tag-norway","24":"tag-nyheter","25":"tag-overskrifter","26":"tag-pensjon","27":"tag-tonje-brenna","28":"tag-top-stories","29":"tag-topstories","30":"tag-vgsamfunn"},"share_on_mastodon":{"url":"","error":""},"_links":{"self":[{"href":"https:\/\/www.europesays.com\/no\/wp-json\/wp\/v2\/posts\/27510","targetHints":{"allow":["GET"]}}],"collection":[{"href":"https:\/\/www.europesays.com\/no\/wp-json\/wp\/v2\/posts"}],"about":[{"href":"https:\/\/www.europesays.com\/no\/wp-json\/wp\/v2\/types\/post"}],"author":[{"embeddable":true,"href":"https:\/\/www.europesays.com\/no\/wp-json\/wp\/v2\/users\/2"}],"replies":[{"embeddable":true,"href":"https:\/\/www.europesays.com\/no\/wp-json\/wp\/v2\/comments?post=27510"}],"version-history":[{"count":0,"href":"https:\/\/www.europesays.com\/no\/wp-json\/wp\/v2\/posts\/27510\/revisions"}],"wp:featuredmedia":[{"embeddable":true,"href":"https:\/\/www.europesays.com\/no\/wp-json\/wp\/v2\/media\/27511"}],"wp:attachment":[{"href":"https:\/\/www.europesays.com\/no\/wp-json\/wp\/v2\/media?parent=27510"}],"wp:term":[{"taxonomy":"category","embeddable":true,"href":"https:\/\/www.europesays.com\/no\/wp-json\/wp\/v2\/categories?post=27510"},{"taxonomy":"post_tag","embeddable":true,"href":"https:\/\/www.europesays.com\/no\/wp-json\/wp\/v2\/tags?post=27510"}],"curies":[{"name":"wp","href":"https:\/\/api.w.org\/{rel}","templated":true}]}}