{"id":27525,"date":"2025-09-05T08:03:14","date_gmt":"2025-09-05T08:03:14","guid":{"rendered":"https:\/\/www.europesays.com\/no\/27525\/"},"modified":"2025-09-05T08:03:14","modified_gmt":"2025-09-05T08:03:14","slug":"kultur-hamar-en-proysen-eksplosjon-for-var-tid","status":"publish","type":"post","link":"https:\/\/www.europesays.com\/no\/27525\/","title":{"rendered":"Kultur, Hamar | En Pr\u00f8ysen-eksplosjon, for v\u00e5r tid"},"content":{"rendered":"\n<p>S\u00e5 kom Pr\u00f8ysen til oss i v\u00e5r takt, tone og bilde, og var det ikke det vi visste: han ser oss fortsatt innenfra og ut \u2013 oss alle, og s\u00e5 sterkt var det at det gr\u00f8sset av glede i ryggmargen, ogs\u00e5 her vi, i dette \u00e5rtusen, sitter i cyberbl\u00e6sten, orkanen av \u00e5 ikke engang v\u00e5ge \u00e5 stoppe opp for \u00e5 tenke en eneste antydning til en rekke av tanker.<\/p>\n<p>Aldeles p\u00e5 tide. \u00c5 stoppe opp.<\/p>\n<p>Men at det skulle v\u00e6re Alf Pr\u00f8ysen som dro p\u00e5 h\u00e5ndbrekket? For en halvannen time? I dag? I en helt ny drakt?<\/p>\n<p>Teater Innlandets \u00abProsjekt Pr\u00f8ysen \u2013 rak som et lys under storgrana\u00bb dunker fra synth\u2019en og gnistrer \u2013 og den st\u00f8rste stjerna er ikke overraskende, Frida \u00c5nnevik. N\u00e6rmere en datter av Pr\u00f8ysen kommer vi ikke.<\/p>\n<p>I sin debut i en av hovedrollene p\u00e5 en teaterscene tok hun storsalen i sin hjemby i sin egen h\u00e5nd, fra f\u00f8rste drag, med \u00abLomn\u00e6svisa\u00bb.<\/p>\n<p>Det h\u00f8gg i bringen!<\/p>\n<p>Var det dit vi skulle? Var dette vegen?<\/p>\n<p>   <img decoding=\"async\" width=\"1753\" height=\"2560\" fetchpriority=\"low\"  loading=\"lazy\"  src=\"https:\/\/www.europesays.com\/no\/wp-content\/uploads\/2025\/09\/p-pr%C3%B8ysen-frida-anmeld-h%C3%B8yde.jpg\" alt=\"IMPONERER: Teater Innlandet presenterer den nye forestillingen, \" prosjekt=\"\" pr=\"\" rak=\"\" som=\"\" et=\"\" lys=\"\" under=\"\" storgrana=\"\" med=\"\" frida=\"\" glitrer=\"\" i=\"\" en=\"\" av=\"\" hovedrollene.=\"\" foto:=\"\" tale=\"\" hendnes=\"\" local=\"\" caption=\"\" imponerer:=\"\" teater=\"\" innlandet=\"\" presenterer=\"\" den=\"\" nye=\"\" forestillingen=\"\" class=\"brick-c-cFOWSL\" style=\"--brick-image-ratio: 1753 \/ 2560;\"\/><\/p>\n<p>    IMPONERER: Teater Innlandet presenterer den nye forestillingen, &#8216;Prosjekt Pr\u00f8ysen  rak som et lys under storgrana&#8217;, med Frida \u00c5nnevik som glitrer i en av hovedrollene.<br \/>\n    Foto: Tale Hendnes\n  <\/p>\n<p>  En eksplosjon<\/p>\n<p>\u00abJeg lover at det blir fengende\u00bb, sa en av regiss\u00f8rene Magnus Myhr, da han fikk anledningen til sj\u00f8l \u00e5 velge ord for \u00e5 reklamere.<\/p>\n<p>Beskjeden, er vel hva vi kan kalle denne mannen.<\/p>\n<p>Fengende?<\/p>\n<p>En eksplosjon!<\/p>\n<p>En Pr\u00f8ysen-eksplosjon.<\/p>\n<p>For mangfold og aksept.<\/p>\n<p>Og det er noe internasjonalt over det som er malt inn i denne ramma, det er ikke noe fomling. Det er strammet til, skikkelig, og det hele, scenen, hele opplegget, det trekker tankene inn mot forestillinger i en st\u00f8rre europeisk by.<\/p>\n<p>Sammen med J\u00f8rgen Strickert har Myhr tredd en s\u00f8m i klasse med syjenta Florense; en dynamisk teaterforestilling som holder (bikkje) b\u00e5ndet festet i oss stramt i halvannen time.<\/p>\n<p>Terje Str\u00f8mdahl (skuespiller), Frida \u00c5nnevik (sanger og skuespiller), Knut Anders S\u00f8rum (sanger og skuespiller), Synn\u00f8ve Ovrid (musiker), \u00d8yvind R\u00f8srud (musiker og musikalsk leder): P\u00e5 en hvit duk, p\u00e5 en hvit bakvegg, med et hvitt tak, som justeres i h\u00f8yde og i grad, med et laboratorium utstyrt med instrumenter \u2013 og en gjeng p\u00e5 scenen som veksler uforutsigbart i posisjoner, og i framtoning.<\/p>\n<p>   <img decoding=\"async\" width=\"2560\" height=\"1804\" fetchpriority=\"low\"  loading=\"lazy\"  src=\"https:\/\/www.europesays.com\/no\/wp-content\/uploads\/2025\/09\/p-pr%C3%B8ysen-anmeld-alle.jpg\" alt=\"UT P\u00c5 VEGEN: \u00abProsjekt Pr\u00f8ysen - rak som et lys under storgrana\u00bb har hatt sin premiere, skal vises et par ganger til i Kirsten Flagstad-salen - f\u00f8r det er klart for turne i Innlandet. Med: Terje Str\u00f8mdahl (skuespiller), Frida \u00c5nnevik (sanger og skuespiller), Knut Anders S\u00f8rum (sanger og skuespiller), Synn\u00f8ve Ovrid (musiker), \u00d8yvind R\u00f8srud (musiker og musikalsk leder). Foto: Tale Hendnes *** Local Caption *** UT P\u00c5 VEGEN: \u00abProsjekt Pr\u00f8ysen - rak som et lys under storgrana\u00bb har hatt sin premiere, skal vises et par ganger til i Kirsten Flagstad-salen - f\u00f8r det er klart for turne i Innlandet. Med: Terje Str\u00f8mdahl (skuespiller), Frida \u00c5nnevik (sanger og skuespiller), Knut Anders S\u00f8rum (sanger og skuespiller), Synn\u00f8ve Ovrid (musiker), \u00d8yvind R\u00f8srud (musiker og musikalsk leder). Foto: Tale Hendnes\" class=\"brick-c-cFOWSL\" style=\"--brick-image-ratio: 2560 \/ 1804;\"\/><\/p>\n<p>    UT P\u00c5 VEGEN: \u00abProsjekt Pr\u00f8ysen &#8211; rak som et lys under storgrana\u00bb har hatt sin premiere, skal vises et par ganger til i Kirsten Flagstad-salen &#8211; f\u00f8r det er klart for turne i Innlandet. Med: Terje Str\u00f8mdahl (skuespiller), Frida \u00c5nnevik (sanger og skuespiller), Knut Anders S\u00f8rum (sanger og skuespiller), Synn\u00f8ve Ovrid (musiker), \u00d8yvind R\u00f8srud (musiker og musikalsk leder).<br \/>\n    Foto: Tale Hendnes\n  <\/p>\n<p>  Inn i B\u00f8re-skogen<\/p>\n<p>S\u00e5 direkte og kvast. S\u00e5 nedp\u00e5 og s\u00e5 s\u00e5rt.<\/p>\n<p>Tjueto nummer, vekslende mellom lesing av Pr\u00f8ysens stubber, og l\u00e5ter \u2013 og inn mot nedslaget med egenskrevne, personlige og intime stubber.<\/p>\n<p>Stubbene, korte tekster, 742 totalt, som Pr\u00f8ysen skrev for Arbeiderbladets l\u00f8rdagsutgaver &#8211; og disse karakterene i valgte utgaver, de gj\u00f8r det lett \u00e5 f\u00f8lge med; det er \u00aba&#8217; Florense\u00bb, \u00abn&#8217; Tull-Martin\u00bb, \u00abn&#8217; Tull-Martin\u00bb, \u00abJenta ved storgrana\u00bb, \u00aba Florense\u00bb, \u00aba Tull-Sara\u00bb &#8211; og flere med.<\/p>\n<p>Hele forestillingens reise s\u00e5 kompakt og elegant lydlagt, musikalsk grunndrevet av Synn\u00f8ve Ovrid og \u00d8yvind R\u00f8srud \u2013 med millimeterkorrekt st\u00f8tte; med Frida \u00c5nnevik, som antakelig kan spille hva slags instrument som helst, og en dreven og sikker Knut Anders S\u00f8rum.<\/p>\n<p>Terje Str\u00f8mdahl tok oss med inn i B\u00f8re-skogen, der\u2019n B\u00f8re g\u00e5r att, for det gj\u00f8r\u2019n antakelig enn\u00e5 \u2013 og snart snublet vi rundt i skremmende stubber og skr\u00f8mt alle mann, og vi holdt oss fast, s\u00e5 godt vi kunne \u2013 helt til vi lettet kunne slippe taket i applaus for veteranen.<\/p>\n<p>Alt er skakt<\/p>\n<p>Knut Anders S\u00f8rum framf\u00f8rte \u00abKj\u00e6m du i kveld\u00bb i en powerversjon, fulgt av \u00d8yvind R\u00f8sruds t\u00f8ffe og delikate gitar.<\/p>\n<p>Og S\u00f8rum ga oss sin \u00abFrykta\u00bb, inni oss, innerst inne i sjela, der vi kjenner skyggen, som kommer, som blir virkelig, i hver og en av oss, og for alle, og i det skakke: \u00abdet er jo mot naturens orden, at alt skal v\u00e6re rett, hele naturen er jo gjennomsyra av skakkhet, alt er vridd, det er skakt, det er rart, det er unikt, det er mangfoldig, du kan plukke opp en stein, eller rose, eller en pinne, eller en l\u00f8vetann \u2013 og du kan studere den med lupe, eller med mikroskop, eller med helt vanlig gangsyn \u2013 og du vil aldri finne en eneste linje som er helt rett!\u00bb<\/p>\n<p>S\u00e5 gode var de alle fem p\u00e5 scenen, men \u00f8verst i grana blinket Frida \u00c5nnevik. S\u00e5 sterk hun har v\u00e6rt i hele sin karriere, som l\u00e5tmaker og artist, s\u00e5 til de grader med en egen signatur, prisbel\u00f8nnet mange, mange, mange ganger \u2013 men her spratt hun ut av teaterboksen som en presang til oss alle.<\/p>\n<p>   <img decoding=\"async\" width=\"2541\" height=\"1442\" fetchpriority=\"low\"  loading=\"lazy\"  src=\"https:\/\/www.europesays.com\/no\/wp-content\/uploads\/2025\/09\/p-pr%C3%B8ysen-anmeld-musikere.jpg\" alt=\"STERKE BIDRAG: Synn\u00f8ve Ovrid (musiker) og \u00d8yvind R\u00f8srud (musiker og musikalsk leder) gir denne forestillingen sterke bidrag. Foto: Tale Hendnes *** Local Caption *** STERKE BIDRAG: Synn\u00f8ve Ovrid (musiker) og \u00d8yvind R\u00f8srud (musiker og musikalsk leder) gir denne forestillingen sterke bidrag. Foto: Tale Hendnes\" class=\"brick-c-cFOWSL\" style=\"--brick-image-ratio: 2541 \/ 1442;\"\/><\/p>\n<p>    STERKE BIDRAG: Synn\u00f8ve Ovrid (musiker) og \u00d8yvind R\u00f8srud (musiker og musikalsk leder) gir denne forestillingen sterke bidrag.<br \/>\n    Foto: Tale Hendnes\n  <\/p>\n<p>  En n\u00e6r venn<\/p>\n<p>Litt hedmarkens rolig og lun der hun i begynnelsen tuslet rundt med lille stortromma p\u00e5 magen, i denim og strikkajakke, til hun dr\u00f8nnet inn i oss med nevnte \u00abLomn\u00e6svisa\u00bb tidlig i forestillingen, fortsatte med \u00e5 lese den s\u00e5re historien om syersken \u00abFlorense\u00bb, tok gulvet igjen med \u00abJenta ved storgrana\u00bb, fulgt av et r\u00e5tt magabassdrag, s\u00e5pass at det kjentes i mellomgulvet langt oppe p\u00e5 de \u00f8verste radene i Kirsten Flagstad-salen \u2013 og som ikke det skulle v\u00e6re nok: en \u00abSlipsteinvalsen\u00bb av den mektige sorten, slept av g\u00e5rde i orgeldraget fra Knut Anders S\u00f8rum.<\/p>\n<p>Og hennes egne f\u00f8lsomme \u00abstubb\u00bb, \u00abEn ny stubb\u00bb: \u00abmen denne gangen skal jeg skrive s\u00e5 dom forst\u00e5r. Hvem da? Hvem er det som skal forst\u00e5? Jeg har tre tr\u00e5der, sirlig, mellom bokstavene, mellom linjene, slik at kanskje du forst\u00e5r. Mens andre leser rett forbi, og ser ikke tr\u00e5dene som stikker ut.<\/p>\n<p>\u00ab\u00c5 f\u00e5 oppdage, avdekke, frydes over og avsl\u00f8re tegn i tekstene \u2013 og hos meg sj\u00f8l\u00bb, feirer hun i programmet for denne forestillingen.<\/p>\n<p>S\u00e5 til de grader er hun hjemme p\u00e5 denne scenen, der hun f\u00f8lger sin n\u00e6re venn i livet, Alf Pr\u00f8ysen.<\/p>\n<p>\u00c5rets pris<\/p>\n<p>S\u00e5 genuint framst\u00e5r det hele, at, ja:<\/p>\n<p>En kan bli s\u00e5 glad, i s\u00e5 mye og s\u00e5 mange, med et trylleslag, en torsdagskveld midt i Hamar, Hedmarken, i lille Norge, i denne voldsomme og farlige verden, nei, det er knapt til \u00e5 tro.<\/p>\n<p>Der vi dykket ned i det m\u00f8rke, skakke, triste, sinte og vriene.<\/p>\n<p>Kom ut i lyset, det gjorde vi alle mann.<\/p>\n<p>Fra denne Alf Pr\u00f8ysens andakt.<\/p>\n<p>Forestillingen \u00abProsjekt Pr\u00f8ysen \u2013 rak som et lys under storgrana\u00bb kan settes rett opp p\u00e5 peishylla, i v\u00e5re alles hjem.<\/p>\n<p>Som \u00e5rets pris.<\/p>\n<p>Frykten for den store Kirsten Flagstad-salen, med denne spinkle scenen, med f\u00e5 p\u00e5 scenekanten i slengen, kunne det g\u00e5, var en tanke.<\/p>\n<p>Den var feil.<\/p>\n<p>Jeg s\u00e5 f\u00f8rste halvdel av forestillingen fra rad ni, flyttet til oppunder taket etterp\u00e5 \u2013 og alt fungerte utmerket, ogs\u00e5 der.<\/p>\n<p>Men jeg skal se det en gang til, uansett, og velger da en mindre sal, for en mer intim opplevelse.<\/p>\n<p>Det m\u00e5 oppleves.<\/p>\n<p>Og:<\/p>\n<p>For en ny frelse.<\/p>\n<p>            \u00abProsjekt Pr\u00f8ysen &#8211; rak som et lys under storgrana\u00bb<\/p>\n<p>En teaterkonsert basert p\u00e5 stubber og viser av Alf Pr\u00f8ysen<\/p>\n<p>Teater Innlandet i samarbeid med Musikk i Innlandet<\/p>\n<p>Regiss\u00f8rer: Magnus Myhr og J\u00f8rgen Strickert<\/p>\n<p>Med: Terje Str\u00f8mdahl (skuespiller), Frida \u00c5nnevik (sanger og skuespiller), Knut Anders S\u00f8rum (sanger og skuespiller), Synn\u00f8ve Ovrid (musiker), \u00d8yvind R\u00f8srud (musiker og musikalsk leder)<\/p>\n<p>Scenograf og lysdesigner: Elisabeth Kjeldahl Nilsson<\/p>\n<p>Kostymedesigner: Lise S\u00f8raune<\/p>\n<p>Produsent: Camilla \u00d8deg\u00e5rden Bakken<\/p>\n<p>Ytre \u00f8ye: Thea Stabell<\/p>\n<p>Varighet: 90 minutter<\/p>\n<p>Passer for: Unge voksne og voksne<\/p>\n<p>Premiere: 4. september, Kirsten Flagstad-salen, Hamar kulturhus<\/p>\n<p>   <img decoding=\"async\" width=\"2560\" height=\"1469\" fetchpriority=\"low\"  loading=\"lazy\"  src=\"https:\/\/www.europesays.com\/no\/wp-content\/uploads\/2025\/09\/p-anmeld-terje-musikere.jpg\" alt=\"APPLAUS: Terje Str\u00f8mdahl i aksjon for Teater Innlandet - til applaus. Her sammen med Synn\u00f8ve Ovrid (musiker) og \u00d8yvind R\u00f8srud (musiker og musikalsk leder). Foto: Tale Hendnes *** Local Caption *** APPLAUS: Terje Str\u00f8mdahl i aksjon for Teater Innlandet - til applaus. Her sammen med Synn\u00f8ve Ovrid (musiker) og \u00d8yvind R\u00f8srud (musiker og musikalsk leder). Foto: Tale Hendnes\" class=\"brick-c-cFOWSL\" style=\"--brick-image-ratio: 2560 \/ 1469;\"\/><\/p>\n<p>    APPLAUS: Terje Str\u00f8mdahl i aksjon for Teater Innlandet &#8211; til applaus. Her sammen med Synn\u00f8ve Ovrid (musiker) og \u00d8yvind R\u00f8srud (musiker og musikalsk leder).<br \/>\n    Foto: Tale Hendnes\n  <\/p>\n","protected":false},"excerpt":{"rendered":"S\u00e5 kom Pr\u00f8ysen til oss i v\u00e5r takt, tone og bilde, og var det ikke det vi visste:&hellip;\n","protected":false},"author":2,"featured_media":27526,"comment_status":"","ping_status":"","sticky":false,"template":"","format":"standard","meta":{"footnotes":""},"categories":[58],"tags":[118,36,71,1552,410,30,28,29,1881,2909,72],"class_list":{"0":"post-27525","1":"post","2":"type-post","3":"status-publish","4":"format-standard","5":"has-post-thumbnail","7":"category-underholdning","8":"tag-anmeldelse","9":"tag-art","10":"tag-entertainment","11":"tag-hamar","12":"tag-kultur","13":"tag-no","14":"tag-norge","15":"tag-norway","16":"tag-review","17":"tag-teater","18":"tag-underholdning"},"share_on_mastodon":{"url":"","error":""},"_links":{"self":[{"href":"https:\/\/www.europesays.com\/no\/wp-json\/wp\/v2\/posts\/27525","targetHints":{"allow":["GET"]}}],"collection":[{"href":"https:\/\/www.europesays.com\/no\/wp-json\/wp\/v2\/posts"}],"about":[{"href":"https:\/\/www.europesays.com\/no\/wp-json\/wp\/v2\/types\/post"}],"author":[{"embeddable":true,"href":"https:\/\/www.europesays.com\/no\/wp-json\/wp\/v2\/users\/2"}],"replies":[{"embeddable":true,"href":"https:\/\/www.europesays.com\/no\/wp-json\/wp\/v2\/comments?post=27525"}],"version-history":[{"count":0,"href":"https:\/\/www.europesays.com\/no\/wp-json\/wp\/v2\/posts\/27525\/revisions"}],"wp:featuredmedia":[{"embeddable":true,"href":"https:\/\/www.europesays.com\/no\/wp-json\/wp\/v2\/media\/27526"}],"wp:attachment":[{"href":"https:\/\/www.europesays.com\/no\/wp-json\/wp\/v2\/media?parent=27525"}],"wp:term":[{"taxonomy":"category","embeddable":true,"href":"https:\/\/www.europesays.com\/no\/wp-json\/wp\/v2\/categories?post=27525"},{"taxonomy":"post_tag","embeddable":true,"href":"https:\/\/www.europesays.com\/no\/wp-json\/wp\/v2\/tags?post=27525"}],"curies":[{"name":"wp","href":"https:\/\/api.w.org\/{rel}","templated":true}]}}