{"id":275490,"date":"2026-06-24T06:47:16","date_gmt":"2026-06-24T06:47:16","guid":{"rendered":"https:\/\/www.europesays.com\/no\/275490\/"},"modified":"2026-06-24T06:47:16","modified_gmt":"2026-06-24T06:47:16","slug":"starter-massiv-shipping-evakuering-e24","status":"publish","type":"post","link":"https:\/\/www.europesays.com\/no\/275490\/","title":{"rendered":"Starter massiv shipping-evakuering \u2013 E24"},"content":{"rendered":"\n<p class=\"_textTheme_1yhmn_1 _lead_2e275_2 _lead_181bi_18 layout-component layout-wide layout-padded _lead_o6m9k_5 body-large _wide_o6m9k_9\">Etter \u00e5 ha v\u00e6rt innesperret i Persiabukta i n\u00e6r fire m\u00e5neder, kan hundrevis av skip straks v\u00e6re p\u00e5 vei ut. <\/p>\n<p> <img alt=\"Skip i bero i omr\u00e5det rundt Persiabukta i Midt\u00f8sten kan trolig endelig begynne \u00e5 lette anker.\" class=\"_image_4ruhh_84 layout-component layout-wide\" data-fullscreen- data-track-element-type=\"Article image fullscreen\" data-track-name=\"ImageFullscreen\" fetchpriority=\"high\" decoding=\"sync\" loading=\"eager\" height=\"2277\" itemprop=\"image\"  src=\"https:\/\/www.europesays.com\/no\/wp-content\/uploads\/2026\/06\/141bf72a-13cc-36ca-a08f-2bc366a02c6c.jpeg\"  style=\"object-position:0% 0%\" width=\"3550\"\/>Skip i bero i omr\u00e5det rundt Persiabukta i Midt\u00f8sten kan trolig endelig begynne \u00e5 lette anker.  Foto: International Maritime Organization (IMO)Vis mer<a class=\"_link_1wc6r_108\" href=\"https:\/\/e24.no\/forfatter\/fredrick-chr-ekeseth\" title=\"Fredrick Chr. Ekeseth\" rel=\"nofollow noopener\" target=\"_blank\"><img alt=\"Bilde av Fredrick Chr. Ekeseth\" class=\"_image_1wc6r_85\" fetchpriority=\"low\" decoding=\"async\" itemprop=\"image\" loading=\"lazy\"  src=\"https:\/\/www.europesays.com\/no\/wp-content\/uploads\/2026\/06\/1782283632_201_604340f4-1966-4579-8220-2a5375982d4e.png\"  width=\"480\"\/><\/a>        <\/p>\n<p>Oppsummeringen er laget med kunstig intelligens og kvalitetssikret av E24s journalister.<\/p>\n<ul class=\"_list_2e275_3 _list_tj395_103 _unordered_2e275_107 _textTheme_1yhmn_1 body-small\">\n<li class=\"_item_2e275_67\">IMO starter evakuering av over 11.000 sj\u00f8folk som sitter fast i Persiabukta og Hormuzstredet.<\/li>\n<li class=\"_item_2e275_67\">Operasjonen kommer etter fredsavtale mellom USA og Iran, som avslutter konflikten som stengte skipstrafikken.<\/li>\n<li class=\"_item_2e275_67\">Hundrevis av skip st\u00e5r fast i omr\u00e5det, inkludert over 20 norske skip f\u00f8r de f\u00f8rste begynte \u00e5 seile ut denne uken.<\/li>\n<\/ul>\n<p>Vis mer  <\/p>\n<p class=\"_textTheme_1yhmn_1 _paragraph_2e275_4 _paragraph_181bi_27 layout-component layout-normal layout-padded body-medium\">Den internasjonale sj\u00f8fartsorganisasjonen IMO vil begynne \u00e5 evakuere sj\u00f8folk fra Persiabukta og omr\u00e5det rundt Hormuzstredet, if\u00f8lge en melding tirsdag kveld.<\/p>\n<p class=\"_textTheme_1yhmn_1 _paragraph_2e275_4 _paragraph_181bi_27 layout-component layout-normal layout-padded body-medium\">\u2013 Vi vil sette i gang gjennomf\u00f8ringen av evakueringsplanen for de over 11.000 sj\u00f8folkene som fortsatt sitter fast i regionen, sier IMO-sjef Arsenio Dominguez.<\/p>\n<p> <a class=\"_link_16kmj_20\" data-track-id=\"teaser:pBrMz6\" data-track-impression=\"true\" data-track-name=\"Fredriksen har landet\" data-track-element-size=\"small\" data-track-element-type=\"Teaser\" data-track-image-url=\"https:\/\/www.europesays.com\/no\/wp-content\/uploads\/2026\/06\/03808e3d-57ee-343e-81a0-f60cb551f044.jpeg\" data-track-layout-name=\"image:right\" data-track-position-source=\"related-article\" href=\"https:\/\/e24.no\/boers-og-finans\/i\/pBrMz6\/fredriksen-har-landet\" rel=\"nofollow noopener\" target=\"_blank\"><img decoding=\"async\" alt=\"\" class=\"_image_16kmj_77\" height=\"3489\" loading=\"lazy\"  src=\"https:\/\/www.europesays.com\/no\/wp-content\/uploads\/2026\/06\/03808e3d-57ee-343e-81a0-f60cb551f044.jpeg\"  width=\"4652\"\/><\/p>\n<p class=\"label-small _kicker_16kmj_88\">Les ogs\u00e5<\/p>\n<p>Fredriksen har landet<\/a> Sikret garantier <\/p>\n<p class=\"_textTheme_1yhmn_1 _paragraph_2e275_4 _paragraph_181bi_27 layout-component layout-normal layout-padded body-medium\">Denne omfattende operasjonen vil bli gjennomf\u00f8rt i tett samarbeid med Iran, Oman, alle andre kyststater i regionen, USA og den maritime n\u00e6ringen, if\u00f8lge sj\u00f8fartsorganisasjonen.<\/p>\n<p>     <img decoding=\"async\" alt=\"Bilde av Arsenio Dominguez\" class=\"_image_xaoye_47\" height=\"27\" itemprop=\"image\" loading=\"lazy\"  src=\"https:\/\/www.europesays.com\/no\/wp-content\/uploads\/2026\/06\/8404b8de-32b2-3c0b-9f28-d5d3f436d623.jpeg\"  width=\"40\"\/>    Arsenio Dominguez  <\/p>\n<p class=\"_textTheme_1yhmn_1 _paragraph_2e275_4 _title_xaoye_61 body-small\">Generalsekret\u00e6r i Den internasjonale sj\u00f8fartsorganisasjonen IMO.<\/p>\n<p class=\"_textTheme_1yhmn_1 _paragraph_2e275_4 _paragraph_181bi_27 layout-component layout-normal layout-padded body-medium\">\u2013 Vi har sikret oss de n\u00f8dvendige sikkerhetsgarantiene og har grundig kontrollert forutsetningene for sikker navigasjon for \u00e5 kunne gjennomf\u00f8re disse operasjonene, sier IMO-sjefen.<\/p>\n<p class=\"_textTheme_1yhmn_1 _paragraph_2e275_4 _paragraph_181bi_27 layout-component layout-normal layout-padded body-medium\">Operasjonen kommer etter kunngj\u00f8ring av en\u00a0<a href=\"https:\/\/e24.no\/internasjonal-oekonomi\/i\/xrQKmV\/usa-og-iran-avtalen-er-offentliggjort\" class=\"_link_2e275_37\" rel=\"nofollow noopener\" target=\"_blank\">intensjonsavtale om veien mot fred mellom USA og Iran<\/a>.<\/p>\n<p> <a class=\"_link_16kmj_20\" data-track-id=\"teaser:43m8n6\" data-track-impression=\"true\" data-track-name=\"Dette m\u00e5 du vite om Iran-avtalen\" data-track-element-size=\"small\" data-track-element-type=\"Teaser\" data-track-image-url=\"https:\/\/www.europesays.com\/no\/wp-content\/uploads\/2026\/06\/1782283634_757_3a266d78-c45b-3d64-82b2-f68804c894c3.jpeg\" data-track-layout-name=\"image:right\" data-track-position-source=\"related-article\" href=\"https:\/\/e24.no\/energi-og-klima\/i\/43m8n6\/dette-maa-du-vite-om-iran-avtalen\" rel=\"nofollow noopener\" target=\"_blank\"><img decoding=\"async\" alt=\"\" class=\"_image_16kmj_77\" height=\"4559\" loading=\"lazy\"  src=\"https:\/\/www.europesays.com\/no\/wp-content\/uploads\/2026\/06\/1782283634_757_3a266d78-c45b-3d64-82b2-f68804c894c3.jpeg\"  width=\"6838\"\/><\/p>\n<p class=\"label-small _kicker_16kmj_88\">Les ogs\u00e5<\/p>\n<p>Dette m\u00e5 du vite om Iran-avtalen<\/a>  Hedrer sj\u00f8folk <\/p>\n<p class=\"_textTheme_1yhmn_1 _paragraph_2e275_4 _paragraph_181bi_27 layout-component layout-normal layout-padded body-medium\">IMO-sjefen \u00f8nsker avtalen velkommen. <\/p>\n<p class=\"_textTheme_1yhmn_1 _paragraph_2e275_4 _paragraph_181bi_27 layout-component layout-normal layout-padded body-medium\">Han hedrer ogs\u00e5 de 14 uskyldige sj\u00f8folkene som p\u00e5 tragisk vis mistet livet under konflikten.<\/p>\n<p class=\"_textTheme_1yhmn_1 _paragraph_2e275_4 _paragraph_181bi_27 layout-component layout-normal layout-padded body-medium\">\u2013 Den markerer et avgj\u00f8rende skritt mot \u00e5 gjenopprette sikkerheten til sj\u00f8s og sette en stopper for de uakseptable angrepene mot sivil skipsfart, sier Dominguez.<\/p>\n<p> <a class=\"_link_16kmj_20\" data-track-id=\"teaser:lnOjPy\" data-track-impression=\"true\" data-track-name=\"Joker kan velte USA og Irans avtale\" data-track-element-size=\"small\" data-track-element-type=\"Teaser\" data-track-image-url=\"https:\/\/www.europesays.com\/no\/wp-content\/uploads\/2026\/06\/1782283634_710_f6868dc7-01b5-33b3-8220-17cad96063cc.jpeg\" data-track-layout-name=\"image:right\" data-track-position-source=\"related-article\" href=\"https:\/\/e24.no\/energi-og-klima\/i\/lnOjPy\/joker-kan-velte-usa-og-irans-avtale\" rel=\"nofollow noopener\" target=\"_blank\"><img decoding=\"async\" alt=\"\" class=\"_image_16kmj_77\" height=\"3667\" loading=\"lazy\"  src=\"https:\/\/www.europesays.com\/no\/wp-content\/uploads\/2026\/06\/1782283634_710_f6868dc7-01b5-33b3-8220-17cad96063cc.jpeg\"  width=\"5500\"\/><\/p>\n<p class=\"label-small _kicker_16kmj_88\">Les ogs\u00e5<\/p>\n<p>Joker kan velte USA og Irans avtale<\/a> Ute <\/p>\n<p class=\"_textTheme_1yhmn_1 _paragraph_2e275_4 _paragraph_181bi_27 layout-component layout-normal layout-padded body-medium\">Tirsdag bekreftet det norske kjemikalietankrederiet\u00a0<a href=\"https:\/\/e24.no\/boers-og-finans\/i\/7pRVyB\/odfjell-skip-ute-av-persiabukta-etter-klarsignal-fra-usa\" class=\"_link_2e275_37\" rel=\"nofollow noopener\" target=\"_blank\">Odfjell at ett av deres skip hadde kommet seg ut av Persiabukta<\/a>.<\/p>\n<p class=\"_textTheme_1yhmn_1 _paragraph_2e275_4 _paragraph_181bi_27 layout-component layout-normal layout-padded body-medium\">Skipet har ligget inne i Persiabukta siden f\u00f8r 28. februar, da USA og Israel gikk til krig mot Iran. <\/p>\n<p class=\"_textTheme_1yhmn_1 _paragraph_2e275_4 _paragraph_181bi_27 layout-component layout-normal layout-padded body-medium\">Odfjell har hatt fire skip, hvorav tre egeneide, innesperret i bukten.<\/p>\n<p>     <img decoding=\"async\" alt=\"Bilde av Harald Fotland\" class=\"_image_xaoye_47\" height=\"53\" itemprop=\"image\" loading=\"lazy\"  src=\"https:\/\/www.europesays.com\/no\/wp-content\/uploads\/2026\/06\/e8e65727-1ecc-3a36-9e85-196b6daa67e4.jpeg\"  width=\"40\"\/>    Harald Fotland  <\/p>\n<p class=\"_textTheme_1yhmn_1 _paragraph_2e275_4 _title_xaoye_61 body-small\">Administrerende direkt\u00f8r i Odfjell SE.<\/p>\n<p class=\"_textTheme_1yhmn_1 _paragraph_2e275_4 _paragraph_181bi_27 layout-component layout-normal layout-padded body-medium\">\u2013 Sikkerheten til v\u00e5re folk om bord er fortsatt v\u00e5r h\u00f8yeste prioritet, og vi f\u00f8lger utviklingen tett, minutt for minutt, sa Odfjell-sjef Harald Fotland til E24 i forrige uke.<\/p>\n<p> <a class=\"_link_16kmj_20\" data-track-id=\"teaser:GxjA2l\" data-track-impression=\"true\" data-track-name=\"Rederier n\u00f8ler med \u00e5 seile igjennom Hormuzstredet: \u2013 Vil ta lang tid\" data-track-element-size=\"small\" data-track-element-type=\"Teaser\" data-track-image-url=\"https:\/\/www.europesays.com\/no\/wp-content\/uploads\/2026\/06\/1782283635_189_5d7cca70-79ab-3e1e-92f0-68ec6230c7f8.jpeg\" data-track-layout-name=\"image:right\" data-track-position-source=\"related-article\" href=\"https:\/\/e24.no\/internasjonal-oekonomi\/i\/GxjA2l\/rederier-noeler-med-aa-seile-igjennom-hormuzstredet-vil-ta-lang-tid\" rel=\"nofollow noopener\" target=\"_blank\"><img decoding=\"async\" alt=\"\" class=\"_image_16kmj_77\" height=\"3667\" loading=\"lazy\"  src=\"https:\/\/www.europesays.com\/no\/wp-content\/uploads\/2026\/06\/1782283635_189_5d7cca70-79ab-3e1e-92f0-68ec6230c7f8.jpeg\"  width=\"5500\"\/><\/p>\n<p class=\"label-small _kicker_16kmj_88\">Les ogs\u00e5<\/p>\n<p>Rederier n\u00f8ler med \u00e5 seile igjennom Hormuzstredet: \u2013 Vil ta lang tid<\/a> Langt frem <\/p>\n<p class=\"_textTheme_1yhmn_1 _paragraph_2e275_4 _paragraph_181bi_27 layout-component layout-normal layout-padded body-medium\">Mandag ble det klart at to skip fra Nordic American Tankers\u00a0<a href=\"https:\/\/e24.no\/internasjonal-oekonomi\/i\/ln9w39\/to-nye-norske-skip-ute-av-hormuzstredet\" class=\"_link_2e275_37\" rel=\"nofollow noopener\" target=\"_blank\">ogs\u00e5 hadde gjennomf\u00f8rt utseiling<\/a>.<\/p>\n<p class=\"_textTheme_1yhmn_1 _paragraph_2e275_4 _paragraph_181bi_27 layout-component layout-normal layout-padded body-medium\">Forrige mandag, og f\u00f8r disse og Odfjells \u00abBow Saga\u00bb seilte ut, var det\u00a0<a href=\"https:\/\/e24.no\/internasjonal-oekonomi\/i\/GxjA2l\/rederier-noeler-med-aa-seile-igjennom-hormuzstredet-vil-ta-lang-tid\" class=\"_link_2e275_37\" rel=\"nofollow noopener\" target=\"_blank\">over 20 norsktilknyttede skip som fortsatt var innesperret<\/a>\u00a0i Persiabukta.<\/p>\n<p class=\"_textTheme_1yhmn_1 _paragraph_2e275_4 _paragraph_181bi_27 layout-component layout-normal layout-padded body-medium\">Det er antatt at hundrevis av skip st\u00e5r fast i omr\u00e5det etter at konflikten mellom USA og Iran i praksis stengte for seiling via Hormuzstredet.<\/p>\n<p class=\"_textTheme_1yhmn_1 _paragraph_2e275_4 _paragraph_181bi_27 layout-component layout-normal layout-padded body-medium\">N\u00e6ringen har varslet at det <a href=\"https:\/\/e24.no\/internasjonal-oekonomi\/i\/GxjA2l\/rederier-noeler-med-aa-seile-igjennom-hormuzstredet-vil-ta-lang-tid\" class=\"_link_2e275_37\" rel=\"nofollow noopener\" target=\"_blank\">trolig vil ta flere m\u00e5neder f\u00f8r sj\u00f8trafikken i omr\u00e5det normaliseres<\/a>.<\/p>\n<p> <a class=\"_link_16kmj_20\" data-track-id=\"teaser:n1mAbx\" data-track-impression=\"true\" data-track-name=\"Oljeanalytiker tror markedet er for optimistisk\" data-track-element-size=\"small\" data-track-element-type=\"Teaser\" data-track-image-url=\"https:\/\/www.europesays.com\/no\/wp-content\/uploads\/2026\/06\/1782283636_197_5d2ccbdd-cea8-3229-aa13-c8a5b45a836a.jpeg\" data-track-layout-name=\"image:right\" data-track-position-source=\"related-article\" href=\"https:\/\/e24.no\/energi-og-klima\/i\/n1mAbx\/advarer-mot-oljejubel-vi-er-ikke-i-maal\" rel=\"nofollow noopener\" target=\"_blank\"><img decoding=\"async\" alt=\"\" class=\"_image_16kmj_77\" height=\"4160\" loading=\"lazy\"  src=\"https:\/\/www.europesays.com\/no\/wp-content\/uploads\/2026\/06\/1782283636_197_5d2ccbdd-cea8-3229-aa13-c8a5b45a836a.jpeg\"  width=\"6240\"\/><\/p>\n<p class=\"label-small _kicker_16kmj_88\">Les ogs\u00e5<\/p>\n<p>Oljeanalytiker tror markedet er for optimistisk<\/a>     <a class=\"_link_16kmj_20\" data-track-id=\"teaser:JOBV0P\" data-track-impression=\"true\" data-track-name=\"Eksperter om boligmarkedet: \u2013 Mindre fristende \u00e5 makse alle rammer\" data-track-element-size=\"small\" data-track-element-type=\"Teaser\" data-track-image-url=\"https:\/\/www.europesays.com\/no\/wp-content\/uploads\/2026\/06\/1782283636_397_ac699f8e-9a7b-357b-b1a8-844c434c95a0.jpeg\" data-track-layout-name=\"image:right\" data-track-position-source=\"related-article\" href=\"https:\/\/e24.no\/norsk-oekonomi\/i\/JOBV0P\/eksperter-om-boligmarkedet-mindre-fristende-aa-makse-alle-rammer\" rel=\"nofollow noopener\" target=\"_blank\"><img decoding=\"async\" alt=\"\" class=\"_image_16kmj_77\" height=\"3529\" loading=\"lazy\"  src=\"https:\/\/www.europesays.com\/no\/wp-content\/uploads\/2026\/06\/1782283636_397_ac699f8e-9a7b-357b-b1a8-844c434c95a0.jpeg\"  width=\"5294\"\/><\/p>\n<p class=\"label-small _kicker_16kmj_88\">Les ogs\u00e5<\/p>\n<p>Eksperter om boligmarkedet: \u2013 Mindre fristende \u00e5 makse alle rammer<\/a>             <\/p>\n","protected":false},"excerpt":{"rendered":"Etter \u00e5 ha v\u00e6rt innesperret i Persiabukta i n\u00e6r fire m\u00e5neder, kan hundrevis av skip straks v\u00e6re p\u00e5&hellip;\n","protected":false},"author":2,"featured_media":275491,"comment_status":"","ping_status":"","sticky":false,"template":"","format":"standard","meta":{"footnotes":"","_share_on_mastodon":"0"},"categories":[12],"tags":[20,21,24,25,15,18143,3228,22,23,13,30,21357,28,29,14,18953,16,12175,1697,17740,26,27,50,42,43,44,45],"class_list":["post-275490","post","type-post","status-publish","format-standard","has-post-thumbnail","category-verden","tag-breaking-news","tag-breakingnews","tag-featured-news","tag-featurednews","tag-headlines","tag-hormuzstredet","tag-iran","tag-latest-news","tag-latestnews","tag-news","tag-no","tag-nordic-american-tankers","tag-norge","tag-norway","tag-nyheter","tag-odfjell","tag-overskrifter","tag-shipping","tag-skipsfart","tag-sla-av-ticker-pa-front","tag-top-stories","tag-topstories","tag-usa","tag-verden","tag-world","tag-world-news","tag-worldnews"],"share_on_mastodon":{"url":"https:\/\/pubeurope.com\/@no\/116803747614944490","error":""},"_links":{"self":[{"href":"https:\/\/www.europesays.com\/no\/wp-json\/wp\/v2\/posts\/275490","targetHints":{"allow":["GET"]}}],"collection":[{"href":"https:\/\/www.europesays.com\/no\/wp-json\/wp\/v2\/posts"}],"about":[{"href":"https:\/\/www.europesays.com\/no\/wp-json\/wp\/v2\/types\/post"}],"author":[{"embeddable":true,"href":"https:\/\/www.europesays.com\/no\/wp-json\/wp\/v2\/users\/2"}],"replies":[{"embeddable":true,"href":"https:\/\/www.europesays.com\/no\/wp-json\/wp\/v2\/comments?post=275490"}],"version-history":[{"count":0,"href":"https:\/\/www.europesays.com\/no\/wp-json\/wp\/v2\/posts\/275490\/revisions"}],"wp:featuredmedia":[{"embeddable":true,"href":"https:\/\/www.europesays.com\/no\/wp-json\/wp\/v2\/media\/275491"}],"wp:attachment":[{"href":"https:\/\/www.europesays.com\/no\/wp-json\/wp\/v2\/media?parent=275490"}],"wp:term":[{"taxonomy":"category","embeddable":true,"href":"https:\/\/www.europesays.com\/no\/wp-json\/wp\/v2\/categories?post=275490"},{"taxonomy":"post_tag","embeddable":true,"href":"https:\/\/www.europesays.com\/no\/wp-json\/wp\/v2\/tags?post=275490"}],"curies":[{"name":"wp","href":"https:\/\/api.w.org\/{rel}","templated":true}]}}