{"id":275568,"date":"2026-06-24T08:44:16","date_gmt":"2026-06-24T08:44:16","guid":{"rendered":"https:\/\/www.europesays.com\/no\/275568\/"},"modified":"2026-06-24T08:44:16","modified_gmt":"2026-06-24T08:44:16","slug":"finanstilsynet-slakter-storebrand-villedende-om-baerekraft-e24","status":"publish","type":"post","link":"https:\/\/www.europesays.com\/no\/275568\/","title":{"rendered":"Finanstilsynet slakter Storebrand: \u2013 Villedende om b\u00e6rekraft \u2013 E24"},"content":{"rendered":"\n<p class=\"_textTheme_1yhmn_1 _lead_2e275_2 _lead_181bi_18 layout-component layout-wide layout-padded _lead_o6m9k_5 body-large _wide_o6m9k_9\">Banken fremstilte fond som mer milj\u00f8vennlige enn de faktisk var.<\/p>\n<p> <img alt=\"Storebrand-sjef Odd Arild Grefstad har f\u00e5tt en besk tilsynsrapport i fanget etter tilsyn med markedsf\u00f8ringen p\u00e5 kron.no.\" class=\"_image_4ruhh_84 layout-component layout-wide\" data-fullscreen- data-track-element-type=\"Article image fullscreen\" data-track-name=\"ImageFullscreen\" fetchpriority=\"high\" decoding=\"sync\" loading=\"eager\" height=\"1707\" itemprop=\"image\"  src=\"https:\/\/www.europesays.com\/no\/wp-content\/uploads\/2026\/06\/0dc292f1-7422-31df-ae11-7583ea8e95fa.jpeg\"  style=\"object-position:50.80078125000001% 52.05038078500293%\" width=\"2560\"\/>Storebrand-sjef Odd Arild Grefstad har f\u00e5tt en besk tilsynsrapport i fanget etter tilsyn med markedsf\u00f8ringen p\u00e5 kron.no.  Foto: Thomas B Eckhoff \/ StorebrandVis mer<a class=\"_link_1wc6r_108\" href=\"https:\/\/e24.no\/forfatter\/fredrick-chr-ekeseth\" title=\"Fredrick Chr. Ekeseth\" rel=\"nofollow noopener\" target=\"_blank\"><img alt=\"Bilde av Fredrick Chr. Ekeseth\" class=\"_image_1wc6r_85\" fetchpriority=\"low\" decoding=\"async\" itemprop=\"image\" loading=\"lazy\"  src=\"https:\/\/www.europesays.com\/no\/wp-content\/uploads\/2026\/06\/1782290653_519_604340f4-1966-4579-8220-2a5375982d4e.png\"  width=\"480\"\/><\/a>        <\/p>\n<p>Oppsummeringen er laget med kunstig intelligens og kvalitetssikret av E24s journalister.<\/p>\n<ul class=\"_list_2e275_3 _list_tj395_103 _unordered_2e275_107 _textTheme_1yhmn_1 body-small\">\n<li class=\"_item_2e275_67\">Finanstilsynet sl\u00e5r fast at Storebrand Bank ga villedende b\u00e6rekraftsinformasjon om fond p\u00e5 sine nettsider kron.no.<\/li>\n<li class=\"_item_2e275_67\">Ratinger ble fremstilt som om de gjaldt b\u00e6rekraftige investeringer, selv om det kun handlet om b\u00e6rekraftsrisiko.<\/li>\n<li class=\"_item_2e275_67\">Fond kunne derfor fremst\u00e5 som gr\u00f8nnere enn de faktisk var.<\/li>\n<li class=\"_item_2e275_67\">Storebrand Bank har allerede fjernet de villedende ratingene og endret rutinene sine etter kritikken.<\/li>\n<\/ul>\n<p>Vis mer  <\/p>\n<p class=\"_textTheme_1yhmn_1 _paragraph_2e275_4 _paragraph_181bi_27 layout-component layout-normal layout-padded body-medium\">Finanstilsynet har gjennomf\u00f8rt tilsyn med Storebrand Bank, og konklusjonen er klar: Informasjonen om b\u00e6rekraft p\u00e5 bankens nettsider var villedende for kundene.<\/p>\n<p class=\"_textTheme_1yhmn_1 _paragraph_2e275_4 _paragraph_181bi_27 layout-component layout-normal layout-padded body-medium\">Det g\u00e5r fram av en\u00a0<a href=\"https:\/\/www.finanstilsynet.no\/nyhetsarkiv\/tilsynsrapporter\/2026\/tilsynsrapport---storebrand-bank-asa2\/\" class=\"_link_2e275_37\" rel=\"nofollow noopener\" target=\"_blank\">tilsynsrapport<\/a>\u00a0som ble publisert onsdag.<\/p>\n<p class=\"_textTheme_1yhmn_1 _paragraph_2e275_4 _paragraph_181bi_27 layout-component layout-normal layout-padded body-medium\">\u00abFinanstilsynet vurderte b\u00e6rekraftsinformasjon p\u00e5 foretakets nettsider som villedende. Ratinger som gjaldt hvordan b\u00e6rekraft kan p\u00e5virke fondets avkastning, det vil si b\u00e6rekraftsrisiko, var feilaktig fremstilt som om de gjaldt b\u00e6rekraftige investeringer\u00bb, heter det.<\/p>\n<p> <a class=\"_link_16kmj_20\" data-track-id=\"teaser:pBrMz6\" data-track-impression=\"true\" data-track-name=\"Fredriksen har landet\" data-track-element-size=\"small\" data-track-element-type=\"Teaser\" data-track-image-url=\"https:\/\/www.europesays.com\/no\/wp-content\/uploads\/2026\/06\/1782290653_233_03808e3d-57ee-343e-81a0-f60cb551f044.jpeg\" data-track-layout-name=\"image:right\" data-track-position-source=\"related-article\" href=\"https:\/\/e24.no\/boers-og-finans\/i\/pBrMz6\/fredriksen-har-landet\" rel=\"nofollow noopener\" target=\"_blank\"><img decoding=\"async\" alt=\"\" class=\"_image_16kmj_77\" height=\"3489\" loading=\"lazy\"  src=\"https:\/\/www.europesays.com\/no\/wp-content\/uploads\/2026\/06\/1782290653_233_03808e3d-57ee-343e-81a0-f60cb551f044.jpeg\"  width=\"4652\"\/><\/p>\n<p class=\"label-small _kicker_16kmj_88\">Les ogs\u00e5<\/p>\n<p>Fredriksen har landet<\/a> \u2013 Skal v\u00e6re korrekt <\/p>\n<p class=\"_textTheme_1yhmn_1 _paragraph_2e275_4 _paragraph_181bi_27 layout-component layout-normal layout-padded body-medium\">Finanstilsynet har gjennomf\u00f8rt et tilsyn med markedsf\u00f8ringen p\u00e5 nettsiden kron.no, som drives av Storebrand Bank.<\/p>\n<p class=\"_textTheme_1yhmn_1 _paragraph_2e275_4 _paragraph_181bi_27 layout-component layout-normal layout-padded body-medium\">P\u00e5 nettsiden ble fond rangert med s\u00e5kalte \u00abMorningstar-globuser\u00bb under overskriften \u00abB\u00e6rekraft\u00bb. Jo flere kloder, desto mer b\u00e6rekraftig fremsto fondet. <\/p>\n<p class=\"_textTheme_1yhmn_1 _paragraph_2e275_4 _paragraph_181bi_27 layout-component layout-normal layout-padded body-medium\">Men if\u00f8lge Finanstilsynet handlet ratingen i virkeligheten om noe helt annet, nemlig hvordan b\u00e6rekraft kan p\u00e5virke fondets avkastning \u2013 alts\u00e5 b\u00e6rekraftsrisiko.<\/p>\n<p class=\"_textTheme_1yhmn_1 _paragraph_2e275_4 _paragraph_181bi_27 layout-component layout-normal layout-padded body-medium\">\u2013 F\u00f8rsteinntrykket skal v\u00e6re korrekt, understreker Finanstilsynet i rapporten.<\/p>\n<p>  <a class=\"_link_16kmj_20\" data-track-id=\"teaser:j0KyjL\" data-track-impression=\"true\" data-track-name=\"Aksjetips for sommeren: Dette m\u00e5 du tenke p\u00e5\" data-track-element-size=\"small\" data-track-element-type=\"Teaser\" data-track-image-url=\"https:\/\/www.europesays.com\/no\/wp-content\/uploads\/2026\/06\/1782290654_281_0d2c0698-6b83-3c6b-a519-a846320214a4.jpeg\" data-track-layout-name=\"image:right\" data-track-position-source=\"related-article\" href=\"https:\/\/e24.no\/boers-og-finans\/i\/j0KyjL\/aksjetips-for-sommeren-dette-maa-du-tenke-paa\" rel=\"nofollow noopener\" target=\"_blank\"><img decoding=\"async\" alt=\"\" class=\"_image_16kmj_77\" height=\"4000\" loading=\"lazy\"  src=\"https:\/\/www.europesays.com\/no\/wp-content\/uploads\/2026\/06\/1782290654_281_0d2c0698-6b83-3c6b-a519-a846320214a4.jpeg\"  width=\"6000\"\/><\/p>\n<p class=\"label-small _kicker_16kmj_88\">Les ogs\u00e5<\/p>\n<p>Aksjetips for sommeren: Dette m\u00e5 du tenke p\u00e5<\/a> Fremstilt gr\u00f8nnere <\/p>\n<p class=\"_textTheme_1yhmn_1 _paragraph_2e275_4 _paragraph_181bi_27 layout-component layout-normal layout-padded body-medium\">Tilsynet er ogs\u00e5 kritisk til at kundene kunne filtrere fond etter artiklene 6, 8 og 9 i offentliggj\u00f8ringsforordningen, beskrevet som \u00abH\u00f8y\u00bb, \u00abMedium\u00bb og \u00abIngen\u00bb b\u00e6rekraft.<\/p>\n<p class=\"_textTheme_1yhmn_1 _paragraph_2e275_4 _paragraph_181bi_27 layout-component layout-normal layout-padded body-medium\">Ogs\u00e5 fond med sv\u00e6rt begrensede b\u00e6rekraftsegenskaper kan rapportere etter artikkel 8, og slik kunne fondene fremst\u00e5 som gr\u00f8nnere enn de var.<\/p>\n<p class=\"_textTheme_1yhmn_1 _paragraph_2e275_4 _paragraph_181bi_27 layout-component layout-normal layout-padded body-medium\">\u2013 Finanstilsynet er kritisk til at foretaket ikke har innrettet seg i tr\u00e5d med kravene, heter det i rapporten.<\/p>\n<p> <a class=\"_link_16kmj_20\" data-track-id=\"teaser:JOBV0P\" data-track-impression=\"true\" data-track-name=\"Eksperter om boligmarkedet: \u2013 Mindre fristende \u00e5 makse alle rammer\" data-track-element-size=\"small\" data-track-element-type=\"Teaser\" data-track-image-url=\"https:\/\/www.europesays.com\/no\/wp-content\/uploads\/2026\/06\/1782290654_502_ac699f8e-9a7b-357b-b1a8-844c434c95a0.jpeg\" data-track-layout-name=\"image:right\" data-track-position-source=\"related-article\" href=\"https:\/\/e24.no\/norsk-oekonomi\/i\/JOBV0P\/eksperter-om-boligmarkedet-mindre-fristende-aa-makse-alle-rammer\" rel=\"nofollow noopener\" target=\"_blank\"><img decoding=\"async\" alt=\"\" class=\"_image_16kmj_77\" height=\"3529\" loading=\"lazy\"  src=\"https:\/\/www.europesays.com\/no\/wp-content\/uploads\/2026\/06\/1782290654_502_ac699f8e-9a7b-357b-b1a8-844c434c95a0.jpeg\"  width=\"5294\"\/><\/p>\n<p class=\"label-small _kicker_16kmj_88\">Les ogs\u00e5<\/p>\n<p>Eksperter om boligmarkedet: \u2013 Mindre fristende \u00e5 makse alle rammer<\/a> \u2013 L\u00e6rt <\/p>\n<p class=\"_textTheme_1yhmn_1 _paragraph_2e275_4 _paragraph_181bi_27 layout-component layout-normal layout-padded body-medium\">Storebrand p\u00e5peker at de er p\u00e5lagt \u00e5 gj\u00f8re det mulig for forbruker \u00e5 ta mer b\u00e6rekraftige valg, men erkjenner feil.<\/p>\n<p>     <img decoding=\"async\" alt=\"Bilde av Simen Rudi\" class=\"_image_xaoye_47\" height=\"47\" itemprop=\"image\" loading=\"lazy\"  src=\"https:\/\/www.europesays.com\/no\/wp-content\/uploads\/2026\/06\/cebc5503-fac3-340a-a3c8-e39ac2f6b40a.jpeg\"  width=\"40\"\/>    Simen Rudi  <\/p>\n<p class=\"_textTheme_1yhmn_1 _paragraph_2e275_4 _title_xaoye_61 body-small\">Kommunikasjonssjef privatmarked i Storebrand.<\/p>\n<p class=\"_textTheme_1yhmn_1 _paragraph_2e275_4 _paragraph_181bi_27 layout-component layout-normal layout-padded body-medium\">\u2013 Vi har rett og slett bommet, og brukt en gammel forklaring knyttet til Morningstars m\u00e5ling av b\u00e6rekraftrisiko, i en faktaboks. Det skulle ikke skjedd, og det har vi har n\u00e5 rettet opp i, sier kommunikasjonssjef Simen Rudi i Storebrand til E24.<\/p>\n<p class=\"_textTheme_1yhmn_1 _paragraph_2e275_4 _paragraph_181bi_27 layout-component layout-normal layout-padded body-medium\">Han legger til at selskapet stadig jobber med \u00e5 forbedre hvordan b\u00e6rekraftige valg presenteres.<\/p>\n<p class=\"_textTheme_1yhmn_1 _paragraph_2e275_4 _paragraph_181bi_27 layout-component layout-normal layout-padded body-medium\">\u2013 Vi ser at spesielt unge og kvinner \u00f8nsker \u00e5 kj\u00f8pe fond som tar hensyn til b\u00e6rekraft. V\u00e5rt m\u00e5l er b\u00e5de gj\u00f8re det enkelt for kundene \u00e5 ta gode b\u00e6rekraftvalg og samtidig f\u00f8lge alle regler, men vi har ikke helt f\u00e5tt det til denne gangen. Det har vi l\u00e6rt vi av, sier Rudi.<\/p>\n<p> Gjort endringer <\/p>\n<p class=\"_textTheme_1yhmn_1 _paragraph_2e275_4 _paragraph_181bi_27 layout-component layout-normal layout-padded body-medium\">Storebrand Bank har ogs\u00e5 if\u00f8lge rapporten allerede iverksatt flere tiltak. <\/p>\n<p class=\"_textTheme_1yhmn_1 _paragraph_2e275_4 _paragraph_181bi_27 layout-component layout-normal layout-padded body-medium\">Klodene og artikkelinndelingen er fjernet som egne kolonner i fondsoversikten, og karbonrisiko-ratingen er fjernet helt, fremg\u00e5r det.<\/p>\n<p class=\"_textTheme_1yhmn_1 _paragraph_2e275_4 _paragraph_181bi_27 layout-component layout-normal layout-padded body-medium\">Banken opplyser at rutiner for kvalitetssikring skal gjennomg\u00e5s, fremg\u00e5r det.<\/p>\n<p class=\"_textTheme_1yhmn_1 _paragraph_2e275_4 _paragraph_181bi_27 layout-component layout-normal layout-padded body-medium\">Teksten er skrevet ved hjelp av et AI-verkt\u00f8y. Den er lest gjennom og redigert av journalisten. Les E24s AI-retningslinjer\u00a0<a href=\"https:\/\/e24.no\/informasjon\/ai-retningslinjer\" class=\"_link_2e275_37\" rel=\"nofollow noopener\" target=\"_blank\">her<\/a>.<\/p>\n<p> <a class=\"_link_16kmj_20\" data-track-id=\"teaser:n1m4AB\" data-track-impression=\"true\" data-track-name=\"Starter massiv shipping-evakuering\" data-track-element-size=\"small\" data-track-element-type=\"Teaser\" data-track-image-url=\"https:\/\/www.europesays.com\/no\/wp-content\/uploads\/2026\/06\/1782290655_642_5d7cca70-79ab-3e1e-92f0-68ec6230c7f8.jpeg\" data-track-layout-name=\"image:right\" data-track-position-source=\"related-article\" href=\"https:\/\/e24.no\/internasjonal-oekonomi\/i\/n1m4AB\/starter-massiv-shipping-evakuering\" rel=\"nofollow noopener\" target=\"_blank\"><img decoding=\"async\" alt=\"\" class=\"_image_16kmj_77\" height=\"3667\" loading=\"lazy\"  src=\"https:\/\/www.europesays.com\/no\/wp-content\/uploads\/2026\/06\/1782290655_642_5d7cca70-79ab-3e1e-92f0-68ec6230c7f8.jpeg\"  width=\"5500\"\/><\/p>\n<p class=\"label-small _kicker_16kmj_88\">Les ogs\u00e5<\/p>\n<p>Starter massiv shipping-evakuering<\/a>     <a class=\"_link_16kmj_20\" data-track-id=\"teaser:K8jbqo\" data-track-impression=\"true\" data-track-name=\"Pensjonsgrep: Dette b\u00f8r du sjekke\" data-track-element-size=\"small\" data-track-element-type=\"Teaser\" data-track-image-url=\"https:\/\/www.europesays.com\/no\/wp-content\/uploads\/2026\/06\/f6ccdb15-30c9-3394-8bfb-a26a5d33684e.jpeg\" data-track-layout-name=\"image:right\" data-track-position-source=\"related-article\" href=\"https:\/\/e24.no\/boers-og-finans\/i\/K8jbqo\/storebrand-gjoer-endringer-i-pensjonsprofilen-dette-maa-du-sjekke\" rel=\"nofollow noopener\" target=\"_blank\"><img decoding=\"async\" alt=\"\" class=\"_image_16kmj_77\" height=\"4000\" loading=\"lazy\"  src=\"https:\/\/www.europesays.com\/no\/wp-content\/uploads\/2026\/06\/f6ccdb15-30c9-3394-8bfb-a26a5d33684e.jpeg\"  width=\"6000\"\/><\/p>\n<p class=\"label-small _kicker_16kmj_88\">Les ogs\u00e5<\/p>\n<p>Pensjonsgrep: Dette b\u00f8r du sjekke<\/a>     <a class=\"_link_16kmj_20\" data-track-id=\"teaser:QJ9RxV\" data-track-impression=\"true\" data-track-name=\"Instabank dropper Finland-flytting\" data-track-element-size=\"small\" data-track-element-type=\"Teaser\" data-track-image-url=\"https:\/\/www.europesays.com\/no\/wp-content\/uploads\/2026\/06\/1782290656_680_eb8f6a65-fb21-4d34-945d-0baf02506e24.jpeg\" data-track-layout-name=\"image:right\" data-track-position-source=\"related-article\" href=\"https:\/\/e24.no\/boers-og-finans\/i\/QJ9RxV\/instabank-dropper-finland-flytting\" rel=\"nofollow noopener\" target=\"_blank\"><img decoding=\"async\" alt=\"\" class=\"_image_16kmj_77\" height=\"2848\" loading=\"lazy\"  src=\"https:\/\/www.europesays.com\/no\/wp-content\/uploads\/2026\/06\/1782290656_680_eb8f6a65-fb21-4d34-945d-0baf02506e24.jpeg\"  width=\"4288\"\/><\/p>\n<p class=\"label-small _kicker_16kmj_88\">Les ogs\u00e5<\/p>\n<p>Instabank dropper Finland-flytting<\/a>         <\/p>\n","protected":false},"excerpt":{"rendered":"Banken fremstilte fond som mer milj\u00f8vennlige enn de faktisk var. Storebrand-sjef Odd Arild Grefstad har f\u00e5tt en besk&hellip;\n","protected":false},"author":2,"featured_media":275569,"comment_status":"","ping_status":"","sticky":false,"template":"","format":"standard","meta":{"footnotes":"","_share_on_mastodon":"0"},"categories":[56],"tags":[421,2004,60,61,5738,350,62,30,28,29,11948],"class_list":["post-275568","post","type-post","status-publish","format-standard","has-post-thumbnail","category-naeringsliv","tag-bank","tag-baerekraft","tag-business","tag-economy","tag-finanstilsynet","tag-fond","tag-naeringsliv","tag-no","tag-norge","tag-norway","tag-storebrand"],"share_on_mastodon":{"url":"https:\/\/pubeurope.com\/@no\/116804208050667402","error":""},"_links":{"self":[{"href":"https:\/\/www.europesays.com\/no\/wp-json\/wp\/v2\/posts\/275568","targetHints":{"allow":["GET"]}}],"collection":[{"href":"https:\/\/www.europesays.com\/no\/wp-json\/wp\/v2\/posts"}],"about":[{"href":"https:\/\/www.europesays.com\/no\/wp-json\/wp\/v2\/types\/post"}],"author":[{"embeddable":true,"href":"https:\/\/www.europesays.com\/no\/wp-json\/wp\/v2\/users\/2"}],"replies":[{"embeddable":true,"href":"https:\/\/www.europesays.com\/no\/wp-json\/wp\/v2\/comments?post=275568"}],"version-history":[{"count":0,"href":"https:\/\/www.europesays.com\/no\/wp-json\/wp\/v2\/posts\/275568\/revisions"}],"wp:featuredmedia":[{"embeddable":true,"href":"https:\/\/www.europesays.com\/no\/wp-json\/wp\/v2\/media\/275569"}],"wp:attachment":[{"href":"https:\/\/www.europesays.com\/no\/wp-json\/wp\/v2\/media?parent=275568"}],"wp:term":[{"taxonomy":"category","embeddable":true,"href":"https:\/\/www.europesays.com\/no\/wp-json\/wp\/v2\/categories?post=275568"},{"taxonomy":"post_tag","embeddable":true,"href":"https:\/\/www.europesays.com\/no\/wp-json\/wp\/v2\/tags?post=275568"}],"curies":[{"name":"wp","href":"https:\/\/api.w.org\/{rel}","templated":true}]}}