{"id":27567,"date":"2025-09-05T08:48:24","date_gmt":"2025-09-05T08:48:24","guid":{"rendered":"https:\/\/www.europesays.com\/no\/27567\/"},"modified":"2025-09-05T08:48:24","modified_gmt":"2025-09-05T08:48:24","slug":"kultur-nordnorsk-litteraturfest-det-er-faktisk-sant-at-billettene-flyr-ut","status":"publish","type":"post","link":"https:\/\/www.europesays.com\/no\/27567\/","title":{"rendered":"Kultur, Nordnorsk litteraturfest | \u2013\u00a0Det er faktisk sant at billettene flyr ut"},"content":{"rendered":"\n<p>Tirsdag ettermiddag \u2013 da vi sl\u00e5r av en prat med Christina Stensland Olsen i Nordnorsk litteraturfest \u2013 er det bare ni dager igjen til festivalen arrangeres for sjette gang. Allerede er alle festivalpassene utsolgt.<\/p>\n<p>\u2013 Det er f\u00f8rste gang det har skjedd, sier Olsen.<\/p>\n<p>\u2013 Jeg vil g\u00e5 s\u00e5 langt som \u00e5 kalle det en historisk begivenhet.<\/p>\n<p>Nordnorsk litteratufest er en liten festival, som i \u00e5r arrangeres 11.-13. september i Harstad.<\/p>\n<p>Den drives p\u00e5 dugnad av ildsjelene Ingri L\u00f8kholm Ramberg (festivalsjef), Christina Stensland Olsen (kommunikasjon), Johannes Roksand Fauchald (produsent), Nora Berg Markussen (produsent), Troy Saghaug Broderstad (kasserer) og Hanne Johnsen Hand\u00e5 (produsent), og snart skal de samles p\u00e5 det lokale festivalkontoret \u2013 hjemme hos Hand\u00e5.<\/p>\n<p>\u2013 I l\u00f8pet av et par dager kommer vi til Harstad, sier Olsen.<\/p>\n<p>\u2013 Da blir det alt fra rigging til kommunikasjon, etterhvert ta imot forfatterne n\u00e5r de kommer \u2013 og mange fine m\u00f8ter med samarbeidspartnere rundt i byen.<\/p>\n<p>Harstad om Harstad<\/p>\n<p>Selv om festivalpassene er borte, er det fremdeles mulig \u00e5 skaffe seg billetter til enkeltarrangement, understreker Olsen.<\/p>\n<p>\u2013 Det er forel\u00f8pig ledig p\u00e5 alt, men det er faktisk sant at billettene flyr ut.<\/p>\n<p>   <img decoding=\"async\" width=\"500\" height=\"625\" fetchpriority=\"low\"  loading=\"lazy\"  src=\"https:\/\/www.europesays.com\/no\/wp-content\/uploads\/2025\/09\/JohanHarstad.jpeg\" alt=\"\" class=\"brick-c-cFOWSL\" style=\"--brick-image-ratio: 500 \/ 625;\"\/><\/p>\n<p>    Johan Harstad ble et kjent navn da han ga ut boken Buzz Aldrin, hvor ble det av deg i mylderet? i 2005. N\u00e5 er han aktuell med Under brosteinen, sanden!, Harstad-bes\u00f8k og nominasjon til Nordisk R\u00e5ds litteraturpris. <\/p>\n<p>Med andre ord: Vil du f\u00e5 med deg Johan Harstad, Vigdis Hjorth, Sigbj\u00f8rn Sk\u00e5den eller Ragnar Olsen b\u00f8r du f\u00e5 fingrene ut. Eller hva med et dypdykk i forfatterskapet til Cora Sandel og Knut Hamsun? Ola Bremnes, Caroline Kaspara Palonen og debutant Anne Lise Fr\u00f8land st\u00e5r ogs\u00e5 p\u00e5 programmet \u2013 som du finner i sin helhet p\u00e5 Nordnorsk litteratufests hjemmeside.<\/p>\n<p>Olsen syns det er vanskelig \u00e5 trekke frem noen foran de andre, men det er \u00e5penbart stas at Johan Harstad kommer til Harstad. Foruten om \u00e5 bokbades om sin siste bok, skal forfatteren \u2013 for\u00f8vrig nominert til Nordisk R\u00e5ds litteraturpris i \u00e5r \u2013 ogs\u00e5 holde \u00e5pningsmonologen.<\/p>\n<p>\u2013 Det veldig spennende. Vi har gitt ham frie t\u00f8yler \u2013 bortsett fra at vi har sagt at han m\u00e5 bruke Harstad som et utgangspunkt. Byen, navnet \u2013 gj\u00f8r som du vil!<\/p>\n<p>Lokal storhet<\/p>\n<p>Vigdis Hjorth har med sin datter Line Normann Hjorth, til en samtale i Galleri Nord-Norge om boken de har skrevet sammen om \u00e5ret de begge to fikk brystkreft. I tillegg skal Hjorth bokbades om ikke sine egne b\u00f8ker, men om sin favoritt Knut Hamsun.<\/p>\n<p>\u2013 S\u00e5 vil jeg l\u00f8fte frem v\u00e5r kj\u00e6re Sigbj\u00f8rn Sk\u00e5den, sier hun.<\/p>\n<p>   <img decoding=\"async\" width=\"2400\" height=\"3000\" fetchpriority=\"low\"  loading=\"lazy\"  src=\"https:\/\/www.europesays.com\/no\/wp-content\/uploads\/2025\/09\/Sigbj%C3%B8rn+Ska%CC%8Aden+16+%281%29.jpg\" alt=\"\" class=\"brick-c-cFOWSL\" style=\"--brick-image-ratio: 2400 \/ 3000;\"\/><\/p>\n<p>    Sigbj\u00f8rn Sk\u00e5den kommer til Harstad for \u00e5 snakke om sin siste bok Planterhaug. <\/p>\n<p>Han blir bokbadet p\u00e5 festivalpuben fredag kveld, av Elin Anna Labba, om den enormt kritikerroste romanen Planterhaug. Den har blitt sammenliga med Twin Peaks, men er basert p\u00e5 et fiksjonalisert Planterhaug.<\/p>\n<p>\u2013 Han er en lokal storhet, og vi er veldig glad for at han har tid til \u00e5 v\u00e6re med p\u00e5 \u00e5rets festival.<\/p>\n<p>Og for de med sm\u00e5 barn kan Olsen friste med gratis fortellerstund med den profesjonelle fortelleren Borghild Othelie Aaseb\u00f8st\u00f8l \u2013 som skal ta med barna inn i de nordnorske sagnenes verden, der troll, drauger og stalloer lever.<\/p>\n<p>   <img decoding=\"async\" width=\"3021\" height=\"3021\" fetchpriority=\"low\"  loading=\"lazy\"  src=\"https:\/\/www.europesays.com\/no\/wp-content\/uploads\/2025\/09\/Caroline+Kaspara+Palonen+av+Camilla+Norvoll_1.jpeg\" alt=\"\" class=\"brick-c-cFOWSL\" style=\"--brick-image-ratio: 3021 \/ 3021;\"\/><\/p>\n<p>    Caroline Kaspara Palonen ga nylig ut boken Jeg har det ikke i meg \u00e5 bli klassekontakt. Harstad-forfatteren dukker ogs\u00e5 opp p\u00e5 Nordnorsk litteraturfest.<br \/>\n    Foto: Camilla Norvoll\n  <\/p>\n<p>  Dugnadsrevet<\/p>\n<p>I l\u00f8pet av de fem \u00e5rene festivalen har eksistert, har de klart \u00e5 hente flere kjente, nasjonale forfattere til Harstad. P\u00e5 sp\u00f8rsm\u00e5l om de har ambisjoner om \u00e5 vokse, svarer OIsen at den veksten i s\u00e5 fall skal skje i form av innhold, ikke form. De vil at festivalen skal fortsette \u00e5 foreg\u00e5 over tre dager, med ettermiddagsarrangementer p\u00e5 torsdag og fredag, slik at folk skal kunne &laquo;g\u00e5 p\u00e5 jobb og likevel delta p\u00e5 alt.&raquo;<\/p>\n<p>   <img decoding=\"async\" width=\"5742\" height=\"3830\" fetchpriority=\"low\"  loading=\"lazy\"  src=\"https:\/\/www.europesays.com\/no\/wp-content\/uploads\/2025\/09\/Fr%C3%B8land_3.jpg\" alt=\"\" class=\"brick-c-cFOWSL\" style=\"--brick-image-ratio: 5742 \/ 3830;\"\/><\/p>\n<p>    Debutanten Anne-Lise Fr\u00f8land bor for tiden i Troms\u00f8, og er aktuell med boken Tynne rivner av lys.<br \/>\n    Foto: Marius Fiskum\n  <\/p>\n<p>De har heller ikke arrangementer som overlapper.<\/p>\n<p>\u2013 Men vi \u00f8nsker \u00e5 vokse for \u00e5 gj\u00f8re st\u00f8rre ting og flere ting, s\u00e5 at alle festivalpassene er utsolgt er jo kjempekult. Vi er allerede i gang med \u00e5 planlegge neste \u00e5rs program, og det gir oss et ekstra bein \u00e5 st\u00e5 p\u00e5, sier hun, f\u00f8r hun kjapt legger til:<\/p>\n<p>\u2013 Men vi har lite penger, alts\u00e5. Vi jobber p\u00e5 dugnad, og alle inntektene g\u00e5r til \u00e5 dekke reiser og honorar til forfatterne og artistene<\/p>\n<p>God litteratur, god fest<\/p>\n<p>\u00c5 bygge opp en festival fra grunnen av er mye jobb, og gjengen bak har l\u00e6rt mye. Etterhvert har de blitt tryggere i rollen sin ogs\u00e5, men Olsen erkjenner ogs\u00e5 at Harstad har gjort det lett for dem.<\/p>\n<p>\u2013 Vi har et publikum som kj\u00f8per billetter, er nysgjerrig og dukker p\u00e5 p\u00e5 noe de kanskje ikke vet hva er. De gj\u00f8r det artig \u00e5 lage festival.<\/p>\n<p>   <img decoding=\"async\" width=\"6240\" height=\"4160\" fetchpriority=\"low\"  loading=\"lazy\"  src=\"https:\/\/www.europesays.com\/no\/wp-content\/uploads\/2025\/09\/_DSF9101.jpg\" alt=\"\" class=\"brick-c-cFOWSL\" style=\"--brick-image-ratio: 6240 \/ 4160;\"\/><\/p>\n<p>    Christina Stensland Olsen syns det er litt rart \u00e5 tenke p\u00e5 at Nordnorsk litteraturfest har klart \u00e5 bli en etablert festival i l\u00f8pet av de siste fem \u00e5rene: \u2013\u00a0Vi jobber jo kun p\u00e5 dugnad, sier Olsen.<br \/>\n    Foto: \u00d8ivind Arvola\n  <\/p>\n<p>\u2013 Opplever dere at folk begynner \u00e5 kjenne til Nordnorsk litteratufest? <\/p>\n<p>\u2013 Ja, og vi blir ogs\u00e5 kontakta av forfattere som gjerne vil v\u00e6re med. Jeg vil ikke si at vi kan velge og vrake, for de er travle folk og det skal passe. Men en som Ingri sa i fjor: Det er urovekkende lett \u00e5 f\u00e5 folk til \u00e5 stille.<\/p>\n<p>Til tross for st\u00f8rrelsen begynner Nordnorsk litteraturfest alts\u00e5 \u00e5 bli ganske etablert. Det er rart \u00e5 tenke p\u00e5 n\u00e5r de kun jobber p\u00e5 dugnad, reflekterer Olsen, f\u00f8r hun legger til:<\/p>\n<p>\u2013 Og s\u00e5 er det jo ikke uten grunn vi heter Nordnorsk litteraturfest. Vi er opptatt av at det ikke er noen motsetning mot god litteratur, og en god fest.<\/p>\n","protected":false},"excerpt":{"rendered":"Tirsdag ettermiddag \u2013 da vi sl\u00e5r av en prat med Christina Stensland Olsen i Nordnorsk litteraturfest \u2013 er&hellip;\n","protected":false},"author":2,"featured_media":27568,"comment_status":"","ping_status":"","sticky":false,"template":"","format":"standard","meta":{"footnotes":""},"categories":[58],"tags":[36,71,410,30,4445,28,29,285,1510,72],"class_list":{"0":"post-27567","1":"post","2":"type-post","3":"status-publish","4":"format-standard","5":"has-post-thumbnail","7":"category-underholdning","8":"tag-art","9":"tag-entertainment","10":"tag-kultur","11":"tag-no","12":"tag-nordnorsk-litteraturfest","13":"tag-norge","14":"tag-norway","15":"tag-sentrum","16":"tag-story","17":"tag-underholdning"},"share_on_mastodon":{"url":"","error":""},"_links":{"self":[{"href":"https:\/\/www.europesays.com\/no\/wp-json\/wp\/v2\/posts\/27567","targetHints":{"allow":["GET"]}}],"collection":[{"href":"https:\/\/www.europesays.com\/no\/wp-json\/wp\/v2\/posts"}],"about":[{"href":"https:\/\/www.europesays.com\/no\/wp-json\/wp\/v2\/types\/post"}],"author":[{"embeddable":true,"href":"https:\/\/www.europesays.com\/no\/wp-json\/wp\/v2\/users\/2"}],"replies":[{"embeddable":true,"href":"https:\/\/www.europesays.com\/no\/wp-json\/wp\/v2\/comments?post=27567"}],"version-history":[{"count":0,"href":"https:\/\/www.europesays.com\/no\/wp-json\/wp\/v2\/posts\/27567\/revisions"}],"wp:featuredmedia":[{"embeddable":true,"href":"https:\/\/www.europesays.com\/no\/wp-json\/wp\/v2\/media\/27568"}],"wp:attachment":[{"href":"https:\/\/www.europesays.com\/no\/wp-json\/wp\/v2\/media?parent=27567"}],"wp:term":[{"taxonomy":"category","embeddable":true,"href":"https:\/\/www.europesays.com\/no\/wp-json\/wp\/v2\/categories?post=27567"},{"taxonomy":"post_tag","embeddable":true,"href":"https:\/\/www.europesays.com\/no\/wp-json\/wp\/v2\/tags?post=27567"}],"curies":[{"name":"wp","href":"https:\/\/api.w.org\/{rel}","templated":true}]}}