{"id":275928,"date":"2026-06-24T16:10:12","date_gmt":"2026-06-24T16:10:12","guid":{"rendered":"https:\/\/www.europesays.com\/no\/275928\/"},"modified":"2026-06-24T16:10:12","modified_gmt":"2026-06-24T16:10:12","slug":"milliardaersaken-sveaas-anker-e24","status":"publish","type":"post","link":"https:\/\/www.europesays.com\/no\/275928\/","title":{"rendered":"Milliard\u00e6rsaken: Sveaas anker \u2013 E24"},"content":{"rendered":"\n<p class=\"_textTheme_1yhmn_1 _lead_16k26_2 _lead_3ue4t_18 layout-component layout-wide layout-padded _lead_o6m9k_5 body-large _wide_o6m9k_9\">Investor Christen Sveaas vil ta krangelen med Kjell Inge R\u00f8kke til lagmannsretten. <\/p>\n<p> <img alt=\"Akers hovedeier og styreleder Kjell Inge R\u00f8kke vitnet i Oslo tingrett i desember i fjor.\" class=\"_image_1jxax_84 layout-component layout-wide\" data-fullscreen- data-track-element-type=\"Article image fullscreen\" data-track-name=\"ImageFullscreen\" fetchpriority=\"high\" decoding=\"sync\" loading=\"eager\" height=\"4000\" itemprop=\"image\"  src=\"https:\/\/www.europesays.com\/no\/wp-content\/uploads\/2026\/06\/4ccebd39-bb39-3b95-9bbb-74d2e0102e65.jpeg\"  style=\"object-position:47.541666666666664% 49.475%\" width=\"6000\"\/>Akers hovedeier og styreleder Kjell Inge R\u00f8kke vitnet i Oslo tingrett i desember i fjor.  Foto: Skjalg B\u00f8hmer Vold \/ Skjalg VoldVis mer          <\/p>\n<p class=\"_textTheme_1yhmn_1 _paragraph_16k26_4 _paragraph_3ue4t_27 layout-component layout-normal layout-padded body-medium\">Saken oppdateres&#8230;<\/p>\n<p class=\"_textTheme_1yhmn_1 _paragraph_16k26_4 _paragraph_3ue4t_27 layout-component layout-normal layout-padded body-medium\">\u2013 Kistefos har etter r\u00e5d fra Wiersholm som juridiske r\u00e5dgivere og prosessfullmektig besluttet \u00e5 anke dommen i Solstad-saken mot styremedlemmene, daglig leder, Aker Capital og Frank Reite, opplyser Wiersholm-advokat Olav Perland til E24.<\/p>\n<p class=\"_textTheme_1yhmn_1 _paragraph_16k26_4 _paragraph_3ue4t_27 layout-component layout-normal layout-padded body-medium\">Han er blant advokatene som f\u00f8rte s\u00f8ksm\u00e5let for Christen Sveaas-selskapet Kistefos i Oslo tingrett.<\/p>\n<p class=\"_textTheme_1yhmn_1 _paragraph_16k26_4 _paragraph_3ue4t_27 layout-component layout-normal layout-padded body-medium\">Mangemilliard\u00e6r Kjell Inge R\u00f8kke kunne i mai juble over <a href=\"https:\/\/e24.no\/boers-og-finans\/i\/JOllQX\/christen-sveaas-tapte-mot-kjell-inge-roekke-i-tingretten\" class=\"_link_16k26_32\" rel=\"nofollow noopener\" target=\"_blank\">full seier i tingretten<\/a>. <\/p>\n<p class=\"_textTheme_1yhmn_1 _paragraph_16k26_4 _paragraph_3ue4t_27 layout-component layout-normal layout-padded body-medium\">P\u00e5 sp\u00f8rsm\u00e5l fra E24 om hvorfor han velger \u00e5 anke, svarer Sveaas f\u00f8lgende: <\/p>\n<p class=\"_textTheme_1yhmn_1 _paragraph_16k26_4 _paragraph_3ue4t_27 layout-component layout-normal layout-padded body-medium\">\u2013 Hvorfor skulle vi ikke det? Tingretten er en dommer. Dette er f\u00f8rste omgang. Har du noen gang sett noen som slutter \u00e5 spille etter en omgang?<\/p>\n<p class=\"_textTheme_1yhmn_1 _paragraph_16k26_4 _paragraph_3ue4t_27 layout-component layout-normal layout-padded body-medium\">Han legger til at Kistefos f\u00f8lger r\u00e5det de har f\u00e5tt fra sine juridiske r\u00e5dgivere. Det gjelder ogs\u00e5 i den separate saken mot meglerhuset Pareto Securities, der Kistefos ikke vil anke.  <\/p>\n<p class=\"_textTheme_1yhmn_1 _paragraph_16k26_4 _paragraph_3ue4t_27 layout-component layout-normal layout-padded body-medium\">\u2013 Vi ser frem til \u00e5 ha en fornyet annen runde med v\u00e5re \u00e6rede motparter. Vi f\u00e5r h\u00e5pe at vi denne gangen vinner frem, sier Sveaas.<\/p>\n<p>  R\u00f8kke-seier <\/p>\n<p class=\"_textTheme_1yhmn_1 _paragraph_16k26_4 _paragraph_3ue4t_27 layout-component layout-normal layout-padded body-medium\">R\u00f8kke har i flere \u00e5r kranglet med investor Christen Sveaas om store verdier knyttet til rederiet Solstad Offshore. <\/p>\n<p class=\"_textTheme_1yhmn_1 _paragraph_16k26_4 _paragraph_3ue4t_27 layout-component layout-normal layout-padded body-medium\">Enkelt forklart handler krangelen om at Sveaas mener at han ble grovt forskjellsbehandlet til fordel for R\u00f8kkes Aker i forbindelse med en stor finansiell endring i Solstad Offshore i 2023.<\/p>\n<p class=\"_textTheme_1yhmn_1 _paragraph_16k26_4 _paragraph_3ue4t_27 layout-component layout-normal layout-padded body-medium\">Saken har ogs\u00e5 et <a href=\"https:\/\/e24.no\/boers-og-finans\/i\/JbkBkm\/derfor-tar-roekke-det-personlig\" class=\"_link_16k26_32\" rel=\"nofollow noopener\" target=\"_blank\">dypt personlig bakteppe<\/a>.<\/p>\n<p class=\"_textTheme_1yhmn_1 _paragraph_16k26_4 _paragraph_3ue4t_27 layout-component layout-normal layout-padded body-medium\">Sveaas fikk med seg flere aksjon\u00e6rer p\u00e5 et s\u00f8ksm\u00e5l, men gikk p\u00e5 et sviende nederlag i tingretten.<\/p>\n<p class=\"_textTheme_1yhmn_1 _paragraph_16k26_4 _paragraph_3ue4t_27 layout-component layout-normal layout-padded body-medium\">Saks\u00f8kerne ble d\u00f8mt til \u00e5 betale over 180 millioner kroner i sakskostnader. <\/p>\n<p class=\"_textTheme_1yhmn_1 _paragraph_16k26_4 _paragraph_3ue4t_27 layout-component layout-normal layout-padded body-medium\">Sveaas kommenterte ikke selv dommen. Det overlot han til sin h\u00f8yre h\u00e5nd, Bengt Rem, som leder Sveaas\u2019 investeringsselskap Kistefos. <\/p>\n<p class=\"_textTheme_1yhmn_1 _paragraph_16k26_4 _paragraph_3ue4t_27 layout-component layout-normal layout-padded body-medium\"> \u2013\u2060\u00a0Vi er selvf\u00f8lgelig skuffet over ikke \u00e5 ha vunnet frem og vi slikker v\u00e5re s\u00e5r, sa Rem. <\/p>\n<p> Maratonsak <\/p>\n<p class=\"_textTheme_1yhmn_1 _paragraph_16k26_4 _paragraph_3ue4t_27 layout-component layout-normal layout-padded body-medium\">Sveaas mener R\u00f8kke og Aker truet og presset frem en l\u00f8sning som favoriserte dem p\u00e5 bekostning av andre aksjon\u00e6rer.<\/p>\n<p class=\"_textTheme_1yhmn_1 _paragraph_16k26_4 _paragraph_3ue4t_27 layout-component layout-normal layout-padded body-medium\">Dette har Aker og andre saks\u00f8kte gjentatte ganger avvist. De mener forhandlingene var t\u00f8ffe, men rettferdige.<\/p>\n<p class=\"_textTheme_1yhmn_1 _paragraph_16k26_4 _paragraph_3ue4t_27 layout-component layout-normal layout-padded body-medium\">Saks\u00f8kerne krevde opptil 1,9 milliarder kroner i erstatning, if\u00f8lge tingrettsdommen. <\/p>\n<p class=\"_textTheme_1yhmn_1 _paragraph_16k26_4 _paragraph_3ue4t_27 layout-component layout-normal layout-padded body-medium\">Partene brukte 13 uker i Oslo tingrett fra oktober i fjor til januar i \u00e5r. <\/p>\n<p class=\"_textTheme_1yhmn_1 _paragraph_16k26_4 _paragraph_3ue4t_27 layout-component layout-normal layout-padded body-medium\">Et stort pressekorps m\u00f8tte opp da R\u00f8kke gjorde\u00a0<a href=\"https:\/\/e24.no\/boers-og-finans\/i\/pB6LjR\/roekke-til-e24-paa-vei-ut-av-retten-tok-sveaas-i-haanden-paa-theatercafeen\" class=\"_link_16k26_32\" rel=\"nofollow noopener\" target=\"_blank\">en sjelden opptreden i offentligheten<\/a>\u00a0i forbindelse med at han vitnet i rettssaken. Han beskyldte motparten for l\u00f8gn og humret over at dette er en erstatningssak fordi han mener at ingen har lidd tap. Dette avviste Kistefos.<\/p>\n<p class=\"_textTheme_1yhmn_1 _paragraph_16k26_4 _paragraph_3ue4t_27 layout-component layout-normal layout-padded body-medium\">I l\u00f8pet av rettssaken ble det spilt av flere\u00a0<a href=\"https:\/\/e24.no\/boers-og-finans\/i\/yEeJaa\/samtalene-bak-roekkes-milliardavtale\" class=\"_link_16k26_32\" rel=\"nofollow noopener\" target=\"_blank\">oppsiktsvekkende lydopptak<\/a>, der Pareto-topper blant annet beskrev R\u00f8kke som \u00abl\u00f8ven i Sveits\u00bb.<\/p>\n<p>     Dette er saken<\/p>\n<p class=\"_textTheme_1yhmn_1 _paragraph_16k26_4 _paragraph_3ue4t_27 _paragraph_1si9r_57 layout-component layout-normal layout-padded body-small\">23. oktober 2023 ble det kjent at Solstad Offshore ble restrukturert.<\/p>\n<p class=\"_textTheme_1yhmn_1 _paragraph_16k26_4 _paragraph_3ue4t_27 _paragraph_1si9r_57 layout-component layout-normal layout-padded body-small\">Avtalen innebar dette:<\/p>\n<ul class=\"_list_16k26_3 _list_3ue4t_26 _list_1si9r_56 _unordered_16k26_103 _textTheme_1yhmn_1 layout-component layout-normal layout-padded body-small\">\n<li class=\"_item_16k26_63\">Solstad Offshores fl\u00e5tel\u00e5n p\u00e5 11,9 milliarder kroner med utl\u00f8p 31. mars 2024 ble betalt tilbake til kreditorene, delvis finansiert av et nytt l\u00e5n.<\/li>\n<li class=\"_item_16k26_63\">Aker spyttet inn 2,25 milliarder kroner i kapital inn i et nytt datterselskap. Tilbake fikk de majoritetseierskap i datterselskapet, som tok over 35 fart\u00f8y innen ankerh\u00e5ndtering og konstruksjon.<\/li>\n<li class=\"_item_16k26_63\">Solstad fikk refinansiert l\u00e5nene sine, som ble garantert av AMCS, Eksfin og DNB.<\/li>\n<\/ul>\n<p class=\"_textTheme_1yhmn_1 _paragraph_16k26_4 _paragraph_3ue4t_27 _paragraph_1si9r_57 layout-component layout-normal layout-padded body-small\">Christen Sveaas og Kistefos var aksjon\u00e6r i Solstad, men fikk ikke v\u00e6re med p\u00e5 emisjonen. De mener denne avtalen er grovt urettferdig, og at Aker truet til seg verdier de ikke hadde krav p\u00e5.<\/p>\n<p class=\"_textTheme_1yhmn_1 _paragraph_16k26_4 _paragraph_3ue4t_27 _paragraph_1si9r_57 layout-component layout-normal layout-padded body-small\">De har derfor saks\u00f8kt Aker, toppsjefen og styret i Solstad Offshore, og Pareto som meglet avtalen. Alle de saks\u00f8kte ble i mai 2026 frifunnet i Oslo tingrett.<\/p>\n<p>Vis mer <\/p>\n<p class=\"_textTheme_1yhmn_1 _paragraph_16k26_4 _paragraph_3ue4t_27 layout-component layout-normal layout-padded body-medium\">Her kan du se og h\u00f8re R\u00f8kkes vitnem\u00e5l i tingretten i sin helhet:<\/p>\n","protected":false},"excerpt":{"rendered":"Investor Christen Sveaas vil ta krangelen med Kjell Inge R\u00f8kke til lagmannsretten. Akers hovedeier og styreleder Kjell Inge&hellip;\n","protected":false},"author":2,"featured_media":275929,"comment_status":"","ping_status":"","sticky":false,"template":"","format":"standard","meta":{"footnotes":"","_share_on_mastodon":"0"},"categories":[10],"tags":[2732,20,21,2414,24,25,15,2415,960,22,23,13,30,28,29,14,16,17740,8241,1713,26,27],"class_list":["post-275928","post","type-post","status-publish","format-standard","has-post-thumbnail","category-norge","tag-aker","tag-breaking-news","tag-breakingnews","tag-christen-sveaas","tag-featured-news","tag-featurednews","tag-headlines","tag-kistefos","tag-kjell-inge-rokke","tag-latest-news","tag-latestnews","tag-news","tag-no","tag-norge","tag-norway","tag-nyheter","tag-overskrifter","tag-sla-av-ticker-pa-front","tag-solstad-offshore","tag-soksmal","tag-top-stories","tag-topstories"],"share_on_mastodon":{"url":"https:\/\/pubeurope.com\/@no\/116805961406591980","error":""},"_links":{"self":[{"href":"https:\/\/www.europesays.com\/no\/wp-json\/wp\/v2\/posts\/275928","targetHints":{"allow":["GET"]}}],"collection":[{"href":"https:\/\/www.europesays.com\/no\/wp-json\/wp\/v2\/posts"}],"about":[{"href":"https:\/\/www.europesays.com\/no\/wp-json\/wp\/v2\/types\/post"}],"author":[{"embeddable":true,"href":"https:\/\/www.europesays.com\/no\/wp-json\/wp\/v2\/users\/2"}],"replies":[{"embeddable":true,"href":"https:\/\/www.europesays.com\/no\/wp-json\/wp\/v2\/comments?post=275928"}],"version-history":[{"count":0,"href":"https:\/\/www.europesays.com\/no\/wp-json\/wp\/v2\/posts\/275928\/revisions"}],"wp:featuredmedia":[{"embeddable":true,"href":"https:\/\/www.europesays.com\/no\/wp-json\/wp\/v2\/media\/275929"}],"wp:attachment":[{"href":"https:\/\/www.europesays.com\/no\/wp-json\/wp\/v2\/media?parent=275928"}],"wp:term":[{"taxonomy":"category","embeddable":true,"href":"https:\/\/www.europesays.com\/no\/wp-json\/wp\/v2\/categories?post=275928"},{"taxonomy":"post_tag","embeddable":true,"href":"https:\/\/www.europesays.com\/no\/wp-json\/wp\/v2\/tags?post=275928"}],"curies":[{"name":"wp","href":"https:\/\/api.w.org\/{rel}","templated":true}]}}