{"id":27597,"date":"2025-09-05T09:11:09","date_gmt":"2025-09-05T09:11:09","guid":{"rendered":"https:\/\/www.europesays.com\/no\/27597\/"},"modified":"2025-09-05T09:11:09","modified_gmt":"2025-09-05T09:11:09","slug":"fenomen-nyhet-sondag-ma-du-se-opp-flere-ar-til-neste-gang","status":"publish","type":"post","link":"https:\/\/www.europesays.com\/no\/27597\/","title":{"rendered":"Fenomen, Nyhet | S\u00f8ndag m\u00e5 du se opp \u2013 flere \u00e5r til neste gang"},"content":{"rendered":"\n<p>[<a href=\"https:\/\/www.gd.no\/sondag-ma-du-se-opp-flere-ar-til-neste-gang\/s\/5-18-2353847\" rel=\"Follow nofollow noopener\" target=\"_blank\">GD<\/a>] P\u00e5 kvelden s\u00f8ndag 7. september f\u00e5r vi oppleve et spektakul\u00e6rt skue n\u00e5r en totalt form\u00f8rket (og trolig r\u00f8d) m\u00e5ne vil st\u00e5 opp i \u00f8st.<\/p>\n<p>\u2013 Tidspunktet og omstendighetene gj\u00f8r det denne gangen mulig for sv\u00e6rt mange mennesker \u00e5 oppleve dette flotte fenomenet. Denne kvelden kan vi se at jorden er rund, m\u00e5le tilstanden i atmosf\u00e6ren og f\u00e5 demonstrert metoden som brukes for \u00e5 lete etter livsformer p\u00e5 fjerne planeter, sier astrofysiker Knut J\u00f8rgen R\u00f8ed \u00d8degaard i en e-post til GD.<\/p>\n<p>Den totale m\u00e5neform\u00f8rkelsen blir synlig fra hele landet og de fleste f\u00e5r dermed gleden av \u00e5 se en form\u00f8rket m\u00e5ne st\u00e5 opp. Men dersom du bor i \u00d8st-Finnmark kan du f\u00e5 oppleve hele totaliteten, mens folk p\u00e5 Svalbard m\u00e5 n\u00f8ye seg med de avsluttende delvise fasene. <\/p>\n<p>I likhet med form\u00f8rkelsen 14. mars i \u00e5r, kan denne form\u00f8rkelsen kan bli et spesielt imponerende skue fordi m\u00e5nen st\u00e5r lavt over horisonten (objekter som st\u00e5r lavt p\u00e5 himmelen oppleves nemlig som st\u00f8rre og mer imponerende enn de virkelig er) under deler av form\u00f8rkelsen.<\/p>\n<p>G\u00e5r du glipp av s\u00f8ndagens begivenhet, m\u00e5 du vente tre \u00e5r og tre m\u00e5neder til neste gang en total m\u00e5neform\u00f8rkelse kan sees fra norsk jord \u2013 helt konkret er datoen 31.12.2028.<\/p>\n<p>I motsetning til solform\u00f8rkelser, s\u00e5 kan du oppleve m\u00e5neform\u00f8rkelsen kun med dine egne \u00f8yne \u2013 verken briller eller teleskop trengs.<\/p>\n<p><b>Alle fasene skjer mellom klokken 17.25 til klokken 22.55. Klokken 20.53 er det verdt \u00e5 f\u00f8lge spesielt med \u2013 da er det den totale form\u00f8rkelsen.<\/b><\/p>\n<p>Les mer om: artikkelemnene<\/p>\n","protected":false},"excerpt":{"rendered":"[GD] P\u00e5 kvelden s\u00f8ndag 7. september f\u00e5r vi oppleve et spektakul\u00e6rt skue n\u00e5r en totalt form\u00f8rket (og trolig&hellip;\n","protected":false},"author":2,"featured_media":27598,"comment_status":"","ping_status":"","sticky":false,"template":"","format":"standard","meta":{"footnotes":""},"categories":[57],"tags":[36,4450,32,30,28,29,447,65,63,64,1510,66,70,69,67,68],"class_list":{"0":"post-27597","1":"post","2":"type-post","3":"status-publish","4":"format-standard","5":"has-post-thumbnail","7":"category-vitenskap-og-teknologi","8":"tag-art","9":"tag-fenomen","10":"tag-finnmark","11":"tag-no","12":"tag-norge","13":"tag-norway","14":"tag-nyhet","15":"tag-science","16":"tag-science-and-technology","17":"tag-scienceandtechnology","18":"tag-story","19":"tag-technology","20":"tag-teknologi","21":"tag-vitenskap","22":"tag-vitenskap-og-teknologi","23":"tag-vitenskapteknologi"},"share_on_mastodon":{"url":"","error":""},"_links":{"self":[{"href":"https:\/\/www.europesays.com\/no\/wp-json\/wp\/v2\/posts\/27597","targetHints":{"allow":["GET"]}}],"collection":[{"href":"https:\/\/www.europesays.com\/no\/wp-json\/wp\/v2\/posts"}],"about":[{"href":"https:\/\/www.europesays.com\/no\/wp-json\/wp\/v2\/types\/post"}],"author":[{"embeddable":true,"href":"https:\/\/www.europesays.com\/no\/wp-json\/wp\/v2\/users\/2"}],"replies":[{"embeddable":true,"href":"https:\/\/www.europesays.com\/no\/wp-json\/wp\/v2\/comments?post=27597"}],"version-history":[{"count":0,"href":"https:\/\/www.europesays.com\/no\/wp-json\/wp\/v2\/posts\/27597\/revisions"}],"wp:featuredmedia":[{"embeddable":true,"href":"https:\/\/www.europesays.com\/no\/wp-json\/wp\/v2\/media\/27598"}],"wp:attachment":[{"href":"https:\/\/www.europesays.com\/no\/wp-json\/wp\/v2\/media?parent=27597"}],"wp:term":[{"taxonomy":"category","embeddable":true,"href":"https:\/\/www.europesays.com\/no\/wp-json\/wp\/v2\/categories?post=27597"},{"taxonomy":"post_tag","embeddable":true,"href":"https:\/\/www.europesays.com\/no\/wp-json\/wp\/v2\/tags?post=27597"}],"curies":[{"name":"wp","href":"https:\/\/api.w.org\/{rel}","templated":true}]}}