{"id":275991,"date":"2026-06-24T17:49:15","date_gmt":"2026-06-24T17:49:15","guid":{"rendered":"https:\/\/www.europesays.com\/no\/275991\/"},"modified":"2026-06-24T17:49:15","modified_gmt":"2026-06-24T17:49:15","slug":"nyheter-trafikk-sjafor-pagrepet","status":"publish","type":"post","link":"https:\/\/www.europesays.com\/no\/275991\/","title":{"rendered":"Nyheter, Trafikk | Sj\u00e5f\u00f8r p\u00e5grepet"},"content":{"rendered":"\n<p>Statens vegvesen har avdekket ikke mindre enn 14 alvorlige brudd p\u00e5 kj\u00f8re og hviletidsbestemmelsene fra 22. mai og fram til n\u00e5.<\/p>\n<p>De mange bruddene p\u00e5 vegtrafikkloven har vegvesenet avdekket under en kontroll p\u00e5 Jessheim trafikkstasjon, opplyser \u00d8st politidistrikt ved 3-tiden natt til onsdag.<\/p>\n<p>\u2013 Sj\u00e5f\u00f8ren er anmeldt av Statens vegvesen for forholdene og han er besluttet p\u00e5grepet, skriver operasjonleder Ronny Mangseth i politiloggen.<\/p>\n<p>F\u00f8reren av vogntoget, en tyrkisk mann i 40-\u00e5rene, erkjente overfor vegvesenet at han var klar over bruddene.<\/p>\n<p>(\u00a9NTB)<\/p>\n","protected":false},"excerpt":{"rendered":"Statens vegvesen har avdekket ikke mindre enn 14 alvorlige brudd p\u00e5 kj\u00f8re og hviletidsbestemmelsene fra 22. mai og&hellip;\n","protected":false},"author":2,"featured_media":272509,"comment_status":"","ping_status":"","sticky":false,"template":"","format":"standard","meta":{"footnotes":"","_share_on_mastodon":"0"},"categories":[12],"tags":[36,20,21,24,25,15,1921,22,23,1920,13,30,28,29,14,16,1510,26,27,224,42,43,44,45],"class_list":["post-275991","post","type-post","status-publish","format-standard","has-post-thumbnail","category-verden","tag-art","tag-breaking-news","tag-breakingnews","tag-featured-news","tag-featurednews","tag-headlines","tag-jessheim","tag-latest-news","tag-latestnews","tag-mittjessheim","tag-news","tag-no","tag-norge","tag-norway","tag-nyheter","tag-overskrifter","tag-story","tag-top-stories","tag-topstories","tag-trafikk","tag-verden","tag-world","tag-world-news","tag-worldnews"],"share_on_mastodon":{"url":"https:\/\/pubeurope.com\/@no\/116806350689305037","error":""},"_links":{"self":[{"href":"https:\/\/www.europesays.com\/no\/wp-json\/wp\/v2\/posts\/275991","targetHints":{"allow":["GET"]}}],"collection":[{"href":"https:\/\/www.europesays.com\/no\/wp-json\/wp\/v2\/posts"}],"about":[{"href":"https:\/\/www.europesays.com\/no\/wp-json\/wp\/v2\/types\/post"}],"author":[{"embeddable":true,"href":"https:\/\/www.europesays.com\/no\/wp-json\/wp\/v2\/users\/2"}],"replies":[{"embeddable":true,"href":"https:\/\/www.europesays.com\/no\/wp-json\/wp\/v2\/comments?post=275991"}],"version-history":[{"count":0,"href":"https:\/\/www.europesays.com\/no\/wp-json\/wp\/v2\/posts\/275991\/revisions"}],"wp:featuredmedia":[{"embeddable":true,"href":"https:\/\/www.europesays.com\/no\/wp-json\/wp\/v2\/media\/272509"}],"wp:attachment":[{"href":"https:\/\/www.europesays.com\/no\/wp-json\/wp\/v2\/media?parent=275991"}],"wp:term":[{"taxonomy":"category","embeddable":true,"href":"https:\/\/www.europesays.com\/no\/wp-json\/wp\/v2\/categories?post=275991"},{"taxonomy":"post_tag","embeddable":true,"href":"https:\/\/www.europesays.com\/no\/wp-json\/wp\/v2\/tags?post=275991"}],"curies":[{"name":"wp","href":"https:\/\/api.w.org\/{rel}","templated":true}]}}