{"id":27603,"date":"2025-09-05T09:22:06","date_gmt":"2025-09-05T09:22:06","guid":{"rendered":"https:\/\/www.europesays.com\/no\/27603\/"},"modified":"2025-09-05T09:22:06","modified_gmt":"2025-09-05T09:22:06","slug":"marie-olaussen-orientering-marie-slo-til-med-nm-gull-i-orientering","status":"publish","type":"post","link":"https:\/\/www.europesays.com\/no\/27603\/","title":{"rendered":"Marie Olaussen, Orientering | Marie slo til med NM-gull i orientering"},"content":{"rendered":"\n<p>Som siste startende var nemlig fortsatt &laquo;O-sportens Anders Aukland\u201d, Anne Margrethe Hausen Nordberg (49), ute i l\u00f8ypa.<\/p>\n<p>Den tidligere landslagsl\u00f8peren trener fortsatt som toppidrettsut\u00f8ver, og spisser formen spesielt mot nettopp l\u00f8p som NM, mens andre har v\u00e6rtgjennom b\u00e5de VM, EM og flere l\u00f8p i verdenscupen.<\/p>\n<p>Men hun fikk det tungt mot slutten, og l\u00f8p i m\u00e5l til s\u00f8lv, 1.32 minutter bak Olaussens vinnertid p\u00e5 1.24.30 timer. Bronsen gikk til unge Pia Young Wik \u2013 27 sekunder bak Hausken.<\/p>\n<p>L\u00f8p et trygt l\u00f8p<\/p>\n<p>\u2013 Klart det er g\u00f8y \u00e5 vinne NM, sa Marie.<\/p>\n<p>Som senior har hun tidligere vunnet mellomdistanse i 2021, pluss langdistanse (med Kongepokalen) i 2023. I tillegg to stafett-NM med FSK.<\/p>\n<p>\u2013 Jeg satset p\u00e5 \u00e5 gj\u00f8re et jevnt l\u00f8p uten store feil. \u00c5pnet forsiktig for \u00e5 bli fortrolig med kartet, men kunne trolig valgt et litt raskere veivalg til f\u00f8rste. P\u00e5 det lange strekket mot slutten av l\u00f8ypa valgte jeg imidlertid rett, og tok rundt 20 sekunder p\u00e5 de hardeste konkurrentene, forklarer hun.<\/p>\n<p>Ryggproblemene hun har slitt med siden uttagsl\u00f8pene til VM tidlig i sommer g\u00e5r greit.<\/p>\n<p>\u2013 Jeg er stiv etterp\u00e5. M\u00e5 t\u00f8ye og drive styrke\u00f8velser, men selve konkurransene g\u00e5r greit om jeg varmer skikkelig opp.<\/p>\n<p>Bronse til Aamand<\/p>\n<p>Blant v\u00e5re lokale juniorer ble det en bronse, pluss et par \u201dsure\u201d fjerdeplasser.<\/p>\n<p>Sigrid Fugleneb Aamand l\u00f8p inn til en gledelig bronse i yngre junior, men hensatte samtidig klubbvenninne Jenny Danevad til fjerdeplass. G\u00f8y, og en fin oppmuntring for Sigrid som har slitt hele sesongen med en lei langtidsskade.<\/p>\n<p>   <img decoding=\"async\" width=\"4201\" height=\"3247\" fetchpriority=\"low\"  loading=\"lazy\"  src=\"https:\/\/www.europesays.com\/no\/wp-content\/uploads\/2025\/09\/Sigrid+Fugleneb+Aamand+-+Jenny+Danevad+.JPG\" alt=\"\" class=\"brick-c-cFOWSL\" style=\"--brick-image-ratio: 4201 \/ 3247;\"\/><\/p>\n<p>    Sigrid Fugleneb Aamand tok bronse i den yngste juniorklassen, men hensatte samtidig klubbveninne Jenny Danevad til fjerdeplass.<br \/>\n    Foto: Erik Borg\n  <\/p>\n<p>Gullet i klassen gikk til Haldens Minna Wingsted, som tok en knusende seier.<\/p>\n<p>I guttenes eldre junior ble det en fin fjerdeplass til Emil Husebye Aamodt. Vant her gjorde sist startende, Freidigs Kristoffer Str\u00f8mdal Wik.<\/p>\n<p>I yngre junior ble det en pen 10.-plass tilSyver Strand Gulbrandsen blant 52 startende.<\/p>\n<p>Vi nevner ogs\u00e5 vinneren i jentenes eldre junior \u2013 Oppsals Ingeborg Roll Mosland, med mamma Anette fra Ons\u00f8y, og besteforeldre og tante boende her i Fredrikstad.<\/p>\n<p>NM fortsetter<\/p>\n<p>\u00c5rets NM, som g\u00e5r p\u00e5 Lynga ved Hadeland, fortsetter fredag med kvalifisering mellomdistanse for seniorene. L\u00f8rdag l\u00f8pes finaler for seniorer, pluss juniorer der det ikke er kvalifisering.<\/p>\n<p>Kongepokalen er i \u00e5r satt opp p\u00e5 distansen i seniorklassene.<\/p>\n<p>S\u00f8ndag avsluttes det hele med stafetter.<\/p>\n","protected":false},"excerpt":{"rendered":"Som siste startende var nemlig fortsatt &laquo;O-sportens Anders Aukland\u201d, Anne Margrethe Hausen Nordberg (49), ute i l\u00f8ypa. Den&hellip;\n","protected":false},"author":2,"featured_media":27604,"comment_status":"","ping_status":"","sticky":false,"template":"","format":"standard","meta":{"footnotes":""},"categories":[59],"tags":[36,4451,30,28,4452,29,3872,83,82,1510],"class_list":{"0":"post-27603","1":"post","2":"type-post","3":"status-publish","4":"format-standard","5":"has-post-thumbnail","7":"category-sport","8":"tag-art","9":"tag-marie-olaussen","10":"tag-no","11":"tag-norge","12":"tag-norgesmesterskap","13":"tag-norway","14":"tag-orientering","15":"tag-sport","16":"tag-sports","17":"tag-story"},"share_on_mastodon":{"url":"","error":""},"_links":{"self":[{"href":"https:\/\/www.europesays.com\/no\/wp-json\/wp\/v2\/posts\/27603","targetHints":{"allow":["GET"]}}],"collection":[{"href":"https:\/\/www.europesays.com\/no\/wp-json\/wp\/v2\/posts"}],"about":[{"href":"https:\/\/www.europesays.com\/no\/wp-json\/wp\/v2\/types\/post"}],"author":[{"embeddable":true,"href":"https:\/\/www.europesays.com\/no\/wp-json\/wp\/v2\/users\/2"}],"replies":[{"embeddable":true,"href":"https:\/\/www.europesays.com\/no\/wp-json\/wp\/v2\/comments?post=27603"}],"version-history":[{"count":0,"href":"https:\/\/www.europesays.com\/no\/wp-json\/wp\/v2\/posts\/27603\/revisions"}],"wp:featuredmedia":[{"embeddable":true,"href":"https:\/\/www.europesays.com\/no\/wp-json\/wp\/v2\/media\/27604"}],"wp:attachment":[{"href":"https:\/\/www.europesays.com\/no\/wp-json\/wp\/v2\/media?parent=27603"}],"wp:term":[{"taxonomy":"category","embeddable":true,"href":"https:\/\/www.europesays.com\/no\/wp-json\/wp\/v2\/categories?post=27603"},{"taxonomy":"post_tag","embeddable":true,"href":"https:\/\/www.europesays.com\/no\/wp-json\/wp\/v2\/tags?post=27603"}],"curies":[{"name":"wp","href":"https:\/\/api.w.org\/{rel}","templated":true}]}}