{"id":276048,"date":"2026-06-24T18:44:20","date_gmt":"2026-06-24T18:44:20","guid":{"rendered":"https:\/\/www.europesays.com\/no\/276048\/"},"modified":"2026-06-24T18:44:20","modified_gmt":"2026-06-24T18:44:20","slug":"da-sank-hjertet-mitt","status":"publish","type":"post","link":"https:\/\/www.europesays.com\/no\/276048\/","title":{"rendered":"&#8211; Da sank hjertet mitt"},"content":{"rendered":"<p>TRONDHEIM (Dagbladet): &#8211; Jeg er nok en av dem som har brukt benken p\u00e5 Ullevaal mest.<\/p>\n<p class=\"font-weight-bold m-font-weight-bold\" data-lab-font_weight=\"font-weight-bold\">For Ola By Rise (65) ble oppladningen til VM noe annerledes enn for de fleste andre. Som potensiell tredjem\u00e5lvakt var han ikke sikker p\u00e5 \u00e5 bli tatt ut. Og om han skulle bli tatt ut, var han i hvert fall helt sikker p\u00e5 at han ikke skulle spille.<\/p>\n<p>S\u00e5nn er livet som m\u00e5lvakt. By Rise brukte ti \u00e5r p\u00e5 sine 25 landskamper &#8211; inkludert 53 eller 54 kamper som ubenyttet reserve, if\u00f8lge seg selv.<\/p>\n<p>Den siste av de 25 fikk han like f\u00f8r VM i 1994, etter en\u00a0\u00ablovnad\u00bb om \u00e5 f\u00e5 gullklokka etter lang og tro tjeneste med flagget p\u00e5 brystet. Den 25. kampen kom mot England, p\u00e5 Wembley. Han ble byttet inn ti minutter f\u00f8r slutt.<\/p>\n<p>&#8211; Det var et spesielt \u00f8yeblikk. Media skrev noe s\u00e5nt som at \u00absom om det ikke var nok med at Norge holdt England til 0-0, s\u00e5 byttet de til og med inn m\u00e5lvakten sin f\u00f8r slutt\u00bb.<\/p>\n<p>Norge pisset p\u00e5 England. F\u00f8rstnenvte skulle til VM &#8211; det skulle ikke sistnevnte.<\/p>\n<p>        <img loading=\"lazy\" decoding=\"async\" src=\"https:\/\/www.europesays.com\/no\/wp-content\/uploads\/2026\/06\/84714946.webp\" width=\"667\" height=\"481\" alt=\"\" class=\"\" style=\"--aspect-ratio-image: 1.39; \"\/><\/p>\n<p>\n        STAKKARS: Dagbladet var ikke n\u00e5dig med engelskmennene f\u00f8r oppkj\u00f8ringskampen f\u00f8r VM i 94. Kommentator Esten O. S\u00e6ther mente da at Norge var p\u00e5 Wembley for \u00e5 f\u00e5 en trenings\u00f8kt f\u00f8r mesterskapet England ikke skulle delta i &#8211; blant annet etter \u00e5 ha havnet under Norge i kvaliken. Foto: Hans Arne Vedlog \/ Dagbladet\n    <\/p>\n<p>Det var opplest og vedtatt at Norge aldri kunne n\u00e5 et sluttspill. Gode enkeltkamper, ja, men sluttspill? Aldri i verden, forteller m\u00e5lvaktkjempen. Men da\u00a0\u00abDrillo\u00bb kom, snudde det.\u00a0<\/p>\n<p>&#8211; Jeg var ute av landslaget en liten stund, og da jeg kom tilbake, s\u00e5 jeg den vanvittige mentale endringen som hadde skjedd. Vi trodde at det umulige var mulig, og at man kunne sl\u00e5 alle.<\/p>\n<p>        <img loading=\"lazy\" decoding=\"async\" src=\"https:\/\/www.europesays.com\/no\/wp-content\/uploads\/2026\/06\/84714947.webp\" width=\"667\" height=\"507\" alt=\"\" class=\"\" style=\"--aspect-ratio-image: 1.32; \"\/><\/p>\n<p>\n        TRONDHEIM: Byen han kunne forlatt om arbeidstillatelsen gikk i orden. By Rise var nemlig p\u00e5 vei til Southampton i 1989. Foto: Hans Arne Vedlog \/ Dagbladet\n    <\/p>\n<p>&#8211; Ikke si det til noen\t<\/p>\n<p>By Rise debuterte som 16-\u00e5ring for Rosenborg i en sesong som endte med nedrykk. Det var n\u00e6rmest en velsignelse for m\u00e5lvakten som endte opp med 459 kamper for den tidligere storklubben &#8211; flest av alle fram til Roar Strand gikk forbi ham p\u00e5 adelskalenderen.<\/p>\n<p>    Ola By Rise<\/p>\n<p>F\u00f8dt: 14. november 1960 (65 \u00e5r)<\/p>\n<p>Fra: Trondheim<\/p>\n<p>Spillerkarriere: Rosenborg (459 kamper)<\/p>\n<p>Landslag: Norge (1985-94, 25 kamper)<\/p>\n<p>Trenerkarriere: Rosenborg (assistent, 1998-2003), Rosenborg (2004), Norge (assistent, 2006-2013), Ranheim (2015)<\/p>\n<p class=\"font-weight-bold m-font-weight-bold\" data-lab-font_weight=\"font-weight-bold\">N\u00e5: Kommunaldirekt\u00f8r for kultur, idrett og friluftsliv i Trondheim kommune (siden 2016)<\/p>\n<p>      Vis mer<br \/>\n      Vis mindre<\/p>\n<p>Beskjeden 16 \u00e5r gamle By Rise fikk p\u00e5 guttelandslagssamling, satte likevel en st\u00f8kk i tr\u00f8nderen.<\/p>\n<p class=\"font-weight-bold m-font-weight-bold\" data-lab-font_weight=\"font-weight-bold\">&#8211; Det f\u00f8rste trenerne sier til meg, er at \u00abn\u00e5r du slutter, m\u00e5 du bli trener\u00bb,\u00a0 og da sank jo hjertet i brystet mitt. Det h\u00f8rtes ut som at de ikke hadde noe s\u00e6rlig tro p\u00e5 at jeg skulle spille.<\/p>\n<p>&#8211; Men jeg var veldig opptatt av fotball og l\u00e6ring hele veien. Jeg husker vi hadde \u00e9n uke ferie i 1985, den f\u00f8rste gangen vi vant serien. Den brukte jeg til trenerkurs.<\/p>\n<p>Han fikk god l\u00e6ring fra start. Nils Arne Eggen styrte Rosenborg-skuta i store deler av den tidligere m\u00e5lvaktens karriere. De to var tette, og ikke lenge etter By Rise la st\u00f8vlene p\u00e5 hylla, ble han Eggens n\u00e6rmeste mann.<\/p>\n<p>        <img loading=\"lazy\" decoding=\"async\" src=\"https:\/\/www.europesays.com\/no\/wp-content\/uploads\/2026\/06\/84716285.webp\" width=\"667\" height=\"441\" alt=\"\" class=\"\" style=\"--aspect-ratio-image: 1.51; \"\/><\/p>\n<p>\n        TRENERSPIRE: By Rise startet trenerkarrieren som assistent for Nils Arne Eggen i Rosenborg. Foto: Gorm Kallestad \/ NTB\n    <\/p>\n<p>65-\u00e5ringen forteller at det \u00e5 jobbe sammen med Nils Arne var \u00abb\u00e5de en velsignelse og krevende\u00bb. Sjefen skulle v\u00e6re sjef p\u00e5 feltet, mens han brukte medtreneren sin mye mer p\u00e5 bakrommet. Noen ting tok han likevel i egne hender.<\/p>\n<p>By Rise forteller:<\/p>\n<p>&#8211; Det er en ting folk ikke er helt klar over, og det er hvor mange \u00e5r jeg var p\u00e5meldt som tredjekeeper i Champions League etter at jeg sluttet. Jeg tror faktisk det var tre sesonger, og det siste \u00e5ret m\u00e5tte jeg si tydelig fra til Nils:<\/p>\n<p class=\"font-weight-bold m-font-weight-bold\" data-lab-font_weight=\"font-weight-bold\">&#8211; \u00abJa, ja, meld meg p\u00e5, men ikke si det til noen\u00bb.<\/p>\n<p>        <img loading=\"lazy\" decoding=\"async\" src=\"https:\/\/www.europesays.com\/no\/wp-content\/uploads\/2026\/06\/84744597.webp\" width=\"980\" height=\"559\" alt=\"\" class=\"\" style=\"--aspect-ratio-image: 1.75; \"\/><\/p>\n<p>\n        TO TETTE: Men ingen badehette. By Rise og Eggen samarbeidet tett og godt &#8211; b\u00e5de under og etter m\u00e5lvaktens karriere. Foto: Gorm Kallestad \/ NTB\n    <\/p>\n<p>Hyller \u00c5ge\t<\/p>\n<p>I Rosenborg var det med Eggen som sjef da han spilte. P\u00e5 landslaget var det Drillo, som han ogs\u00e5 var assistenttrener for seinere. Det samme var han for \u00c5ge Hareide b\u00e5de i Rosenborg og p\u00e5 landslaget.<\/p>\n<p>De to spilte ogs\u00e5 sammen for Norge p\u00e5 80-tallet.<\/p>\n<p>&#8211; Ikke glem Trond Sollied. Jeg var assistenttrener for ham ogs\u00e5.\u00a0<\/p>\n<p class=\"italic m-italic\" data-lab-italic=\"italic\">&#8211; Det er litt av noen navn?<\/p>\n<p class=\"font-weight-bold m-font-weight-bold\" data-lab-font_weight=\"font-weight-bold\">&#8211; Ja. Jeg l\u00e6rte ekstremt mye av dem, spesielt n\u00e5r det kommer til ledelse. Den evnen de har til \u00e5 h\u00e5ndtere folk er helt unik. De er ulike, men det veldig gode fotballhodet har de alle sammen.<\/p>\n<p>By Rise nekter \u00e5 rangere dem, men snakker stadig varmt om sine tidligere kolleger.<\/p>\n<p>&#8211; \u00c5ge var n\u00e6rmest som en storebror, Drillo var kanskje mer bestefar og Nils Arne en farsskikkelse.<\/p>\n<p>Han delte ofte en vinflaske med \u00abstorebror\u00bb p\u00e5 hotellrommet da de regjerte sammen. Taktikktavla var stadig framme, men andre temaer var minst like viktige for duoen.<\/p>\n<p>Samfunnssp\u00f8rsm\u00e5l ble stadig diskutert og de to delte den samme lidenskapen for historie. Jomsvikingene\u00a0og vikingperioden. By Rise blir engasjert n\u00e5r historiepraten byr seg, og savner de gode pratene med \u00c5ge.<\/p>\n<p>&#8211; Han var en veldig fin fyr \u00e5 jobbe sammen med: Str\u00e5lende hum\u00f8r 98 prosent av tida, og sint som ei fele i to prosent. S\u00e5 var det smil like etterp\u00e5. Han var dedikert.<\/p>\n<p>        <img loading=\"lazy\" decoding=\"async\" src=\"https:\/\/www.europesays.com\/no\/wp-content\/uploads\/2026\/06\/84714949.webp\" width=\"667\" height=\"601\" alt=\"\" class=\"\" style=\"--aspect-ratio-image: 1.11; \"\/><\/p>\n<p>\n        P\u00c6LER: By Rise kler seg gjerne i Drillo-st\u00f8vlene mens han ser oppover mot &#8211; og forteller om &#8211; kongsg\u00e5rden til Harald Hardr\u00e5de. Den ligger ved rett ved siden av den noe mer kjente Nidarosdomen i Trondheim. Foto: Hans Arne Vedlog \/ Dagbladet\n    <\/p>\n<p>Ble latterliggjort\t<\/p>\n<p>By Rise flyr fra benk til benk i Trondheim. F\u00f8rst p\u00e5 med \u00abp\u00e6lene\u00bb p\u00e5 en av dem, s\u00e5 av med dem p\u00e5 en annen. Benketilv\u00e6relsen kan han &#8211; i hvert fall fra tida p\u00e5 landslaget. VM var intet unntak.<\/p>\n<p>&#8211; Jeg m\u00e5tte v\u00e6re klar for \u00e5 spille, men det var ikke det viktigste. Det var \u00e5 v\u00e6re positiv i gruppa og v\u00e6re en lagspiller.<\/p>\n<p>Tr\u00f8nderen var tatt ut som tredjemann p\u00e5 m\u00e5lvaktlista, og veien til buret var dermed lang. Men allerede f\u00f8r mesterskapet var det en slags krise p\u00e5 trening, der By Rise var eneste m\u00e5lvakt. De to andre: Rune Bratseth og manager Kjell Borgersen.\u00a0\u00abVar dette mulig?\u00bb l\u00f8d det fra Dagbladet.<\/p>\n<p class=\"font-weight-bold m-font-weight-bold\" data-lab-font_weight=\"font-weight-bold\">&#8211; Det hadde v\u00e6rt artigere om vi var to m\u00e5lvakter. Ikke til forkleinelse for Kjell &#8211; en str\u00e5lende fyr &#8211; men da ble jeg latterliggjort ogs\u00e5, ikke sant?<\/p>\n<p>For 65-\u00e5ringen ble det likevel en motivasjon. Med Erik Thorstvedt g\u00e5ende rundt med armen i fatle og Frode Grod\u00e5s som heller ikke kunne trene, m\u00e5tte han yte og v\u00e6re klar &#8211; selv om han innerst inne visste at f\u00f8rstnevnte skulle bli spillbar.<\/p>\n<p>&#8211; Jeg var 33 \u00e5r og hadde holdt p\u00e5 med dette siden jeg var 16. Jeg var ikke noen junior da jeg var over der, og var opptatt av at laget skulle gj\u00f8re det best mulig. Det laget hadde to store stjerner: Rune Bratseth og Erik Thorstvedt.<\/p>\n<p>Sistnevnte foran i k\u00f8a &#8211; f\u00f8rstnevnte romkamerat.<\/p>\n<p>        <img loading=\"lazy\" decoding=\"async\" src=\"https:\/\/www.europesays.com\/no\/wp-content\/uploads\/2026\/06\/84714954.webp\" width=\"667\" height=\"547\" alt=\"\" class=\"\" style=\"--aspect-ratio-image: 1.22; \"\/><\/p>\n<p>\n        NOK ST\u00d8VLER: Mens p\u00e6lene byttes ut med joggesko forteller By Rise med stor innlevelse om det kommende 1000-\u00e5rs jubileet til slaget p\u00e5 Stiklestad. &#8211; Mange tror at det var paven som lyste Olav den hellige, men det var det biskop Grimkjell som gjorde, forteller han. 4. august \u00e5ret etterp\u00e5 var visstnok datoen. Foto: Hans Arne Vedlog \/ Dagbladet\n    <\/p>\n<p>Smuglet sm\u00e5godt\t<\/p>\n<p>&#8211; Det er bedre med en forn\u00f8yd midtstopper enn en sunn midtstopper, innleder By Rise om romkameraten.<\/p>\n<p>Bratseth omtalte m\u00e5lvakten som romsjef og st\u00f8velb\u00e6rer, og han hadde nettopp det ansvaret. Som tredjem\u00e5lvakt var det ikke like viktig hva han spiste og drakk underveis i mesterskapet. For Bratseth kan det tenkes at det var noe viktigere, uten at det var viktig for kapteinen selv.<\/p>\n<p class=\"font-weight-bold m-font-weight-bold\" data-lab-font_weight=\"font-weight-bold\">&#8211; Jeg kj\u00f8pte alltid en pose sm\u00e5godt som jeg hadde med inn p\u00e5 rommet til ham, s\u00e5 han skulle trives. Jeg hadde gitt opp \u00e5 f\u00e5 han til \u00e5 spise sunt, forteller By Rise gledelig.<\/p>\n<p>        <img loading=\"lazy\" decoding=\"async\" src=\"https:\/\/www.europesays.com\/no\/wp-content\/uploads\/2026\/06\/84717611.webp\" width=\"667\" height=\"194\" alt=\"\" class=\"\" style=\"--aspect-ratio-image: 3.44; \"\/><\/p>\n<p>\n        KLAR BESKJED: Rollefordelingen p\u00e5 rom Bratseth\/By Rise var klar. Foto: Arkivfoto \/ Dagbladet\n    <\/p>\n<p>Bratseth var s\u00e5pass god at det ikke var like viktig med et asketisk kosthold, mener den tidligere m\u00e5lvakten. Han trengte ikke \u00e5 hente de marginene.<\/p>\n<p data-lab-font_weight=\"\">&#8211; Rune var ikke den beste dersom du trengte noen til \u00e5 snakke til unge spillere om betydningen av kosthold. Samtidig var han avholdsmann, s\u00e5 det hjalp litt.<\/p>\n<p>Kapteinen var heller ikke i front p\u00e5 det noen laget en intern konkurranse av i laget: \u00c5 g\u00e5 ned i vekt.<\/p>\n<p>\u00a0&#8211; Det var veiing hver dag for \u00e5 passe p\u00e5 at folk ikke ble dehydrert, men det ble en liten konkurranse for dem som veide mest. Det blir litt s\u00e5nn at menn blir gutter p\u00e5 leir.<\/p>\n<p>    <a itemprop=\"url\" href=\"https:\/\/www.dagbladet.no\/sport\/truet-med-boikott\/84176545\" rel=\"nofollow noopener\" target=\"_blank\"><\/p>\n<p>        <img loading=\"lazy\" decoding=\"async\" src=\"https:\/\/www.europesays.com\/no\/wp-content\/uploads\/2026\/06\/84176867.webp\" width=\"147\" height=\"100\" alt=\"\" class=\"lazyload\" style=\"--aspect-ratio-image: 1.47; \"\/><\/p>\n<p>        Truet med boikott<\/p>\n<p>    <\/a><\/p>\n<p>Undervurdert?\t<\/p>\n<p>Benketilv\u00e6relse p\u00e5 landslaget og assistenttrener til noen av de st\u00f8rste navnene i norsk fotballhistorie. Ola By Rise kan v\u00e6re lett \u00e5 undervurdere, selv om han har nest flest kamper gjennom tidene for Rosenborg og vunnet sju seriegull, i tillegg til fire cupgull.<\/p>\n<p>Vi kan legge til at han som trener var en del av sju seriemesterskap og to cupgull med Rosenborg, ett av seriegullene som hovedtrener, der de ogs\u00e5 kvalifiserte seg til Champions League-spill &#8211; og \u00e5tte \u00e5r som en viktig del av landslaget.<\/p>\n<p>Landslaget han noen \u00e5r tidligere spilte for &#8211; og var med til VM med.<\/p>\n<p>        <img loading=\"lazy\" decoding=\"async\" src=\"https:\/\/www.europesays.com\/no\/wp-content\/uploads\/2026\/06\/84714952.webp\" width=\"667\" height=\"474\" alt=\"\" class=\"\" style=\"--aspect-ratio-image: 1.41; \"\/><\/p>\n<p>\n        NY KAMERAT: Den tidligere m\u00e5lvakten kommer godt overens med b\u00e5de mennesker og fugler. Foto: Hans Arne Vedlog \/ Dagbladet\n    <\/p>\n<p class=\"italic m-italic\" data-lab-italic=\"italic\">&#8211; F\u00f8ler du deg undervurdert p\u00e5 noen m\u00e5te, Ola?<\/p>\n<p>65-\u00e5ringen ler godt og drar litt p\u00e5 svaret.<\/p>\n<p>&#8211; Nei, nja, jo.<\/p>\n<p>Han stopper litt opp. Tenker seg litt om.<\/p>\n<p>&#8211; Nei, ikke s\u00e5nn, svarer han.<\/p>\n<p class=\"font-weight-bold m-font-weight-bold\" data-lab-font_weight=\"font-weight-bold\">&#8211; Jeg tror det er greit. Det var noen som sa til meg forleden at \u00abdu har f\u00e5tt altfor lite kred i oppgj\u00f8ret\u00bb, men nei. Jeg har f\u00e5tt lov til \u00e5 v\u00e6re en del av det. Jeg tror jeg er veldig kollektivt innstilt, s\u00e5 \u00e5 ha de rollene jeg har hatt og sammen med de beste folkene, er jeg veldig takknemlig for.<\/p>\n<p>    <a itemprop=\"url\" href=\"https:\/\/www.dagbladet.no\/sport\/ma-inn-pa-et-morkt-rom\/84581459\" rel=\"nofollow noopener\" target=\"_blank\"><\/p>\n<p>        <img loading=\"lazy\" decoding=\"async\" src=\"https:\/\/www.europesays.com\/no\/wp-content\/uploads\/2026\/06\/1782326660_294_84581507.webp\" width=\"147\" height=\"98\" alt=\"\" class=\"lazyload\" style=\"--aspect-ratio-image: 1.50; \"\/><\/p>\n<p>        &#8211; M\u00e5 inn p\u00e5 et m\u00f8rkt rom<\/p>\n<p>    <\/a><\/p>\n<p>By Rise kunne ogs\u00e5 valgt \u00e5 satse mer p\u00e5 trenergjerningen, men tok valget om \u00e5 starte i kommunen for ti \u00e5r siden. Et familievalg, if\u00f8lge ham selv.<\/p>\n<p>&#8211; Da fikk jeg mer tid til kona, barna og barnebarna, og f\u00f8lge opp dem, bli godt kjent med dem og v\u00e6re med p\u00e5 trening og kamp.<\/p>\n<p class=\"italic m-italic\" data-lab-italic=\"italic\">&#8211; Angrer du p\u00e5 noe?<\/p>\n<p class=\"font-weight-bold m-font-weight-bold\" data-lab-font_weight=\"font-weight-bold\">&#8211; Nei. Ikke noe som egner seg p\u00e5 trykk i Dagbladet.<\/p>\n<p>          <img loading=\"lazy\" decoding=\"async\" src=\"https:\/\/www.europesays.com\/no\/wp-content\/uploads\/2026\/06\/84714953.webp\" width=\"1800\" height=\"1332\" alt=\"\" class=\"\" style=\"--aspect-ratio-image: 1.35; \"\/><\/p>\n<p>\n        20260424 TRONDHEIM Ola By Rise om fotball VM i USA i 1994 der han var p\u00e5 benken i samtlige av Norges tre kamper. Foto: Hans Arne Vedlog \/ Dagbladet<br \/>\n        Hans Arne Vedlog\n    <\/p>\n","protected":false},"excerpt":{"rendered":"TRONDHEIM (Dagbladet): &#8211; Jeg er nok en av dem som har brukt benken p\u00e5 Ullevaal mest. For Ola&hellip;\n","protected":false},"author":2,"featured_media":276049,"comment_status":"","ping_status":"","sticky":false,"template":"","format":"standard","meta":{"footnotes":"","_share_on_mastodon":"0"},"categories":[59],"tags":[11648,92,4428,555,30,28,29,23587,83,82,14450,11859],"class_list":["post-276048","post","type-post","status-publish","format-standard","has-post-thumbnail","category-sport","tag-age-hareide","tag-fotball","tag-landslaget","tag-nils-arne-eggen","tag-no","tag-norge","tag-norway","tag-ola-by-rise","tag-sport","tag-sports","tag-vm-heltene","tag-vm2026"],"share_on_mastodon":{"url":"https:\/\/pubeurope.com\/@no\/116806567410196847","error":""},"_links":{"self":[{"href":"https:\/\/www.europesays.com\/no\/wp-json\/wp\/v2\/posts\/276048","targetHints":{"allow":["GET"]}}],"collection":[{"href":"https:\/\/www.europesays.com\/no\/wp-json\/wp\/v2\/posts"}],"about":[{"href":"https:\/\/www.europesays.com\/no\/wp-json\/wp\/v2\/types\/post"}],"author":[{"embeddable":true,"href":"https:\/\/www.europesays.com\/no\/wp-json\/wp\/v2\/users\/2"}],"replies":[{"embeddable":true,"href":"https:\/\/www.europesays.com\/no\/wp-json\/wp\/v2\/comments?post=276048"}],"version-history":[{"count":0,"href":"https:\/\/www.europesays.com\/no\/wp-json\/wp\/v2\/posts\/276048\/revisions"}],"wp:featuredmedia":[{"embeddable":true,"href":"https:\/\/www.europesays.com\/no\/wp-json\/wp\/v2\/media\/276049"}],"wp:attachment":[{"href":"https:\/\/www.europesays.com\/no\/wp-json\/wp\/v2\/media?parent=276048"}],"wp:term":[{"taxonomy":"category","embeddable":true,"href":"https:\/\/www.europesays.com\/no\/wp-json\/wp\/v2\/categories?post=276048"},{"taxonomy":"post_tag","embeddable":true,"href":"https:\/\/www.europesays.com\/no\/wp-json\/wp\/v2\/tags?post=276048"}],"curies":[{"name":"wp","href":"https:\/\/api.w.org\/{rel}","templated":true}]}}