{"id":27621,"date":"2025-09-05T09:31:04","date_gmt":"2025-09-05T09:31:04","guid":{"rendered":"https:\/\/www.europesays.com\/no\/27621\/"},"modified":"2025-09-05T09:31:04","modified_gmt":"2025-09-05T09:31:04","slug":"fredrik-skavlan-gjor-comeback-pa-svensk-tv-med-nytt-debattprogram-2","status":"publish","type":"post","link":"https:\/\/www.europesays.com\/no\/27621\/","title":{"rendered":"Fredrik Skavlan gj\u00f8r comeback p\u00e5 svensk TV med nytt debattprogram"},"content":{"rendered":"<p class=\"kicker \" style=\"\">Fredrik Skavlan:\u00a0<\/p>\n<p>  Talkshowkongen vender tilbake til TV-skjermen, men denne gangen som debattleder.<\/p>\n<p>\n    NYTT PROGRAM: Fredrik Skavlan skal denne gangen lede debatt. Foto: Andreas Fadum\/Se og H\u00f8r\n  <\/p>\n<p>I august ble det kjent at <a href=\"https:\/\/www.seher.no\/kjendis\/en-stor-utfordring\/82133896\" rel=\"nofollow noopener\" target=\"_blank\">Fredrik Skavlan (58) returnerer til TV-skjermen<\/a> etter flere \u00e5rs pause.\u00a0<\/p>\n<p>Comebacket skjer p\u00e5 SVT med programmet\u00a0\u00abSkavlan och Sverige\u00bb. Underholdningsprogrammet vil inneholde b\u00e5de intervjuer og debatter.<\/p>\n<p>        STORFINT BES\u00d8K: Kongehuset \u00e5pner d\u00f8rene for folket, og viser hva som skjer p\u00e5 innsiden av bes\u00f8kene. Foto: NTB \/\/ Video: NTB \/ Instagram: @detnorskekongehus \/\/ Reporter: H\u00e5vard Bj\u00f8rnerem<\/p>\n<p>Men Skavlan er klar over at mange f\u00f8r ham har f\u00e5tt hard medfart som debattledere p\u00e5 svensk TV.<\/p>\n<p>    <a itemprop=\"url\" href=\"https:\/\/www.seher.no\/kjendis\/en-stor-utfordring\/82133896\" rel=\"nofollow noopener\" target=\"_blank\"><\/p>\n<p>      <img loading=\"lazy\" decoding=\"async\" src=\"https:\/\/www.europesays.com\/no\/wp-content\/uploads\/2025\/09\/82133488.webp\" width=\"980\" height=\"441\" title=\"- En stor utfordring\" alt=\"\" class=\"lazyload\" style=\"--aspect-ratio-image: 2.22; \"\/><\/p>\n<p>        &#8211; En stor utfordring<\/p>\n<p>    <\/a><\/p>\n<p>&#8211; Dette er kjempeskummelt! Men jeg har en flybillett hjem etter hver sending, sier han sp\u00f8kefullt til det svenske nyhetsbyr\u00e5et TT, gjengitt av <a href=\"https:\/\/www.aftonbladet.se\/nojesbladet\/a\/AvoAez\/skavlans-omojliga-uppdrag-jattefarligt\" rel=\"nofollow noopener\" target=\"_blank\">Aftonbladet<\/a>.<\/p>\n<p>If\u00f8lge TT har SVT bevisst valgt en annen tiln\u00e6rming enn de tradisjonelle, h\u00f8ylytte debattene som har preget svensk TV de siste \u00e5rene.\u00a0<\/p>\n<p>Skavlan lover en ny vri p\u00e5 debatten, med studiopublikum og et mykere debattklima hvor alle sitter rundt samme bord.<\/p>\n<p>        DOKUMENTARSERIE: Netflix har sluppet den f\u00f8rste traileren til dokumentaren om  prinsesse M\u00e4rtha Louise og ektemannen Durek Verrett.<br \/>\nDokumentaren har f\u00e5tt  tittelen  \u00abRebel Royals \u2013 An Unlikely Love Story\u00bb.<\/p>\n<p>P\u00e5 sp\u00f8rsm\u00e5l fra TT om folk i 2025 \u00f8nsker \u00e5 h\u00f8re den andre sidens argumenter, svarer Skavlan:\u00a0<\/p>\n<p>&#8211; Det tenkte jeg ogs\u00e5! Men s\u00e5 tenkte jeg p\u00e5 at jeg er oppvokst i en stor familie hvor alle er ekstroverte. Vi satt rundt spisebordet og diskuterte hele tida. Det var g\u00f8y! S\u00e5 derfor tenkte jeg: \u00abHvorfor er ikke debattprogrammer p\u00e5 TV morsomme?\u00bb. Det funker jo i podkaster.<\/p>\n<p>    <a itemprop=\"url\" href=\"https:\/\/www.seher.no\/kjendis\/nrk-avslorte-vinneren\/83535000\" rel=\"nofollow noopener\" target=\"_blank\"><\/p>\n<p>      <img loading=\"lazy\" decoding=\"async\" src=\"https:\/\/www.europesays.com\/no\/wp-content\/uploads\/2025\/09\/1757064662_438_83508735.webp\" width=\"980\" height=\"441\" title=\"NRK avsl\u00f8rte vinneren!\" alt=\"\" class=\"lazyload\" style=\"--aspect-ratio-image: 2.22; \"\/><\/p>\n<p>        NRK avsl\u00f8rte vinneren!<\/p>\n<p>    <\/a><\/p>\n<p>Den rutinerte programlederen erkjenner at han skiller seg ut fra andre kjente debattledere, som Janne Josefsson (73) og Robert Aschberg (73) som er kjent for sin konfronterende intervjustil.\u00a0<\/p>\n<p>        TOK ABORT: \u00abBloggerne\u00bb-profilen \u00e5pner seg om det t\u00f8ffe valget, og hvordan det blir \u00e5 m\u00e5tte gjennoppleve den vonde tiden p\u00e5 TV. Video: TV 2\/ \u00abBloggerne\u00bb\/ \u00abVokteren\u00bb\/ R\u00f8d L\u00f8per\/ Thea Hope\/ Sanne Holt<\/p>\n<p>&#8211; Jeg kan ikke v\u00e6re Aschberg og t\u00f8ffe meg p\u00e5 noe m\u00e5te. Jeg er ikke konfliktsky, men jeg velger en annen vei.\u00a0<\/p>\n<p>          <img loading=\"lazy\" decoding=\"async\" src=\"https:\/\/www.europesays.com\/no\/wp-content\/uploads\/2025\/09\/1757064664_926_83542249.webp\" width=\"980\" height=\"559\" title=\"SAMMEN P\u00c5 TV: Skavlan har selv hatt Robert Aschberg som gjest i 2010. Fra venstre: Mona Sahlin, Robert Aschberg, Fredrik Skavlan, Arne Treholt og Anne Holt. Foto: NTB\" alt=\"\" class=\"\" style=\"--aspect-ratio-image: 1.75; \"\/><\/p>\n<p>\n          SAMMEN P\u00c5 TV: Skavlan har selv hatt Robert Aschberg som gjest i 2010. Fra venstre: Mona Sahlin, Robert Aschberg, Fredrik Skavlan, Arne Treholt og Anne Holt. Foto: NTB\n      <\/p>\n<p>Programmet skal ogs\u00e5 bli sendt til v\u00e5ren. Deretter kan hende at Skavlan blir en del av SVTs valgsendinger neste \u00e5r.\u00a0<\/p>\n<p>\u00abSkavlan och Sverige\u00bb har premiere p\u00e5 SVT 4. september.<\/p>\n","protected":false},"excerpt":{"rendered":"Fredrik Skavlan:\u00a0 Talkshowkongen vender tilbake til TV-skjermen, men denne gangen som debattleder. NYTT PROGRAM: Fredrik Skavlan skal denne&hellip;\n","protected":false},"author":2,"featured_media":27622,"comment_status":"","ping_status":"","sticky":false,"template":"","format":"standard","meta":{"footnotes":""},"categories":[58],"tags":[71,1491,479,2543,30,28,29,72],"class_list":{"0":"post-27621","1":"post","2":"type-post","3":"status-publish","4":"format-standard","5":"has-post-thumbnail","7":"category-underholdning","8":"tag-entertainment","9":"tag-fredrik-skavlan","10":"tag-kjendis","11":"tag-kjendisdesken","12":"tag-no","13":"tag-norge","14":"tag-norway","15":"tag-underholdning"},"share_on_mastodon":{"url":"","error":""},"_links":{"self":[{"href":"https:\/\/www.europesays.com\/no\/wp-json\/wp\/v2\/posts\/27621","targetHints":{"allow":["GET"]}}],"collection":[{"href":"https:\/\/www.europesays.com\/no\/wp-json\/wp\/v2\/posts"}],"about":[{"href":"https:\/\/www.europesays.com\/no\/wp-json\/wp\/v2\/types\/post"}],"author":[{"embeddable":true,"href":"https:\/\/www.europesays.com\/no\/wp-json\/wp\/v2\/users\/2"}],"replies":[{"embeddable":true,"href":"https:\/\/www.europesays.com\/no\/wp-json\/wp\/v2\/comments?post=27621"}],"version-history":[{"count":0,"href":"https:\/\/www.europesays.com\/no\/wp-json\/wp\/v2\/posts\/27621\/revisions"}],"wp:featuredmedia":[{"embeddable":true,"href":"https:\/\/www.europesays.com\/no\/wp-json\/wp\/v2\/media\/27622"}],"wp:attachment":[{"href":"https:\/\/www.europesays.com\/no\/wp-json\/wp\/v2\/media?parent=27621"}],"wp:term":[{"taxonomy":"category","embeddable":true,"href":"https:\/\/www.europesays.com\/no\/wp-json\/wp\/v2\/categories?post=27621"},{"taxonomy":"post_tag","embeddable":true,"href":"https:\/\/www.europesays.com\/no\/wp-json\/wp\/v2\/tags?post=27621"}],"curies":[{"name":"wp","href":"https:\/\/api.w.org\/{rel}","templated":true}]}}