{"id":276284,"date":"2026-06-24T23:56:17","date_gmt":"2026-06-24T23:56:17","guid":{"rendered":"https:\/\/www.europesays.com\/no\/276284\/"},"modified":"2026-06-24T23:56:17","modified_gmt":"2026-06-24T23:56:17","slug":"yungblud-avlyser-tons-of-rock-opptreden","status":"publish","type":"post","link":"https:\/\/www.europesays.com\/no\/276284\/","title":{"rendered":"Yungblud avlyser Tons of Rock-opptreden"},"content":{"rendered":"\n<p class=\"_lead_145nj_2 _lead_6fko5_53 layout-component text-serif-m layout-normal text-serif-l layout-component layout-wide layout-padded _wide_17hqh_1 layout-padded\">Den britiske rockestjernen var booket som headliner p\u00e5 Tons of Rock fredag kveld.<\/p>\n<p><img alt=\"Her p\u00e5 scenen i Manchester 13. juni. Foto: Amy Harris \/ AP \/ NTB\" class=\"_image_jw3bv_65 layout-component layout-wide\" data-fullscreen- data-track-element-type=\"Article image fullscreen\" data-track-name=\"ImageFullscreen\" fetchpriority=\"high\" decoding=\"sync\" loading=\"eager\" height=\"1754\" itemprop=\"image\"  src=\"https:\/\/www.europesays.com\/no\/wp-content\/uploads\/2026\/06\/f0ff561a-7efc-32f7-8d77-c27899cd666a.jpeg\"  style=\"object-position:0% 0%\" width=\"2339\"\/>Her p\u00e5 scenen i Manchester 13. juni. Foto: Amy Harris \/ AP \/ NTB<\/p>\n<ul aria-hidden=\"true\" class=\"_images_ntbth_112\">\n<li><a class=\"_link_ntbth_117\" href=\"https:\/\/www.vg.no\/forfatter\/ingrid-bjoerndal-farestvedt\" style=\"z-index:1\" title=\"Ingrid Bj\u00f8rndal Farestvedt\" rel=\"nofollow noopener\" target=\"_blank\"><img alt=\"Bilde av Ingrid Bj\u00f8rndal Farestvedt\" class=\"_image_ntbth_93\" fetchpriority=\"low\" loading=\"lazy\" decoding=\"async\" itemprop=\"image\"  src=\"https:\/\/www.europesays.com\/no\/wp-content\/uploads\/2026\/06\/1782345374_996_0ca626e9-b4bd-4417-836d-161b53cb789f.jpeg\"  width=\"480\"\/><\/a><\/li>\n<\/ul>\n<p> Oppdatert torsdag 25. juni kl. 00:11     <\/p>\n<p class=\"_paragraph_145nj_4 _paragraph_6fko5_10 layout-component text-serif-m layout-normal text-serif-m layout-padded\">\u2013 Dessverre har <a href=\"https:\/\/www.vg.no\/tag\/yungblud?utm_source=vg-article&amp;utm_medium=auto-tagger&amp;utm_campaign=e7qk1M\" class=\"_link_145nj_39\" rel=\"nofollow noopener\" target=\"_blank\">Yungblud<\/a> m\u00e5ttet avlyse sin opptreden p\u00e5 Tons of Rock, opplyser festivalen i en pressemelding sent onsdag kveld.<\/p>\n<p class=\"_paragraph_145nj_4 _paragraph_6fko5_10 layout-component text-serif-m layout-normal text-serif-m layout-padded\"><strong class=\"_strong_145nj_25\">Tons of Rock beklager til skuffede fans.<\/strong><\/p>\n<p class=\"_paragraph_145nj_4 _paragraph_6fko5_10 layout-component text-serif-m layout-normal text-serif-m layout-padded\">\u2013 Vi vet at mange fans hadde sett frem til konserten, sier pressekontakt Lars Tefre Baade.<\/p>\n<p class=\"_paragraph_145nj_4 _paragraph_6fko5_10 layout-component text-serif-m layout-normal text-serif-m layout-padded\">\u2013 Vi \u00f8nsker Yungblud alt godt og h\u00e5per \u00e5 kunne \u00f8nske ham velkommen til Tons of Rock ved en senere anledning, fortsetter han.<\/p>\n<p class=\"_paragraph_145nj_4 _paragraph_6fko5_10 layout-component text-serif-m layout-normal text-serif-m layout-padded\"><strong class=\"_strong_145nj_25\">Rockebandet Joan Jett &amp; The Blackhearts stepper inn som erstatter.<\/strong><\/p>\n<p class=\"_paragraph_145nj_4 _paragraph_6fko5_10 layout-component text-serif-m layout-normal text-serif-m layout-padded\">\u2013 Publikum f\u00e5r muligheten til \u00e5 oppleve en artist som gjennom flere ti\u00e5r har satt et uutslettelig preg p\u00e5 rockehistorien, sier Baade.<\/p>\n<p><img alt=\"\u00abIKON\u00bb: \u2013 Etter \u00e5 ha toppet plakaten p\u00e5 Sweden Rock tidligere denne m\u00e5neden, kommer rockeikonet n\u00e5 til Tons of Rock, sier festivalen om sin ferskeste booking,  Joan Jett &amp; The Blackhearts. Her fra en konsert i New Orleans i fjor v\u00e5r.  Foto: Amy Harris \/ AP \/ NTB\" class=\"_image_jw3bv_65 layout-component layout-normal\" data-fullscreen- data-track-element-type=\"Article image fullscreen\" data-track-name=\"ImageFullscreen\" decoding=\"async\" loading=\"lazy\" height=\"2762\" itemprop=\"image\"  src=\"https:\/\/www.europesays.com\/no\/wp-content\/uploads\/2026\/06\/6bb6df42-2419-330c-ac82-b751fbb4c0cf.jpeg\"  style=\"object-position:0% 0%\" width=\"3564\"\/>\u00abIKON\u00bb: \u2013 Etter \u00e5 ha toppet plakaten p\u00e5 Sweden Rock tidligere denne m\u00e5neden, kommer rockeikonet n\u00e5 til Tons of Rock, sier festivalen om sin ferskeste booking,  Joan Jett &amp; The Blackhearts. Her fra en konsert i New Orleans i fjor v\u00e5r.  Foto: Amy Harris \/ AP \/ NTB    <img decoding=\"async\" alt=\"Tips oss illustrasjon\" src=\"https:\/\/www.europesays.com\/no\/wp-content\/uploads\/2026\/06\/1782289935_991_pssst-small.webp\"\/>    <\/p>\n<p class=\"title-serif-s\">Har du tips?<\/p>\n<p class=\"text-sans-m\">Send oss informasjon, bilder eller video.<\/p>\n<p>  <a href=\"https:\/\/www.vg.no\/tips-oss\" rel=\"nofollow noopener\" target=\"_blank\"> Tips oss <\/a>      <\/p>\n","protected":false},"excerpt":{"rendered":"Den britiske rockestjernen var booket som headliner p\u00e5 Tons of Rock fredag kveld. Her p\u00e5 scenen i Manchester&hellip;\n","protected":false},"author":2,"featured_media":276285,"comment_status":"","ping_status":"","sticky":false,"template":"","format":"standard","meta":{"footnotes":"","_share_on_mastodon":"0"},"categories":[10],"tags":[31,20,21,24,25,15,22,23,13,30,28,29,14,16,6579,26,27,11730],"class_list":["post-276284","post","type-post","status-publish","format-standard","has-post-thumbnail","category-norge","tag-breaking","tag-breaking-news","tag-breakingnews","tag-featured-news","tag-featurednews","tag-headlines","tag-latest-news","tag-latestnews","tag-news","tag-no","tag-norge","tag-norway","tag-nyheter","tag-overskrifter","tag-tons-of-rock","tag-top-stories","tag-topstories","tag-yungblud"],"share_on_mastodon":{"url":"https:\/\/pubeurope.com\/@no\/116807794069202598","error":""},"_links":{"self":[{"href":"https:\/\/www.europesays.com\/no\/wp-json\/wp\/v2\/posts\/276284","targetHints":{"allow":["GET"]}}],"collection":[{"href":"https:\/\/www.europesays.com\/no\/wp-json\/wp\/v2\/posts"}],"about":[{"href":"https:\/\/www.europesays.com\/no\/wp-json\/wp\/v2\/types\/post"}],"author":[{"embeddable":true,"href":"https:\/\/www.europesays.com\/no\/wp-json\/wp\/v2\/users\/2"}],"replies":[{"embeddable":true,"href":"https:\/\/www.europesays.com\/no\/wp-json\/wp\/v2\/comments?post=276284"}],"version-history":[{"count":0,"href":"https:\/\/www.europesays.com\/no\/wp-json\/wp\/v2\/posts\/276284\/revisions"}],"wp:featuredmedia":[{"embeddable":true,"href":"https:\/\/www.europesays.com\/no\/wp-json\/wp\/v2\/media\/276285"}],"wp:attachment":[{"href":"https:\/\/www.europesays.com\/no\/wp-json\/wp\/v2\/media?parent=276284"}],"wp:term":[{"taxonomy":"category","embeddable":true,"href":"https:\/\/www.europesays.com\/no\/wp-json\/wp\/v2\/categories?post=276284"},{"taxonomy":"post_tag","embeddable":true,"href":"https:\/\/www.europesays.com\/no\/wp-json\/wp\/v2\/tags?post=276284"}],"curies":[{"name":"wp","href":"https:\/\/api.w.org\/{rel}","templated":true}]}}