{"id":276300,"date":"2026-06-25T00:25:11","date_gmt":"2026-06-25T00:25:11","guid":{"rendered":"https:\/\/www.europesays.com\/no\/276300\/"},"modified":"2026-06-25T00:25:11","modified_gmt":"2026-06-25T00:25:11","slug":"sveio-ulykke-ulykke-i-sveio-store-materielle-skader","status":"publish","type":"post","link":"https:\/\/www.europesays.com\/no\/276300\/","title":{"rendered":"Sveio, Ulykke | Ulykke i Sveio \u2013 store materielle skader"},"content":{"rendered":"\n<p><b>SVEIO: <\/b>Det er S\u00f8r-Vest politidistrikt som melder om ulykken klokken 19.38.<\/p>\n<p>To biler skal v\u00e6re involvert i ulykken som har skjedd i Halseidvegen. Det er ikke meldt om alvorlig personskade.<\/p>\n<p><b>\u2013 Det er store materielle skader p\u00e5 kj\u00f8ret\u00f8yene. Veibanen er sperret, det er lite trafikk p\u00e5 stedet. Politiet er p\u00e5 stedet, melder operasjonsleder Olaug Bj\u00f8rnsen i politiet klokken 19.43.<\/b><\/p>\n<p>De involverte personene er ute av bilene og oppeg\u00e5ende, melder Bj\u00f8rnsen like etter.<\/p>\n<p>Ulykken skal ha skjedd i en 60-sone, og vi er da cirka p\u00e5 grensen mellom Sveio og Haugesund kommuner.<\/p>\n<p>En mann i 50-\u00e5rene er mistenkt for \u00e5 ha for\u00e5rsaket ulykken. Det er opprettet politisak.<\/p>\n<p><b>\u2013 Politiet har avh\u00f8rt mistenkte. Han har erkjent \u00e5 ha v\u00e6rt uoppmerksom, og deler av bilen har kommet over i motg\u00e5ende kj\u00f8refelt. Mannen bl\u00e5ste til 0 i alkometeret. F\u00f8rerkortet hans ble beslaglagt, opplyser Bj\u00f8rnsen.<\/b><\/p>\n<p>F\u00f8rer og passasjer i bilen som ble p\u00e5kj\u00f8rt ble tatt med til legevakten for sjekk, men de framsto som uskadd. Dette var to unge karer.<\/p>\n<p>Ogs\u00e5 mannen i 50-\u00e5rene ble etter avh\u00f8r kj\u00f8rt til legevakt\/sykehus for en sjekk.<\/p>\n<p>Klokken 21 opplyser politiet at bilene er hentet av bilberger og det skal dermed v\u00e6re fri ferdsel. Det er noe skade p\u00e5 et autovern p\u00e5 stedet.<\/p>\n","protected":false},"excerpt":{"rendered":"SVEIO: Det er S\u00f8r-Vest politidistrikt som melder om ulykken klokken 19.38. To biler skal v\u00e6re involvert i ulykken&hellip;\n","protected":false},"author":2,"featured_media":272791,"comment_status":"","ping_status":"","sticky":false,"template":"","format":"standard","meta":{"footnotes":"","_share_on_mastodon":"0"},"categories":[10],"tags":[36,20,21,24,25,15,22,23,13,30,28,29,14,16,1510,2160,26,27,224,51],"class_list":["post-276300","post","type-post","status-publish","format-standard","has-post-thumbnail","category-norge","tag-art","tag-breaking-news","tag-breakingnews","tag-featured-news","tag-featurednews","tag-headlines","tag-latest-news","tag-latestnews","tag-news","tag-no","tag-norge","tag-norway","tag-nyheter","tag-overskrifter","tag-story","tag-sveio","tag-top-stories","tag-topstories","tag-trafikk","tag-ulykke"],"share_on_mastodon":{"url":"https:\/\/pubeurope.com\/@no\/116807907854393844","error":""},"_links":{"self":[{"href":"https:\/\/www.europesays.com\/no\/wp-json\/wp\/v2\/posts\/276300","targetHints":{"allow":["GET"]}}],"collection":[{"href":"https:\/\/www.europesays.com\/no\/wp-json\/wp\/v2\/posts"}],"about":[{"href":"https:\/\/www.europesays.com\/no\/wp-json\/wp\/v2\/types\/post"}],"author":[{"embeddable":true,"href":"https:\/\/www.europesays.com\/no\/wp-json\/wp\/v2\/users\/2"}],"replies":[{"embeddable":true,"href":"https:\/\/www.europesays.com\/no\/wp-json\/wp\/v2\/comments?post=276300"}],"version-history":[{"count":0,"href":"https:\/\/www.europesays.com\/no\/wp-json\/wp\/v2\/posts\/276300\/revisions"}],"wp:featuredmedia":[{"embeddable":true,"href":"https:\/\/www.europesays.com\/no\/wp-json\/wp\/v2\/media\/272791"}],"wp:attachment":[{"href":"https:\/\/www.europesays.com\/no\/wp-json\/wp\/v2\/media?parent=276300"}],"wp:term":[{"taxonomy":"category","embeddable":true,"href":"https:\/\/www.europesays.com\/no\/wp-json\/wp\/v2\/categories?post=276300"},{"taxonomy":"post_tag","embeddable":true,"href":"https:\/\/www.europesays.com\/no\/wp-json\/wp\/v2\/tags?post=276300"}],"curies":[{"name":"wp","href":"https:\/\/api.w.org\/{rel}","templated":true}]}}