{"id":27663,"date":"2025-09-05T10:19:22","date_gmt":"2025-09-05T10:19:22","guid":{"rendered":"https:\/\/www.europesays.com\/no\/27663\/"},"modified":"2025-09-05T10:19:22","modified_gmt":"2025-09-05T10:19:22","slug":"vg-har-kjopt-rettighetene-til-womens-super-league","status":"publish","type":"post","link":"https:\/\/www.europesays.com\/no\/27663\/","title":{"rendered":"VG har kj\u00f8pt rettighetene til Women&#8217;s Super League"},"content":{"rendered":"\n<p class=\"_lead_ew2ao_2 _lead_xtcu6_50 layout-component text-serif-m layout-normal text-serif-l layout-component layout-wide layout-padded _wide_17hqh_1 layout-padded\">Med VG+ Sport kan du f\u00f8lge storklubbene og de norske profilene i den engelske ligaen. <\/p>\n<p><img alt=\"Celin Bizet D\u00f8nnum i aksjon for Manchester United.  Foto: Steven Paston \/ Pa Photos \/ NTB\" class=\"_image_qp4xg_65 layout-component layout-wide\" data-fullscreen- data-track-element-type=\"Article image fullscreen\" data-track-name=\"ImageFullscreen\" fetchpriority=\"high\" decoding=\"sync\" loading=\"eager\" height=\"2255\" itemprop=\"image\"  src=\"https:\/\/www.europesays.com\/no\/wp-content\/uploads\/2025\/09\/45064233-b5ff-4a61-ada8-fdcc61797e02\"  style=\"object-position:0% 0%\" width=\"3283\"\/>Celin Bizet D\u00f8nnum i aksjon for Manchester United.  Foto: Steven Paston \/ Pa Photos \/ NTB<\/p>\n<ul aria-hidden=\"true\" class=\"_images_1y6fe_106\">\n<li><a class=\"_link_1y6fe_111\" href=\"https:\/\/www.vg.no\/forfatter\/helene-husvik\" style=\"z-index:1\" title=\"Helene Husvik\" rel=\"nofollow noopener\" target=\"_blank\"><img alt=\"Bilde av Helene Husvik\" class=\"_image_1y6fe_88\" fetchpriority=\"low\" loading=\"lazy\" decoding=\"async\" itemprop=\"image\"  src=\"https:\/\/www.europesays.com\/no\/wp-content\/uploads\/2025\/09\/1757067561_451_a3928b48-9cc9-4de6-95d7-c5a5e63b6a91\"  width=\"480\"\/><\/a><\/li>\n<\/ul>\n<p> Oppdatert fredag 5. september kl. 10:34     <\/p>\n<p class=\"_paragraph_ew2ao_4 _paragraph_xtcu6_10 layout-component text-serif-m layout-normal text-serif-m layout-padded\">VG har inng\u00e5tt en eksklusiv avtale om \u00e5 vise alle kamper i Women&#8217;s Super League (WSL) og ligacupen de kommende tre sesongene. Alle kampene\u00a0kan sees med abonnement p\u00e5 <a href=\"https:\/\/tv.vg.no\/kategori\/3\/sport\" class=\"_link_ew2ao_39\" rel=\"nofollow noopener\" target=\"_blank\">VG+ Sport<\/a>.<\/p>\n<p><img decoding=\"async\" alt=\"Bilde av Asl\u00e2n Farshchian\" class=\"_image_ygndg_42\" height=\"27\" itemprop=\"image\" loading=\"lazy\"  src=\"https:\/\/www.europesays.com\/no\/wp-content\/uploads\/2025\/09\/c4597c32-e059-4300-84a3-09ef97100f1c\"  width=\"40\"\/><strong class=\"_name_ygndg_51 title-serif-xs\">Asl\u00e2n Farshchian<\/strong><\/p>\n<p class=\"_paragraph_ew2ao_4 text-sans-m _description_ygndg_56\">Rettighetssjef i VG<\/p>\n<p class=\"_paragraph_ew2ao_4 _paragraph_xtcu6_10 layout-component text-serif-m layout-normal text-serif-m layout-padded\">\u2013 Vi er stolte og glade over \u00e5 f\u00e5 jobbe med Women\u2019s Super League. Kvinnefotballen har tatt enorme steg de siste \u00e5rene. WSL er den klart beste og mest popul\u00e6re ligaen med en rekke store, norske profiler som vi gleder oss veldig til \u00e5 f\u00f8lge de neste sesongene, sier rettighetssjef i VG, Asl\u00e2n Farshchian.<\/p>\n<p><img alt=\"Chelseas Guro Reiten jubler etter scoring mot Manchester City forrige sesong, som endte med seriegull.   Foto: Andrew Couldridge \/ Reuters \/ NTB\" class=\"_image_qp4xg_65 layout-component layout-normal\" data-fullscreen- data-track-element-type=\"Article image fullscreen\" data-track-name=\"ImageFullscreen\" decoding=\"async\" loading=\"lazy\" height=\"1561\" itemprop=\"image\"  src=\"https:\/\/www.europesays.com\/no\/wp-content\/uploads\/2025\/09\/31d2b4af-01eb-4c3b-8640-594bc08249d9\"  style=\"object-position:0% 0%\" width=\"2300\"\/>Chelseas Guro Reiten jubler etter scoring mot Manchester City forrige sesong, som endte med seriegull.   Foto: Andrew Couldridge \/ Reuters \/ NTB<\/p>\n<p class=\"_paragraph_ew2ao_4 _paragraph_xtcu6_10 layout-component text-serif-m layout-normal text-serif-m layout-padded\">\u2013 Det er kjempekult at VG viser kamper fra WSL og ligacupen. Niv\u00e5et har hevet seg mye de siste \u00e5rene, s\u00e5 jeg h\u00e5per flere benytter seg av muligheten til \u00e5 se, kommenterer Guro Reiten, som har v\u00e6rt i Chelsea siden 2019.<\/p>\n<p>Norske spillere i Women&#8217;s Super League<\/p>\n<p class=\"_paragraph_ew2ao_4 _paragraph_xtcu6_10 _paragraph_16v91_10 layout-component text-serif-m layout-normal text-sans-m layout-padded\"><strong class=\"_strong_ew2ao_25\">Arsenal:<\/strong><br \/>Frida Maanum<\/p>\n<p><strong class=\"_strong_ew2ao_25\">Chelsea:<\/strong><br \/>Guro Reiten<\/p>\n<p class=\"_paragraph_ew2ao_4 _paragraph_xtcu6_10 _paragraph_16v91_10 layout-component text-serif-m layout-normal text-sans-m layout-padded\"><strong class=\"_strong_ew2ao_25\">Everton:<\/strong><br \/>Elise Stenevik<\/p>\n<p class=\"_paragraph_ew2ao_4 _paragraph_xtcu6_10 _paragraph_16v91_10 layout-component text-serif-m layout-normal text-sans-m layout-padded\"><strong class=\"_strong_ew2ao_25\">Liverpool:<\/strong><br \/>Sophie Rom\u00e1n Haug<\/p>\n<p class=\"_paragraph_ew2ao_4 _paragraph_xtcu6_10 _paragraph_16v91_10 layout-component text-serif-m layout-normal text-sans-m layout-padded\"><strong class=\"_strong_ew2ao_25\">Manchester United:<\/strong><br \/>Celin Bizet D\u00f8nnum<br \/>Elisabeth Terland<br \/>Lisa Naalsund<\/p>\n<p>Vis mer<\/p>\n<p class=\"_paragraph_ew2ao_4 _paragraph_xtcu6_10 layout-component text-serif-m layout-normal text-serif-m layout-padded\">WSL har en rekke norske profiler som VG-seerne n\u00e5 kan f\u00f8lge tett. Landslagsspillerne Celin Bizet D\u00f8nnum, Elisabeth Terland og Lisa Naalsund spiller for Manchester United, mens Guro Reiten er regjerende seriemester med Chelsea. I London er ogs\u00e5 Frida Maanum i gang med ny sesong for Arsenal etter at den forrige ble kronet med <a href=\"https:\/\/www.vg.no\/i\/OodO6O\" data-track-element-type=\"Link\" data-track-id=\"link:OodO6O\" class=\"_link_ew2ao_39\" rel=\"nofollow noopener\" target=\"_blank\">seier i Champions League<\/a>. <\/p>\n<p class=\"_paragraph_ew2ao_4 _paragraph_xtcu6_10 layout-component text-serif-m layout-normal text-serif-m layout-padded\">Women\u2019s Super League er den \u00f8verste divisjonen i engelsk kvinnefotball og best\u00e5r av tolv lag. Ligaen ble etablert i 2010 av det engelske fotballforbundet og har siden utviklet seg til \u00e5 bli en av de beste i verden. WSL er n\u00e5 <a href=\"https:\/\/www.uefa.com\/nationalassociations\/uefarankings\/womenscountry\/?year=2026\" class=\"_link_ew2ao_39\" rel=\"nofollow noopener\" target=\"_blank\">rangert som nummer tre<\/a> bak Frankrike og Spania. Den norske Toppserien er rangert som nummer \u00e5tte. <\/p>\n<p class=\"_paragraph_ew2ao_4 _paragraph_xtcu6_10 layout-component text-serif-m layout-normal text-serif-m layout-padded\">WSL-sesongen starter med storkampen Chelsea \u2013 Manchester City fredag kl. 20.30:<\/p>\n","protected":false},"excerpt":{"rendered":"Med VG+ Sport kan du f\u00f8lge storklubbene og de norske profilene i den engelske ligaen. Celin Bizet D\u00f8nnum&hellip;\n","protected":false},"author":2,"featured_media":27664,"comment_status":"","ping_status":"","sticky":false,"template":"","format":"standard","meta":{"footnotes":""},"categories":[59],"tags":[30,28,29,83,82,3744],"class_list":{"0":"post-27663","1":"post","2":"type-post","3":"status-publish","4":"format-standard","5":"has-post-thumbnail","7":"category-sport","8":"tag-no","9":"tag-norge","10":"tag-norway","11":"tag-sport","12":"tag-sports","13":"tag-women"},"share_on_mastodon":{"url":"","error":""},"_links":{"self":[{"href":"https:\/\/www.europesays.com\/no\/wp-json\/wp\/v2\/posts\/27663","targetHints":{"allow":["GET"]}}],"collection":[{"href":"https:\/\/www.europesays.com\/no\/wp-json\/wp\/v2\/posts"}],"about":[{"href":"https:\/\/www.europesays.com\/no\/wp-json\/wp\/v2\/types\/post"}],"author":[{"embeddable":true,"href":"https:\/\/www.europesays.com\/no\/wp-json\/wp\/v2\/users\/2"}],"replies":[{"embeddable":true,"href":"https:\/\/www.europesays.com\/no\/wp-json\/wp\/v2\/comments?post=27663"}],"version-history":[{"count":0,"href":"https:\/\/www.europesays.com\/no\/wp-json\/wp\/v2\/posts\/27663\/revisions"}],"wp:featuredmedia":[{"embeddable":true,"href":"https:\/\/www.europesays.com\/no\/wp-json\/wp\/v2\/media\/27664"}],"wp:attachment":[{"href":"https:\/\/www.europesays.com\/no\/wp-json\/wp\/v2\/media?parent=27663"}],"wp:term":[{"taxonomy":"category","embeddable":true,"href":"https:\/\/www.europesays.com\/no\/wp-json\/wp\/v2\/categories?post=27663"},{"taxonomy":"post_tag","embeddable":true,"href":"https:\/\/www.europesays.com\/no\/wp-json\/wp\/v2\/tags?post=27663"}],"curies":[{"name":"wp","href":"https:\/\/api.w.org\/{rel}","templated":true}]}}