{"id":27721,"date":"2025-09-05T11:28:50","date_gmt":"2025-09-05T11:28:50","guid":{"rendered":"https:\/\/www.europesays.com\/no\/27721\/"},"modified":"2025-09-05T11:28:50","modified_gmt":"2025-09-05T11:28:50","slug":"adressa-sender-hofstads-vm-kamper-frokna-sjol-gar-for-gull","status":"publish","type":"post","link":"https:\/\/www.europesays.com\/no\/27721\/","title":{"rendered":"Adressa sender Hofstads VM-kamper: &#8211; Fr\u00f8kna sj\u00f8l g\u00e5r for gull"},"content":{"rendered":"<p>Sunniva Hofstad har bokset 14 kamper i \u00e5r og har kun tapt \u00e9n.<\/p>\n<p>I hennes f\u00f8rste VM som senior er hun blitt den som motstanderne frykter i 75-kilosklassen.<\/p>\n<p>Har god selvtillit <\/p>\n<p>Torsdag ankom Sunniva Hofstad og trener Ole-Arne N\u00e6sg\u00e5rd Liverpool.<\/p>\n<p><strong>Hofstads VM-kamper ser du p\u00e5 adressa.no eller via Adressa-appen p\u00e5 Apple-TV.<\/strong><\/p>\n<p>F\u00f8rste utfordring for Trondheims-bokseren blir italienske Melissa Gemini l\u00f8rdag kveld i \u00e5ttedelsfinalen. Kampen starter cirka klokka 2045.<\/p>\n<p>Finalen bokses 14. september.<\/p>\n<p>\u2013 Det ser veldig bra ut ut. Veldig bra. Vi g\u00e5r for medalje, men fr\u00f8kna sj\u00f8l g\u00e5r for gull, sa treneren f\u00f8r avreise.<\/p>\n<p>I lokalene til nyetablerte Nova bokseklubb p\u00e5 Heimdal har Hofstad gjort unna de siste VM-forberedelsene.<\/p>\n<p><img decoding=\"async\" src=\"data:image\/gif;base64,R0lGODlhEAAJAIAAAP\/\/\/wAAACH5BAEAAAAALAAAAAAQAAkAAAIKhI+py+0Po5yUFQA7\" alt=\"\"\/> <img decoding=\"async\" src=\"data:image\/gif;base64,R0lGODlhEAAJAIAAAP\/\/\/wAAACH5BAEAAAAALAAAAAAQAAkAAAIKhI+py+0Po5yUFQA7\" alt=\"\"\/> <\/p>\n<p>\u2013 Jeg har l\u00f8pt mine intervall\u00f8kter, g\u00e5tt gode runder p\u00e5 sekk, og vi har f\u00e5tt veldig mye bra sparring. Det har v\u00e6rt en optimal oppkj\u00f8ring, sier Sunniva Hofstad.<\/p>\n<p>Det er et dr\u00f8yt \u00e5r siden hun kvalifiserte seg til OL som f\u00f8rste norske kvinne. Da r\u00f8k hun ut i f\u00f8rste kamp &#8211; \u00e5ttedelsfinalen.<\/p>\n<p>I Liverpool er det en langt mer rutinert ut\u00f8ver som g\u00e5r i ringen. For f\u00f8rste gang kan hun bli seedet i trekningen etter \u00e5 ha imponert i verdenscupen i \u00e5r.<\/p>\n<p>  <video playsinline=\"\" muted=\"muted\" loop=\"loop\" preload=\"metadata\" crossorigin=\"anonymous\" poster=\"https:\/\/images.stream.schibsted.media\/users\/adressa\/images\/4ad48ac022b71c2dda79bbc5eca89c10.jpg?t[]=1080q80\"> <\/video>  <\/p>\n<p>\u2013 Jeg har jo god selvtillit i ringen. Jeg f\u00f8ler meg trygg og selvsikker. Jeg tar n\u00e5 bare den motstanderen jeg f\u00e5r, sier Hofstad om den kommende VM-motstanden.<\/p>\n<p>Hun f\u00e5r ofte h\u00f8re at:<\/p>\n<p>\u00abDu vinner jo alt, du\u00bb.<\/p>\n<p>\u2013 Men jeg tenker jo at alt kan skje i en boksekamp. Man skal jo ha respekt for alle, sier hun.<\/p>\n<p><strong>Sunniva Hofstad ble historisk da hun bokset i OL i Paris forrige sommer. Adresseavisen fulgte 19-\u00e5ringen fra Trondheim gjennom oppturer og nedturer p\u00e5 vei mot OL-kvalifiseringen i Milano. <a href=\"https:\/\/play.adressa.no\/kategori\/600180\/sunniva-kampen-om-ol-billetten\" rel=\"noopener nofollow\" target=\"_blank\">Se dokumentaren her<\/a>.<\/strong><\/p>\n<p><img decoding=\"async\" src=\"data:image\/gif;base64,R0lGODlhEAAJAIAAAP\/\/\/wAAACH5BAEAAAAALAAAAAAQAAkAAAIKhI+py+0Po5yUFQA7\" alt=\"\"\/><br \/>\n  Sunniva Hofstads vei mot OL ble til en prisvinnende dokumentar p\u00e5 adressa.no.<br \/>\n  <strong>Foto:<\/strong> Christine Schefte\u2013 Litt rotete <\/p>\n<p>I \u00e5r har bokseh\u00e5pet fra Trondheim kun tapt \u00e9n kamp.<\/p>\n<p>\u2013 Jeg har bokset i mange store turneringer, og det var en litt mindre turnering. Kanskje var jeg ikke helt p\u00e5skrudd i akkurat den kampen. Jeg kom ikke helt inn i flyten, og da ble litt rotete, sier hun.<\/p>\n<p><img decoding=\"async\" src=\"data:image\/gif;base64,R0lGODlhEAAJAIAAAP\/\/\/wAAACH5BAEAAAAALAAAAAAQAAkAAAIKhI+py+0Po5yUFQA7\" alt=\"\"\/> <img decoding=\"async\" src=\"data:image\/gif;base64,R0lGODlhEAAJAIAAAP\/\/\/wAAACH5BAEAAAAALAAAAAAQAAkAAAIKhI+py+0Po5yUFQA7\" alt=\"\"\/> <\/p>\n<p>Hun tar med seg mye l\u00e6ring fra opplevelsen i Tsjekkia i juni.<\/p>\n<p>\u2013 Du m\u00e5 g\u00e5 stegene for \u00e5 bli god. Og noen steg inneb\u00e6rer \u00e5 tape. Jeg l\u00e6rte meg viktigheten av \u00e5 etablere en god start, sier hun.<\/p>\n<p>Hun har to EM-titler og en VM-tittel som junior. N\u00e5 gleder hun seg til \u00e5 se hva senior-VM har \u00e5 by p\u00e5.<\/p>\n<p>\u2013 Jeg har vunnet som junior, men da du verdens beste i din aldersklasse. Vinner du senior-VM, da er du virkelig en av de aller beste bokserne i verden, sier 21-\u00e5ringen.<\/p>\n<p><strong>\u2013 Hvordan er \u00e5 bli nevnt som en medaljekandidat?<\/strong><\/p>\n<p>\u2013 Som alltid er det jeg som har de st\u00f8rste forventningene til meg selv. Hva de andre holder p\u00e5 med, det er deres sak.<\/p>\n<p><img decoding=\"async\" src=\"data:image\/gif;base64,R0lGODlhEAAJAIAAAP\/\/\/wAAACH5BAEAAAAALAAAAAAQAAkAAAIKhI+py+0Po5yUFQA7\" alt=\"\"\/> <a href=\"https:\/\/www.adressa.no\/sport\/i\/jQ56Qn\/stor-bragd-vilt-artig\" rel=\"nofollow noopener\" target=\"_blank\"> <img decoding=\"async\" src=\"data:image\/gif;base64,R0lGODlhEAAJAIAAAP\/\/\/wAAACH5BAEAAAAALAAAAAAQAAkAAAIKhI+py+0Po5yUFQA7\" alt=\"\"\/>   Stor bragd: \u2013 Vilt artig  <\/a> <a href=\"https:\/\/www.adressa.no\/sport\/i\/Mn0qQK\/konflikten-bak-klubbskiftet\" rel=\"nofollow noopener\" target=\"_blank\"> <img decoding=\"async\" src=\"data:image\/gif;base64,R0lGODlhEAAJAIAAAP\/\/\/wAAACH5BAEAAAAALAAAAAAQAAkAAAIKhI+py+0Po5yUFQA7\" alt=\"\"\/>   Konflikten bak klubbskiftet   <\/a> <a href=\"https:\/\/www.adressa.no\/sport\/i\/xmB1Ep\/det-nye-senteret-i-trondheim-skal-hjelpe-sunniva-mot-droemmen\" rel=\"nofollow noopener\" target=\"_blank\"> <img decoding=\"async\" src=\"data:image\/gif;base64,R0lGODlhEAAJAIAAAP\/\/\/wAAACH5BAEAAAAALAAAAAAQAAkAAAIKhI+py+0Po5yUFQA7\" alt=\"\"\/>   Det nye senteret i Trondheim skal hjelpe Sunniva mot dr\u00f8mmen  <\/a> <\/p>\n","protected":false},"excerpt":{"rendered":"Sunniva Hofstad har bokset 14 kamper i \u00e5r og har kun tapt \u00e9n. I hennes f\u00f8rste VM som&hellip;\n","protected":false},"author":2,"featured_media":27722,"comment_status":"","ping_status":"","sticky":false,"template":"","format":"standard","meta":{"footnotes":""},"categories":[59],"tags":[1563,30,28,29,83,82,4476],"class_list":{"0":"post-27721","1":"post","2":"type-post","3":"status-publish","4":"format-standard","5":"has-post-thumbnail","7":"category-sport","8":"tag-boksing","9":"tag-no","10":"tag-norge","11":"tag-norway","12":"tag-sport","13":"tag-sports","14":"tag-sunniva-hofstad"},"share_on_mastodon":{"url":"","error":""},"_links":{"self":[{"href":"https:\/\/www.europesays.com\/no\/wp-json\/wp\/v2\/posts\/27721","targetHints":{"allow":["GET"]}}],"collection":[{"href":"https:\/\/www.europesays.com\/no\/wp-json\/wp\/v2\/posts"}],"about":[{"href":"https:\/\/www.europesays.com\/no\/wp-json\/wp\/v2\/types\/post"}],"author":[{"embeddable":true,"href":"https:\/\/www.europesays.com\/no\/wp-json\/wp\/v2\/users\/2"}],"replies":[{"embeddable":true,"href":"https:\/\/www.europesays.com\/no\/wp-json\/wp\/v2\/comments?post=27721"}],"version-history":[{"count":0,"href":"https:\/\/www.europesays.com\/no\/wp-json\/wp\/v2\/posts\/27721\/revisions"}],"wp:featuredmedia":[{"embeddable":true,"href":"https:\/\/www.europesays.com\/no\/wp-json\/wp\/v2\/media\/27722"}],"wp:attachment":[{"href":"https:\/\/www.europesays.com\/no\/wp-json\/wp\/v2\/media?parent=27721"}],"wp:term":[{"taxonomy":"category","embeddable":true,"href":"https:\/\/www.europesays.com\/no\/wp-json\/wp\/v2\/categories?post=27721"},{"taxonomy":"post_tag","embeddable":true,"href":"https:\/\/www.europesays.com\/no\/wp-json\/wp\/v2\/tags?post=27721"}],"curies":[{"name":"wp","href":"https:\/\/api.w.org\/{rel}","templated":true}]}}