{"id":27726,"date":"2025-09-05T11:32:10","date_gmt":"2025-09-05T11:32:10","guid":{"rendered":"https:\/\/www.europesays.com\/no\/27726\/"},"modified":"2025-09-05T11:32:10","modified_gmt":"2025-09-05T11:32:10","slug":"jakob-ingebrigtsen-om-skaden-for-vm-kjemper-mot-klokken","status":"publish","type":"post","link":"https:\/\/www.europesays.com\/no\/27726\/","title":{"rendered":"Jakob Ingebrigtsen om skaden f\u00f8r VM: \u2013 Kjemper mot klokken"},"content":{"rendered":"\n<p class=\"_lead_ew2ao_2 _lead_xtcu6_50 layout-component text-serif-m layout-normal text-serif-l layout-component layout-wide layout-padded _wide_17hqh_1 layout-padded\">Jakob Ingebrigtsen meldte seg skadefri og klar til VM forrige uke. N\u00e5 som mesterskapet n\u00e6rmer seg, er han mer usikker.<\/p>\n<p><img alt=\"Jakob Ingebrigtsen t\u00f8r ikke love at han stiller til start under VM. Foto: Beate Oma Dahle \/ NTB\" class=\"_image_qp4xg_65 layout-component layout-wide\" data-fullscreen- data-track-element-type=\"Article image fullscreen\" data-track-name=\"ImageFullscreen\" fetchpriority=\"high\" decoding=\"sync\" loading=\"eager\" height=\"4931\" itemprop=\"image\"  src=\"https:\/\/www.europesays.com\/no\/wp-content\/uploads\/2025\/09\/84f84dbb-92f7-4400-9afc-932d56f9b28f\"  style=\"object-position:0% 0%\" width=\"7397\"\/>Jakob Ingebrigtsen t\u00f8r ikke love at han stiller til start under VM. Foto: Beate Oma Dahle \/ NTB<\/p>\n<ul aria-hidden=\"true\" class=\"_images_1y6fe_106\">\n<li><a class=\"_link_1y6fe_111\" href=\"https:\/\/www.vg.no\/forfatter\/eirik-soerenmo-paasche\" style=\"z-index:2\" title=\"Eirik S\u00f8renmo P\u00e5sche\" rel=\"nofollow noopener\" target=\"_blank\"><img alt=\"Bilde av Eirik S\u00f8renmo P\u00e5sche\" class=\"_image_1y6fe_88\" fetchpriority=\"low\" loading=\"lazy\" decoding=\"async\" itemprop=\"image\"  src=\"https:\/\/www.europesays.com\/no\/wp-content\/uploads\/2025\/09\/cfda420f-d23e-4c6c-b420-faa95e9679ed\"  width=\"480\"\/><\/a><\/li>\n<li><a class=\"_link_1y6fe_111\" href=\"https:\/\/www.vg.no\/forfatter\/mikal-aaserud\" style=\"z-index:1\" title=\"Mikal Emil Aaserud\" rel=\"nofollow noopener\" target=\"_blank\"><img alt=\"Bilde av Mikal Emil Aaserud\" class=\"_image_1y6fe_88\" fetchpriority=\"low\" loading=\"lazy\" decoding=\"async\" itemprop=\"image\"  src=\"https:\/\/www.europesays.com\/no\/wp-content\/uploads\/2025\/09\/1757071929_879_1f4bb18c-b7b1-46ba-9b49-79ae6afd7bbd\"  width=\"480\"\/><\/a><\/li>\n<\/ul>\n<p> Oppdatert fredag 5. september kl. 12:58    <\/p>\n<ul class=\"_list_ew2ao_3 _list_64s2r_85 _unordered_ew2ao_99 text-sans-m\">\n<li class=\"_item_ew2ao_30\">Jakob Ingebrigtsen kjemper mot klokken for \u00e5 rekke VM etter en vanskelig periode med akillesskade.<\/li>\n<li class=\"_item_ew2ao_30\">Til tross for utfordrende oppkj\u00f8ring, har han tro p\u00e5 at han kan konkurrere i Tokyo.<\/li>\n<li class=\"_item_ew2ao_30\">Ingebrigtsen er regjerende verdensmester p\u00e5 5000 meter og planlegger \u00e5 delta p\u00e5 b\u00e5de 1500 og 5000 meter.<\/li>\n<\/ul>\n<p>Vis mer <\/p>\n<p class=\"_paragraph_ew2ao_4 _paragraph_xtcu6_10 layout-component text-serif-m layout-normal text-serif-m layout-padded\">\u2013 Jeg kjemper mot klokken for \u00e5 rekke VM.<\/p>\n<p class=\"_paragraph_ew2ao_4 _paragraph_xtcu6_10 layout-component text-serif-m layout-normal text-serif-m layout-padded\">Det sier <a href=\"https:\/\/www.vg.no\/tag\/jakob-ingebrigtsen?utm_source=vg-article&amp;utm_medium=auto-tagger&amp;utm_campaign=B0gVA9\" class=\"_link_ew2ao_39\" rel=\"nofollow noopener\" target=\"_blank\">Jakob Ingebrigtsen<\/a> n\u00e5r han m\u00f8ter b\u00e5de norske og internasjonale medier i et digitalt pressem\u00f8te litt over en uke f\u00f8r VM starter.<\/p>\n<p class=\"_paragraph_ew2ao_4 _paragraph_xtcu6_10 layout-component text-serif-m layout-normal text-serif-m layout-padded\">\u2013 De siste ukene har v\u00e6rt mye bedre enn tidligere i sommer. Det er h\u00e5p, sier han.<\/p>\n<p class=\"_paragraph_ew2ao_4 _paragraph_xtcu6_10 layout-component text-serif-m layout-normal text-serif-m layout-padded\">Han beskriver oppkj\u00f8ringen sin p\u00e5 grunn av akillesskaden som \u00abforferdelig\u00bb og \u00abufattelig d\u00e5rlig\u00bb,  og kaller situasjonen utfordrende.<\/p>\n<p class=\"_paragraph_ew2ao_4 _paragraph_xtcu6_10 layout-component text-serif-m layout-normal text-serif-m layout-padded\">\u2013 S\u00e5 er jeg glad i \u00e5 konkurrere og gj\u00f8r det jeg kan for \u00e5 v\u00e6re forberedt til mesterskapet som begynner neste helg. Jeg har selvf\u00f8lgelig troen p\u00e5 at jeg kan rekke det og klare det. Men det er ingenting i verden som er 100 prosent, sier Ingebrigtsen.<\/p>\n<p class=\"_paragraph_ew2ao_4 _paragraph_xtcu6_10 layout-component text-serif-m layout-normal text-serif-m layout-padded\">Det kommer en uke etter at Ingebrigtsen meldte seg <a href=\"https:\/\/www.vg.no\/sport\/i\/Gyk8vl\/jakob-ingebrigtsen-er-skadefri-og-vm-klar\" data-track-element-type=\"Link\" data-track-id=\"link:Gyk8vl\" class=\"_link_ew2ao_39\" rel=\"nofollow noopener\" target=\"_blank\">skadefri og klar for VM<\/a> etter \u00e5 ha slitt med en akillesskade i flere m\u00e5neder.<\/p>\n<p class=\"_paragraph_ew2ao_4 _paragraph_xtcu6_10 layout-component text-serif-m layout-normal text-serif-m layout-padded\">Siden skaden har han trent alternativt, men i de siste ukene har Ingebrigtsen v\u00e6rt p\u00e5 h\u00f8ydesamling i St. Moritz.<\/p>\n<p class=\"_paragraph_ew2ao_4 _paragraph_xtcu6_10 layout-component text-serif-m layout-normal text-serif-m layout-padded\">VM i Tokyo begynner l\u00f8rdag 13. september. Verdensmesterskapet blir f\u00f8rste gang Ingebrigtsen konkurrerer utend\u00f8rs i \u00e5r.<\/p>\n<p><img alt=\"Jakob Ingebrigtsen feirer VM-gullet p\u00e5 5000 meter i 2023.  Foto: Beate Oma Dahle \/ NTB\" class=\"_image_qp4xg_65 layout-component layout-normal\" data-fullscreen- data-track-element-type=\"Article image fullscreen\" data-track-name=\"ImageFullscreen\" decoding=\"async\" loading=\"lazy\" height=\"5760\" itemprop=\"image\"  src=\"https:\/\/www.europesays.com\/no\/wp-content\/uploads\/2025\/09\/b92b0281-5434-4579-adb3-c4e00042ec84\"  style=\"object-position:0% 0%\" width=\"8640\"\/>Jakob Ingebrigtsen feirer VM-gullet p\u00e5 5000 meter i 2023.  Foto: Beate Oma Dahle \/ NTB<\/p>\n<p class=\"_paragraph_ew2ao_4 _paragraph_xtcu6_10 layout-component text-serif-m layout-normal text-serif-m layout-padded\">Ingebrigtsen er regjerende verdensmester p\u00e5 5000 meter fra Budapest for to \u00e5r siden. 1500 meter har han til gode \u00e5 vinne i et VM.<\/p>\n<p class=\"_paragraph_ew2ao_4 _paragraph_xtcu6_10 layout-component text-serif-m layout-normal text-serif-m layout-padded\">Han er p\u00e5meldt begge distansene i Tokyo. P\u00e5 sp\u00f8rsm\u00e5l om han skal l\u00f8pe begge, svarer han:<\/p>\n<p class=\"_paragraph_ew2ao_4 _paragraph_xtcu6_10 layout-component text-serif-m layout-normal text-serif-m layout-padded\">\u2013 Det er planen.<\/p>\n<p class=\"_paragraph_ew2ao_4 _paragraph_xtcu6_10 layout-component text-serif-m layout-normal text-serif-m layout-padded\">Til tross for skaden han har slitt med og en mindre optimal oppkj\u00f8ring, er ambisjonene hans klare.<\/p>\n<p class=\"_paragraph_ew2ao_4 _paragraph_xtcu6_10 layout-component text-serif-m layout-normal text-serif-m layout-padded\">\u2013 Jeg vet at om jeg stiller til start er jeg en gullkandidat, sier Jakob Ingebrigtsen.<\/p>\n<p class=\"_paragraph_ew2ao_4 _paragraph_xtcu6_10 layout-component text-serif-m layout-normal text-serif-m layout-padded\">Jakob Ingebrigtsen tok to gull under innend\u00f8rs-VM i mars:<\/p>\n","protected":false},"excerpt":{"rendered":"Jakob Ingebrigtsen meldte seg skadefri og klar til VM forrige uke. N\u00e5 som mesterskapet n\u00e6rmer seg, er han&hellip;\n","protected":false},"author":2,"featured_media":27727,"comment_status":"","ping_status":"","sticky":false,"template":"","format":"standard","meta":{"footnotes":""},"categories":[59],"tags":[423,422,30,28,29,83,82],"class_list":{"0":"post-27726","1":"post","2":"type-post","3":"status-publish","4":"format-standard","5":"has-post-thumbnail","7":"category-sport","8":"tag-friidrett","9":"tag-jakob-ingebrigtsen","10":"tag-no","11":"tag-norge","12":"tag-norway","13":"tag-sport","14":"tag-sports"},"share_on_mastodon":{"url":"","error":""},"_links":{"self":[{"href":"https:\/\/www.europesays.com\/no\/wp-json\/wp\/v2\/posts\/27726","targetHints":{"allow":["GET"]}}],"collection":[{"href":"https:\/\/www.europesays.com\/no\/wp-json\/wp\/v2\/posts"}],"about":[{"href":"https:\/\/www.europesays.com\/no\/wp-json\/wp\/v2\/types\/post"}],"author":[{"embeddable":true,"href":"https:\/\/www.europesays.com\/no\/wp-json\/wp\/v2\/users\/2"}],"replies":[{"embeddable":true,"href":"https:\/\/www.europesays.com\/no\/wp-json\/wp\/v2\/comments?post=27726"}],"version-history":[{"count":0,"href":"https:\/\/www.europesays.com\/no\/wp-json\/wp\/v2\/posts\/27726\/revisions"}],"wp:featuredmedia":[{"embeddable":true,"href":"https:\/\/www.europesays.com\/no\/wp-json\/wp\/v2\/media\/27727"}],"wp:attachment":[{"href":"https:\/\/www.europesays.com\/no\/wp-json\/wp\/v2\/media?parent=27726"}],"wp:term":[{"taxonomy":"category","embeddable":true,"href":"https:\/\/www.europesays.com\/no\/wp-json\/wp\/v2\/categories?post=27726"},{"taxonomy":"post_tag","embeddable":true,"href":"https:\/\/www.europesays.com\/no\/wp-json\/wp\/v2\/tags?post=27726"}],"curies":[{"name":"wp","href":"https:\/\/api.w.org\/{rel}","templated":true}]}}