{"id":27749,"date":"2025-09-05T12:03:13","date_gmt":"2025-09-05T12:03:13","guid":{"rendered":"https:\/\/www.europesays.com\/no\/27749\/"},"modified":"2025-09-05T12:03:13","modified_gmt":"2025-09-05T12:03:13","slug":"bilen-stoppet-ikke-og-ga-gass-fvn-no","status":"publish","type":"post","link":"https:\/\/www.europesays.com\/no\/27749\/","title":{"rendered":"(+) \u2013 Bilen stoppet ikke og ga gass &#8211; fvn.no"},"content":{"rendered":"<ol>\n<li><a href=\"https:\/\/news.google.com\/rss\/articles\/CBMitwFBVV95cUxNcnR4YkNUb1R6UFQ0VDVWcUE0NU5qVERuX3U0Nm0yU1JTeVZTcmNKRVhIQ2RnaGMySG5CRnNXaF9SRHgzcFptc2pYNjlfZ1ZBOXF6RFpybnNDVE1aRVRMdmpZWEFkS3RwS1Awa2NNNHBaN0JZNTU3VnFlQURoTFFTNXVTREx6dGZ1MGR5c3ZjUjFWYU80QjQzTUtvMTM2d2wtMVFsR2JUZHB5V1V3MDcwZEhKNDJSbVk?oc=5\" target=\"_blank\" rel=\"nofollow noopener\">(+) \u2013 Bilen stoppet ikke og ga gass<\/a>&nbsp;&nbsp;fvn.no<\/li>\n<li><a href=\"https:\/\/news.google.com\/rss\/articles\/CBMiugFBVV95cUxPSGJqWnhkTk1CcmhnQ1I1N3Fic04zTTBQbldpMWdMUlVGdVRtRkwxa2kwNzlJOEdQUXNaSHJGQUwwLUh6SzBQcGpvM0ZLeG9rWE5HMnVrZEk5Ylc3Zk1qaVVjQ0s1RGlhNk1SR05sNkhmTWk1MlY5ejM1T1ZvX1pGVjlMTjl4MURoNHVpWm0zOEg2Nzl3VDZNV1B4bVplc1hCbXNCaTB2dmFENGFYYk5pQjU5bkpsbzlVcWc?oc=5\" target=\"_blank\" rel=\"nofollow noopener\">Nordmann mistenkt for dobbeltdrap i Sverige \u2013 p\u00e5grepet i dramatisk aksjon<\/a>&nbsp;&nbsp;TV2.no<\/li>\n<li><a href=\"https:\/\/news.google.com\/rss\/articles\/CBMiiwFBVV95cUxOMmRaYmtVTEdHR0NjWm41R09pZ3dWWUNHXzlDNUk2aDRVZ0pLNTQ2Z0hmdnVNRVhDS0ZQZ1dZUUhoQXA1SG9vWnk2WjU3Rm9pT3NCc2RUM1pNVmQwMGZ1ZW9iRzM3NkV1MF9aaUMwSWJteFdTd0Nia0VFdnZVMTdRSjdnclVYdjdwNWpR?oc=5\" target=\"_blank\" rel=\"nofollow noopener\">Dobbeltdrapet i G\u00f6teborg: \u2013\u2060 Stoppet ikke og ga gass<\/a>&nbsp;&nbsp;VG<\/li>\n<li><a href=\"https:\/\/news.google.com\/rss\/articles\/CBMizAFBVV95cUxPcUFlZ3otWGR4emdUN1Ffcl9HaEtIbEVpWmNSVXlCd0V2VHpkZFprRm9iYjVhWjNFUnZIWkN6dTBGMnRwb2N0bUxfTjFzRFlnNkxydGdfMVJTa0hjWENZMEh5alZPT2tsdHFkVHhzSGdmamRZTWNVaktoRHJrMFBleXEyQjdNYjBJb2dzek83aXFkZXp0dTFQQlF1cUo1YW1ZMGNMYW9wWFh2UEdtLUEyaUFaRFNHMEZiNjY5NmY1c1JKVlp3eG1RREZnT1c?oc=5\" target=\"_blank\" rel=\"nofollow noopener\">Tollere ved Svinesund fors\u00f8kte \u00e5 stanse dobbeltdrapsmistenkt p\u00e5 vei inn i Norge<\/a>&nbsp;&nbsp;adressa.no<\/li>\n<li><a href=\"https:\/\/news.google.com\/rss\/articles\/CBMipgFBVV95cUxQWlpBR1Z0YnlWSGJvU2k2U2tCeGdqelFIbkRBMUtkVmFfS1FaZS1xNUJwRFNGRjd4dlNieldxcElBOGJFdmZ2SnkxaE1yVXJUUkM2YzhQUDdGZ2dCal9sbDFvN05ST2k2MXRvM05FR0NaT0ctUVZSN20xVjJmaGc5WUpmZjNxQnY0M0t4RDl3NGtIcE92OHd0engxUEVReFRxN3lZVG1R?oc=5\" target=\"_blank\" rel=\"nofollow noopener\">Dobbeldrapsmistenkt nordmann varetektsfengslet i inntil fire uker \u2013 Siste nytt<\/a>&nbsp;&nbsp;NRK<\/li>\n<\/ol>\n","protected":false},"excerpt":{"rendered":"(+) \u2013 Bilen stoppet ikke og ga gass&nbsp;&nbsp;fvn.no Nordmann mistenkt for dobbeltdrap i Sverige \u2013 p\u00e5grepet i dramatisk&hellip;\n","protected":false},"author":2,"featured_media":27750,"comment_status":"","ping_status":"","sticky":false,"template":"","format":"standard","meta":{"footnotes":""},"categories":[10],"tags":[20,21,24,25,4274,2112,15,22,23,13,30,28,29,14,16,254,26,27],"class_list":{"0":"post-27749","1":"post","2":"type-post","3":"status-publish","4":"format-standard","5":"has-post-thumbnail","7":"category-norge","8":"tag-breaking-news","9":"tag-breakingnews","10":"tag-featured-news","11":"tag-featurednews","12":"tag-goteborg","13":"tag-gronland","14":"tag-headlines","15":"tag-latest-news","16":"tag-latestnews","17":"tag-news","18":"tag-no","19":"tag-norge","20":"tag-norway","21":"tag-nyheter","22":"tag-overskrifter","23":"tag-politi","24":"tag-top-stories","25":"tag-topstories"},"share_on_mastodon":{"url":"","error":""},"_links":{"self":[{"href":"https:\/\/www.europesays.com\/no\/wp-json\/wp\/v2\/posts\/27749","targetHints":{"allow":["GET"]}}],"collection":[{"href":"https:\/\/www.europesays.com\/no\/wp-json\/wp\/v2\/posts"}],"about":[{"href":"https:\/\/www.europesays.com\/no\/wp-json\/wp\/v2\/types\/post"}],"author":[{"embeddable":true,"href":"https:\/\/www.europesays.com\/no\/wp-json\/wp\/v2\/users\/2"}],"replies":[{"embeddable":true,"href":"https:\/\/www.europesays.com\/no\/wp-json\/wp\/v2\/comments?post=27749"}],"version-history":[{"count":0,"href":"https:\/\/www.europesays.com\/no\/wp-json\/wp\/v2\/posts\/27749\/revisions"}],"wp:featuredmedia":[{"embeddable":true,"href":"https:\/\/www.europesays.com\/no\/wp-json\/wp\/v2\/media\/27750"}],"wp:attachment":[{"href":"https:\/\/www.europesays.com\/no\/wp-json\/wp\/v2\/media?parent=27749"}],"wp:term":[{"taxonomy":"category","embeddable":true,"href":"https:\/\/www.europesays.com\/no\/wp-json\/wp\/v2\/categories?post=27749"},{"taxonomy":"post_tag","embeddable":true,"href":"https:\/\/www.europesays.com\/no\/wp-json\/wp\/v2\/tags?post=27749"}],"curies":[{"name":"wp","href":"https:\/\/api.w.org\/{rel}","templated":true}]}}