{"id":27763,"date":"2025-09-05T12:12:09","date_gmt":"2025-09-05T12:12:09","guid":{"rendered":"https:\/\/www.europesays.com\/no\/27763\/"},"modified":"2025-09-05T12:12:09","modified_gmt":"2025-09-05T12:12:09","slug":"gronbaek-laerte-pa-den-harde-maden-etter-southampton-fadesen","status":"publish","type":"post","link":"https:\/\/www.europesays.com\/no\/27763\/","title":{"rendered":"Gr\u00f8nb\u00e6k l\u00e6rte p\u00e5 den h\u00e5rde m\u00e5den etter Southampton-fadesen"},"content":{"rendered":"\n<p class=\"_lead_ew2ao_2 _lead_xtcu6_50 layout-component text-serif-m layout-normal text-serif-l layout-component layout-wide layout-padded _wide_17hqh_1 layout-padded\">N\u00e5 er han tilbake i varmen p\u00e5 det danske landslaget.<\/p>\n<p><img alt=\"Ting har ikke g\u00e5tt helt som Albert Gr\u00f8nb\u00e6k hadde trodd etter at han forlot Glimt.  Foto: Mats Torbergsen \/ NTB\" class=\"_image_qp4xg_65 layout-component layout-wide\" data-fullscreen- data-track-element-type=\"Article image fullscreen\" data-track-name=\"ImageFullscreen\" fetchpriority=\"high\" decoding=\"sync\" loading=\"eager\" height=\"2506\" itemprop=\"image\"  src=\"https:\/\/www.europesays.com\/no\/wp-content\/uploads\/2025\/09\/5d782ab0-730e-4e21-8605-fbc4e089ea42\"  style=\"object-position:0% 0%\" width=\"3759\"\/>Ting har ikke g\u00e5tt helt som Albert Gr\u00f8nb\u00e6k hadde trodd etter at han forlot Glimt.  Foto: Mats Torbergsen \/ NTB<\/p>\n<ul aria-hidden=\"true\" class=\"_images_1y6fe_106\">\n<li><a class=\"_link_1y6fe_111\" href=\"https:\/\/www.vg.no\/forfatter\/eline-rustad-oestmoe\" style=\"z-index:1\" title=\"Eline Rustad \u00d8stmoe\" rel=\"nofollow noopener\" target=\"_blank\"><img alt=\"Bilde av Eline Rustad \u00d8stmoe\" class=\"_image_1y6fe_88\" fetchpriority=\"low\" loading=\"lazy\" decoding=\"async\" itemprop=\"image\"  src=\"https:\/\/www.europesays.com\/no\/wp-content\/uploads\/2025\/09\/1757074329_129_3bf80b5d-24fb-4d03-bfe4-7dc57ed1aea3\"  width=\"480\"\/><\/a><\/li>\n<\/ul>\n<p> Oppdatert fredag 5. september kl. 13:51     <\/p>\n<p class=\"_paragraph_ew2ao_4 _paragraph_xtcu6_10 layout-component text-serif-m layout-normal text-serif-m layout-padded\"><a href=\"https:\/\/www.vg.no\/tag\/albert-groenbaek?utm_source=vg-article&amp;utm_medium=auto-tagger&amp;utm_campaign=4B960a\" class=\"_link_ew2ao_39\" rel=\"nofollow noopener\" target=\"_blank\">Albert Gr\u00f8nb\u00e6k<\/a> har v\u00e6rt gjennom et turbulent \u00e5r med skuffelser og skader etter at han forlot Bod\u00f8\/Glimt i fjor sommer. <\/p>\n<p class=\"_paragraph_ew2ao_4 _paragraph_xtcu6_10 layout-component text-serif-m layout-normal text-serif-m layout-padded\">Dansken gikk for svimlende \u00a0<a href=\"https:\/\/www.vg.no\/sport\/fotball\/i\/wgAWoA\/opplysninger-til-vg-mot-rekordovergang-for-albert-groenbaek\" data-track-element-type=\"Link\" data-track-id=\"link:wgAWoA\" class=\"_link_ew2ao_39\" rel=\"nofollow noopener\" target=\"_blank\">170 millioner norske kroner.<\/a><\/p>\n<p class=\"_paragraph_ew2ao_4 _paragraph_xtcu6_10 layout-component text-serif-m layout-normal text-serif-m layout-padded\">Det var overgangsrekord i Norge frem til <a href=\"http:\/\/www.vg.no\/sport\/i\/3MA8ee\/nypan-tar-farvell-med-rosenborg#:~:text=Sverre%20Nypan%20setter%20ny%20overgangsrekord,er%20klar%20for%20Manchester%20City.&amp;text=Overgangssummen%20skal%20v%C3%A6re%20p%C3%A5%20rundt,Kontrakten%20varer%20til%20sommeren%202030.\" data-track-element-type=\"Link\" data-track-id=\"link:3MA8ee\" class=\"_link_ew2ao_39\" rel=\"nofollow noopener\" target=\"_blank\">Sverre Nypan ble kj\u00f8pt av Manchester City<\/a> denne sommeren. <\/p>\n<p class=\"_paragraph_ew2ao_4 _paragraph_xtcu6_10 layout-component text-serif-m layout-normal text-serif-m layout-padded\">F\u00f8rst havnet Gr\u00f8nb\u00e6k i kulden i franske Rennes, s\u00e5 slo et leieopphold i engelske Southampton feil. Til slutt m\u00e5tte han var han satt p\u00e5 sidelinjen med en skadet akillessene.<\/p>\n<p class=\"_paragraph_ew2ao_4 _paragraph_xtcu6_10 layout-component text-serif-m layout-normal text-serif-m layout-padded\">\u2013 Det var f\u00f8rste gang i karrieren min at jeg virkelig m\u00f8tte motstand og ble skadet slik, sier Gr\u00f8nb\u00e6k til <a href=\"https:\/\/sport.tv2.dk\/fodbold\/2025-09-03-groenbaek-ville-ikke-lave-samme-fejl-igen-har-laert-det-paa-den-haarde-maade\" class=\"_link_ew2ao_39\" rel=\"nofollow noopener\" target=\"_blank\">danske TV2. <\/a><\/p>\n<p class=\"_paragraph_ew2ao_4 _paragraph_xtcu6_10 layout-component text-serif-m layout-normal text-serif-m layout-padded\"><strong class=\"_strong_ew2ao_25\">Husker du denne?<\/strong><\/p>\n<p class=\"_paragraph_ew2ao_4 _paragraph_xtcu6_10 layout-component text-serif-m layout-normal text-serif-m layout-padded\">Dansken fikk fire Premier League- kamper for laget som endte desidert sist i fjor\u00e5rssesongen. desidert sist i fjor\u00e5rssesongen. 10 poeng bak Ipswich p\u00e5 nest siste plass.<\/p>\n<p class=\"_paragraph_ew2ao_4 _paragraph_xtcu6_10 layout-component text-serif-m layout-normal text-serif-m layout-padded\">\u2013 Det har v\u00e6rt perioder hvor jeg tvilte p\u00e5 meg selv og mistet motet, men jeg har heldigvis riktig gode mennesker rundt meg, og de har v\u00e6rt flinke til \u00e5 passe p\u00e5 meg, beskriver midtbanepilleren.<\/p>\n<p class=\"_paragraph_ew2ao_4 _paragraph_xtcu6_10 layout-component text-serif-m layout-normal text-serif-m layout-padded\">I sommer ble Gr\u00f8nb\u00e6k hentet til italienske Genoa og ble lagkamerat med Morten Thorsby og Leo \u00d8stig\u00e5rd, som ogs\u00e5 kom p\u00e5 l\u00e5n i sommer.<\/p>\n<p class=\"_paragraph_ew2ao_4 _paragraph_xtcu6_10 layout-component text-serif-m layout-normal text-serif-m layout-padded\"> Denne gangen tok han seg god tid for \u00e5 finne den rette klubben. <\/p>\n<p class=\"_paragraph_ew2ao_4 _paragraph_xtcu6_10 layout-component text-serif-m layout-normal text-serif-m layout-padded\">\u2013 Det var utrolig viktig for meg \u00e5 ikke gj\u00f8re den samme feilen igjen, sier han til den danske kanalen. <\/p>\n<p class=\"_paragraph_ew2ao_4 _paragraph_xtcu6_10 layout-component text-serif-m layout-normal text-serif-m layout-padded\">Gr\u00f8nb\u00e6k r\u00e5df\u00f8rte seg med landslagstrener Brian Riemer og hadde inng\u00e5ende samtaler med Genoas sportsdirekt\u00f8r og hovedtrener f\u00f8r han signerte.<\/p>\n<p class=\"_paragraph_ew2ao_4 _paragraph_xtcu6_10 layout-component text-serif-m layout-normal text-serif-m layout-padded\">\u2013 Det var utrolig l\u00e6rerikt \u2013 p\u00e5 den harde m\u00e5ten, sier han om tiden i Southampton.<\/p>\n<p class=\"_paragraph_ew2ao_4 _paragraph_xtcu6_10 layout-component text-serif-m layout-normal text-serif-m layout-padded\">N\u00e5 er dansken tilbake p\u00e5 landslaget igjen etter \u00e5 ha f\u00e5tt spilletid i Serie A.<\/p>\n<p class=\"_paragraph_ew2ao_4 _paragraph_xtcu6_10 layout-component text-serif-m layout-normal text-serif-m layout-padded\">Han st\u00e5r notert for seks landskamper med ett m\u00e5l. <\/p>\n","protected":false},"excerpt":{"rendered":"N\u00e5 er han tilbake i varmen p\u00e5 det danske landslaget. Ting har ikke g\u00e5tt helt som Albert Gr\u00f8nb\u00e6k&hellip;\n","protected":false},"author":2,"featured_media":27764,"comment_status":"","ping_status":"","sticky":false,"template":"","format":"standard","meta":{"footnotes":""},"categories":[59],"tags":[4480,517,30,28,29,1067,83,82,46],"class_list":{"0":"post-27763","1":"post","2":"type-post","3":"status-publish","4":"format-standard","5":"has-post-thumbnail","7":"category-sport","8":"tag-albert-gronbaek","9":"tag-bodo-glimt","10":"tag-no","11":"tag-norge","12":"tag-norway","13":"tag-serie-a","14":"tag-sport","15":"tag-sports","16":"tag-vgai"},"share_on_mastodon":{"url":"","error":""},"_links":{"self":[{"href":"https:\/\/www.europesays.com\/no\/wp-json\/wp\/v2\/posts\/27763","targetHints":{"allow":["GET"]}}],"collection":[{"href":"https:\/\/www.europesays.com\/no\/wp-json\/wp\/v2\/posts"}],"about":[{"href":"https:\/\/www.europesays.com\/no\/wp-json\/wp\/v2\/types\/post"}],"author":[{"embeddable":true,"href":"https:\/\/www.europesays.com\/no\/wp-json\/wp\/v2\/users\/2"}],"replies":[{"embeddable":true,"href":"https:\/\/www.europesays.com\/no\/wp-json\/wp\/v2\/comments?post=27763"}],"version-history":[{"count":0,"href":"https:\/\/www.europesays.com\/no\/wp-json\/wp\/v2\/posts\/27763\/revisions"}],"wp:featuredmedia":[{"embeddable":true,"href":"https:\/\/www.europesays.com\/no\/wp-json\/wp\/v2\/media\/27764"}],"wp:attachment":[{"href":"https:\/\/www.europesays.com\/no\/wp-json\/wp\/v2\/media?parent=27763"}],"wp:term":[{"taxonomy":"category","embeddable":true,"href":"https:\/\/www.europesays.com\/no\/wp-json\/wp\/v2\/categories?post=27763"},{"taxonomy":"post_tag","embeddable":true,"href":"https:\/\/www.europesays.com\/no\/wp-json\/wp\/v2\/tags?post=27763"}],"curies":[{"name":"wp","href":"https:\/\/api.w.org\/{rel}","templated":true}]}}