{"id":27773,"date":"2025-09-05T12:23:08","date_gmt":"2025-09-05T12:23:08","guid":{"rendered":"https:\/\/www.europesays.com\/no\/27773\/"},"modified":"2025-09-05T12:23:08","modified_gmt":"2025-09-05T12:23:08","slug":"gasslekkasje-i-moss-vil-sperre-luftrommet","status":"publish","type":"post","link":"https:\/\/www.europesays.com\/no\/27773\/","title":{"rendered":"Gasslekkasje i Moss: Vil sperre luftrommet"},"content":{"rendered":"<p>  Brannvesenet har opprettet sikkerhetssone etter lekkasjen, p\u00e5 et bilverksted i Moss.<\/p>\n<p>\n    E6 SPERRET: E6 er sperret i begge retninger n\u00e6r lekkasjen. Foto: Statens vegvesen\n  <\/p>\n<p class=\"no_italic m-no_italic font-weight-bold m-font-weight-bold\" data-lab-font_weight=\"font-weight-bold\" data-lab-italic=\"\">SISTE:\u00a0NRK melder at fire personer er skadd etter gasslekkasjen.<\/p>\n<p>Politiet meldte om lekkasjen klokka 12.13, etter melding fra brannvesenet.<\/p>\n<p>Lekkasjen har skjedd fra en tank ved et bilverksted ved et industriomr\u00e5de ved \u00c5rvollskolen i Moss. Brannvesenet har satt sikkerhetsavstand med en radius p\u00e5 300 meter.<\/p>\n<p>Politiet opplyser at E6 er sperret i begge retninger mellom \u00c5rvoll og Mosseporten. De jobber ogs\u00e5 med \u00e5 f\u00e5 opprettet luftromsrestriksjoner.<\/p>\n<p>Vaktleder ved \u00d8st 110-sentral, Ole-Martin Isebakke, opplyser at det er flytende petroleumsgass &#8211; en sv\u00e6rt brennbar gass &#8211; som lekker fra tanken.<\/p>\n<p> &#8211; Grunnen til at vi har satt sikkerhetssavstanden til 300 meter, er at vi ikke \u00f8nsker tennkilder i omr\u00e5det, sier vaktleder ved \u00d8st 110-sentral, Ole-Martin Isebakke, til Dagbladet.<\/p>\n<p class=\"italic m-italic\" data-lab-italic=\"italic\">&#8211; Hva skjer om man har tennkilder i omr\u00e5det?<\/p>\n<p>&#8211; Da sier det pang, sier Isebakke.<\/p>\n<p>Lekkasjen har skjedd hos bilverkstedet Autolakk, der de ansatte har blitt evakuert.<\/p>\n<p>&#8211; Alle kom seg ut. Det foregikk egentlig helt uten dramatikk. N\u00e5 er hele industriomr\u00e5det stengt ned, sier daglig leder Trond Syversen til Dagbladet.<\/p>\n<p>Han forteller at lekkasjen oppsto i forbindelse med at en m\u00e5ler p\u00e5 tanken skulle skiftes ut.<\/p>\n<p>&#8211; Vi fylte opp tanken med gass i g\u00e5r, s\u00e5 det er ti kubikk med gass der, sier Syversen.<\/p>\n<p>If\u00f8lge <a href=\"https:\/\/www.nrk.no\/ostfold\/gasslekkasje-i-moss_-e6-stengt-i-begge-retninger-1.17557066\" rel=\"nofollow noopener\" target=\"_blank\">NRK<\/a> er totalt 42 personer evakuert etter gasslekkasjen.<\/p>\n","protected":false},"excerpt":{"rendered":"Brannvesenet har opprettet sikkerhetssone etter lekkasjen, p\u00e5 et bilverksted i Moss. E6 SPERRET: E6 er sperret i begge&hellip;\n","protected":false},"author":2,"featured_media":27774,"comment_status":"","ping_status":"","sticky":false,"template":"","format":"standard","meta":{"footnotes":""},"categories":[5],"tags":[20,21,24,25,15,19,2539,22,23,17,18,13,30,28,29,14,16,26,27],"class_list":{"0":"post-27773","1":"post","2":"type-post","3":"status-publish","4":"format-standard","5":"has-post-thumbnail","7":"category-overskrifter","8":"tag-breaking-news","9":"tag-breakingnews","10":"tag-featured-news","11":"tag-featurednews","12":"tag-headlines","13":"tag-hovedoppslag","14":"tag-innenriks","15":"tag-latest-news","16":"tag-latestnews","17":"tag-main-news","18":"tag-mainnews","19":"tag-news","20":"tag-no","21":"tag-norge","22":"tag-norway","23":"tag-nyheter","24":"tag-overskrifter","25":"tag-top-stories","26":"tag-topstories"},"share_on_mastodon":{"url":"","error":""},"_links":{"self":[{"href":"https:\/\/www.europesays.com\/no\/wp-json\/wp\/v2\/posts\/27773","targetHints":{"allow":["GET"]}}],"collection":[{"href":"https:\/\/www.europesays.com\/no\/wp-json\/wp\/v2\/posts"}],"about":[{"href":"https:\/\/www.europesays.com\/no\/wp-json\/wp\/v2\/types\/post"}],"author":[{"embeddable":true,"href":"https:\/\/www.europesays.com\/no\/wp-json\/wp\/v2\/users\/2"}],"replies":[{"embeddable":true,"href":"https:\/\/www.europesays.com\/no\/wp-json\/wp\/v2\/comments?post=27773"}],"version-history":[{"count":0,"href":"https:\/\/www.europesays.com\/no\/wp-json\/wp\/v2\/posts\/27773\/revisions"}],"wp:featuredmedia":[{"embeddable":true,"href":"https:\/\/www.europesays.com\/no\/wp-json\/wp\/v2\/media\/27774"}],"wp:attachment":[{"href":"https:\/\/www.europesays.com\/no\/wp-json\/wp\/v2\/media?parent=27773"}],"wp:term":[{"taxonomy":"category","embeddable":true,"href":"https:\/\/www.europesays.com\/no\/wp-json\/wp\/v2\/categories?post=27773"},{"taxonomy":"post_tag","embeddable":true,"href":"https:\/\/www.europesays.com\/no\/wp-json\/wp\/v2\/tags?post=27773"}],"curies":[{"name":"wp","href":"https:\/\/api.w.org\/{rel}","templated":true}]}}