{"id":27775,"date":"2025-09-05T12:24:18","date_gmt":"2025-09-05T12:24:18","guid":{"rendered":"https:\/\/www.europesays.com\/no\/27775\/"},"modified":"2025-09-05T12:24:18","modified_gmt":"2025-09-05T12:24:18","slug":"helene-olafsen-og-jorgen-nilsen-selger-sitt-idylliske-drommehus-pa-malmoya","status":"publish","type":"post","link":"https:\/\/www.europesays.com\/no\/27775\/","title":{"rendered":"Helene Olafsen og J\u00f8rgen Nilsen selger sitt idylliske dr\u00f8mmehus p\u00e5 Malm\u00f8ya"},"content":{"rendered":"<p class=\"kicker \" style=\"\">Helene Olafsen og J\u00f8rgen Nilsen<\/p>\n<p>  Tomannsboligen p\u00e5 Malm\u00f8ya i Oslo legges n\u00e5 ut for salg.\u00a0<\/p>\n<p>\n    P\u00c5 FLYTTEFOT: Helene og J\u00f8rgen selger huset de kj\u00f8pte i 2019. Foto: Morten Eik\n  <\/p>\n<p>Kjendisparet Helene Olafsen (35) og J\u00f8rgen Nilsen (34) legger i disse dager ut sitt idylliske hjem p\u00e5 Malm\u00f8ya for salg. Huset \u2014 kjent som parets \u00abdr\u00f8mmebolig\u00bb \u2014 har v\u00e6rt rammen rundt romantikk, oppussing og familieidyll, men de har n\u00e5 besluttet at tiden er inne for neste kapittel.<\/p>\n<p>          <img loading=\"lazy\" decoding=\"async\" src=\"https:\/\/www.europesays.com\/no\/wp-content\/uploads\/2025\/09\/83553677.webp\" width=\"686\" height=\"1023\" title=\"KOMMER FOR SALG: P\u00e5 kjendismegler Hans Houelands Instagram ble salget varslet torsdag kveld. @hanshoueland\/Instagram\" alt=\"\" class=\"\" style=\"--aspect-ratio-image: 0.67; \"\/><\/p>\n<p>\n          KOMMER FOR SALG: P\u00e5 kjendismegler Hans Houelands Instagram ble salget varslet torsdag kveld. @hanshoueland\/Instagram\n      <\/p>\n<p>Paret kj\u00f8pte den ene delen av en tomannsbolig fra 1885 tilbake i 2019, med en <a href=\"https:\/\/www.seher.no\/kjendis\/byggebrak-for-kjendisparet---spesielt\/73917059?utm_source=chatgpt.com\" rel=\"nofollow noopener\" target=\"_blank\">prisantydning p\u00e5 rundt 15,9 millioner kroner<\/a>.<\/p>\n<p>        Et eldre klipp fra TV-programmet \u00abBorder Patrol\u00bb g\u00e5r n\u00e5 viralt p\u00e5 Tiktok. Klippet viser Helene Olafsen som blir tatt i tollen p\u00e5 New Zealand. Video: Thea Hope\/ R\u00f8d L\u00f8per<\/p>\n<p>\u00a0Boligen ligger p\u00e5 ett plan, med et areal p\u00e5 snaut 150 kvadratmeter. Innvendig byr den p\u00e5 fire koselige stuer, et kj\u00f8kken p\u00e5 23 kvm med eget kj\u00f8lerom, tre soverom og to bad. Og ikke minst: en fantastisk panoramautsikt over Oslofjorden \u2014 fra Bj\u00f8rvika til Nesodden.<\/p>\n<p>          <img loading=\"lazy\" decoding=\"async\" src=\"https:\/\/www.europesays.com\/no\/wp-content\/uploads\/2025\/09\/83553645.webp\" width=\"686\" height=\"392\" title=\"IDYLLISK: Helene Olafsens bolig ligger idyllisk til i strandsonen p\u00e5 Malm\u00f8ya i Oslo. Foto: Andreas Fadum\" alt=\"\" class=\"\" style=\"--aspect-ratio-image: 1.75; \"\/><\/p>\n<p>\n          IDYLLISK: Helene Olafsens bolig ligger idyllisk til i strandsonen p\u00e5 Malm\u00f8ya i Oslo. Foto: Andreas Fadum\n      <\/p>\n<p>Kj\u00e6rlighet p\u00e5 parketten\t<\/p>\n<p>Helene og J\u00f8rgen ble kj\u00e6rester etter \u00e5 ha m\u00f8ttes som dansepartnere i \u00abSkal vi danse\u00bb i 2017 \u2014 og vant konkurransen sammen samme \u00e5r. De bekreftet forholdet i 2018. \u00c5ret etter forlovet de seg.\u00a0<\/p>\n<p>        STOLT: B\u00e5de storebror Tom-Erik og J\u00f8rgen Nilsen var \u00e5 se p\u00e5 parketten med hver sin kjendis i \u00abSkal vi danse\u00bb . Men ikke nok med det. J\u00f8rgens kone, Helene Olafsen, debuterte som programleder. Reporter: Thea Hope. Video: Jenny Aas \/ R\u00f8d l\u00f8per<\/p>\n<p>I april 2025 giftet de seg i en intim seremoni, omgitt av n\u00e6r familie, og delte at flere feiringer kanskje ventet i Italia ved en senere anledning.\u00a0<\/p>\n<p>          <img loading=\"lazy\" decoding=\"async\" src=\"https:\/\/www.europesays.com\/no\/wp-content\/uploads\/2025\/09\/83553652.webp\" width=\"686\" height=\"906\" title=\"FLOTT PAR: Helene og J\u00f8rgen ble kj\u00e6rester etter \u00e5 ha m\u00f8ttes som dansepartnere i \u00abSkal vi danse\u00bb i 2017. Foto: Andreas Fadum\" alt=\"\" class=\"\" style=\"--aspect-ratio-image: 0.76; \"\/><\/p>\n<p>\n          FLOTT PAR: Helene og J\u00f8rgen ble kj\u00e6rester etter \u00e5 ha m\u00f8ttes som dansepartnere i \u00abSkal vi danse\u00bb i 2017. Foto: Andreas Fadum\n      <\/p>\n<p>Etter at dr\u00f8mmehuset var p\u00e5 plass, ble livet fylt av familieglede. I mars 2020 kom s\u00f8nnen Louie til verden, og to \u00e5r senere, i mars 2022, ble familien utvidet med datteren Lilli.<\/p>\n<p>Boligen er ikke bare et vakkert sted \u00e5 bo \u2014 den har ogs\u00e5 skapt b\u00f8lger. Flere ulovlige byggverk ble avdekket etter kj\u00f8pet, blant annet en brygge, b\u00e5thus, utebod og levegg i strandsonen \u2014 alt oppf\u00f8rt uten n\u00f8dvendige tillatelser.\u00a0<\/p>\n<p>          <img loading=\"lazy\" decoding=\"async\" src=\"https:\/\/www.europesays.com\/no\/wp-content\/uploads\/2025\/09\/83553623.webp\" width=\"980\" height=\"559\" title=\"TR\u00d8BBEL: RIVNINGSTRUET: Helene og J\u00f8rgen ble av Oslo kommune p\u00e5lagt \u00e5 rive et b\u00e5thus og en brygge i tillegg til \u00e5 redusere plattingen, som f\u00f8lge av en tidligere eiers ulovlige bygging. Foto: Andreas Fadum\" alt=\"\" class=\"\" style=\"--aspect-ratio-image: 1.75; \"\/><\/p>\n<p>\n          TR\u00d8BBEL: RIVNINGSTRUET: Helene og J\u00f8rgen ble av Oslo kommune p\u00e5lagt \u00e5 rive et b\u00e5thus og en brygge i tillegg til \u00e5 redusere plattingen, som f\u00f8lge av en tidligere eiers ulovlige bygging. Foto: Andreas Fadum\n      <\/p>\n<p>Plan- og bygningsetaten har vist forst\u00e5else for at tiltakene allerede var der ved kj\u00f8p, men likevel gitt p\u00e5legg om riving eller tilbakef\u00f8ring.<\/p>\n<p>        DOKUMENTARSERIE: Netflix har sluppet den f\u00f8rste traileren til dokumentaren om  prinsesse M\u00e4rtha Louise og ektemannen Durek Verrett.<br \/>\nDokumentaren har f\u00e5tt  tittelen  \u00abRebel Royals \u2013 An Unlikely Love Story\u00bb.<\/p>\n<p>Paret har vist vilje til samarbeid og s\u00f8kt om ettergodkjenning og rehabilitering, og sagt de \u00f8nsker \u00e5 <a href=\"https:\/\/www.finansavisen.no\/samfunn\/2025\/06\/17\/8272070\/kjendispar-kan-bli-tvunget-til-a-rive?utm_source=chatgpt.com\" rel=\"nofollow noopener\" target=\"_blank\">bevare mest mulig av eiendommens sjel<\/a>.\u00a0<\/p>\n<p>\u2013 \u00abVi pr\u00f8ver \u00e5 ikke la det \u00f8delegge livskvaliteten for oss,\u00bb uttalte Helene om konflikten i et intervju med\u00a0<a href=\"https:\/\/www.kk.no\/livet\/jeg-trodde-aldri-at-det-skulle-bli-oss-1\/75626229?utm_source=chatgpt.com\" target=\"_blank\" rel=\"nofollow noopener\">KK<\/a>.\u00a0<\/p>\n<p>Helene Olafsen og J\u00f8rgen Nilsen er kjent med at Se og H\u00f8r omtaler boligsalget, men de \u00f8nsker ikke \u00e5 kommentere saken n\u00e5.\u00a0<br \/>P\u00e5 Snapchat kommenterer hun hussalget og forteller det er t\u00f8ft \u00e5 forlate det.<\/p>\n<p>&#8211; Vi har lagt s\u00e5 mye i dette huset. Og det f\u00f8les trist \u00e5 dra fra det.<\/p>\n<p>I det samme innlegget forteller de at de har funnet et nytt og st\u00f8rre hus &#8211; et oppussingsobjekt.<\/p>\n<p>        AVBR\u00d8T: Under omvisningen p\u00e5 filmsettet i Filmparken, gikk ikke alt som planlagt for kronprinsesse Mette-Marit. Foto: NTB \/\/ Video: H\u00e5vard Bj\u00f8rnerem<\/p>\n","protected":false},"excerpt":{"rendered":"Helene Olafsen og J\u00f8rgen Nilsen Tomannsboligen p\u00e5 Malm\u00f8ya i Oslo legges n\u00e5 ut for salg.\u00a0 P\u00c5 FLYTTEFOT: Helene&hellip;\n","protected":false},"author":2,"featured_media":27776,"comment_status":"","ping_status":"","sticky":false,"template":"","format":"standard","meta":{"footnotes":""},"categories":[59],"tags":[2292,4481,479,30,28,29,83,82],"class_list":{"0":"post-27775","1":"post","2":"type-post","3":"status-publish","4":"format-standard","5":"has-post-thumbnail","7":"category-sport","8":"tag-helene-olafsen","9":"tag-jorgen-nilsen","10":"tag-kjendis","11":"tag-no","12":"tag-norge","13":"tag-norway","14":"tag-sport","15":"tag-sports"},"share_on_mastodon":{"url":"","error":""},"_links":{"self":[{"href":"https:\/\/www.europesays.com\/no\/wp-json\/wp\/v2\/posts\/27775","targetHints":{"allow":["GET"]}}],"collection":[{"href":"https:\/\/www.europesays.com\/no\/wp-json\/wp\/v2\/posts"}],"about":[{"href":"https:\/\/www.europesays.com\/no\/wp-json\/wp\/v2\/types\/post"}],"author":[{"embeddable":true,"href":"https:\/\/www.europesays.com\/no\/wp-json\/wp\/v2\/users\/2"}],"replies":[{"embeddable":true,"href":"https:\/\/www.europesays.com\/no\/wp-json\/wp\/v2\/comments?post=27775"}],"version-history":[{"count":0,"href":"https:\/\/www.europesays.com\/no\/wp-json\/wp\/v2\/posts\/27775\/revisions"}],"wp:featuredmedia":[{"embeddable":true,"href":"https:\/\/www.europesays.com\/no\/wp-json\/wp\/v2\/media\/27776"}],"wp:attachment":[{"href":"https:\/\/www.europesays.com\/no\/wp-json\/wp\/v2\/media?parent=27775"}],"wp:term":[{"taxonomy":"category","embeddable":true,"href":"https:\/\/www.europesays.com\/no\/wp-json\/wp\/v2\/categories?post=27775"},{"taxonomy":"post_tag","embeddable":true,"href":"https:\/\/www.europesays.com\/no\/wp-json\/wp\/v2\/tags?post=27775"}],"curies":[{"name":"wp","href":"https:\/\/api.w.org\/{rel}","templated":true}]}}