{"id":27783,"date":"2025-09-05T12:29:34","date_gmt":"2025-09-05T12:29:34","guid":{"rendered":"https:\/\/www.europesays.com\/no\/27783\/"},"modified":"2025-09-05T12:29:34","modified_gmt":"2025-09-05T12:29:34","slug":"marka-vefsn-bann-gass-pa-marka-i-timene-for-det-smeller-synes-jeg-ser-en-stolthet-blant-folket","status":"publish","type":"post","link":"https:\/\/www.europesays.com\/no\/27783\/","title":{"rendered":"Marka, Vefsn | B\u00e5nn gass p\u00e5 Marka i timene f\u00f8r det smeller: \u2013 Synes jeg ser en stolthet blant folket"},"content":{"rendered":"\n<p>\u2013 Jeg tror jeg sier meg forn\u00f8yd n\u00e5r jeg ser at folk kommer opp hit og koser seg, sier en noks\u00e5 spent prosjektleder.<\/p>\n<p>P\u00e5 fredag skal snoren klippes, hele syv \u00e5r etter at ideen f\u00f8rst ble s\u00e5dd.<\/p>\n<p>\u2013 Jeg h\u00e5per folk blir sjokkert over st\u00f8rrelsen p\u00e5 messa. Jeg tror det er noe av det st\u00f8rste som har blitt arrangert av messer i Mosj\u00f8en, sier Frode Gullhav, prosjektleder for Markamessa 2025.<\/p>\n<p>Messa 5.\u20137. september er et samarbeidsprosjekt mellom Mosj\u00f8en videreg\u00e5ende skole avdeling Marka, og Helgeland Event AS (HEV).<\/p>\n<p>   <img decoding=\"async\" width=\"5163\" height=\"3446\" fetchpriority=\"low\"  loading=\"lazy\"  src=\"https:\/\/www.europesays.com\/no\/wp-content\/uploads\/2025\/09\/marka+2.jpg\" alt=\"\" class=\"brick-c-cFOWSL\" style=\"--brick-image-ratio: 5163 \/ 3446;\"\/><\/p>\n<p>    VEIVISER: P\u00e5 torsdags ettermiddag var det full rulle med \u00e5 f\u00e5 alle utstillerne p\u00e5 plass. Her peker Frode Gullhav p\u00e5 hvor Steffen Johansen skal parkere. Han er en av de som skal holde foredrag p\u00e5 s\u00f8ndag.<br \/>\n    Foto: Synne Svendsen\n  <\/p>\n<p>  Et puslespill<\/p>\n<p>Med over 5.000 kvadratmeter og over 60 utstillere er det mye \u00e5 sjonglere om gangen, eller som Gullhav sier, det er Tetris for \u00e5 f\u00e5 puslespillet til \u00e5 g\u00e5 opp.<\/p>\n<p>Den siste uken har det blitt lagt ned utallige timer med forberedelser, og p\u00e5 torsdag var det mange av utstillerne som hadde kommet p\u00e5 plass.<\/p>\n<p>Med s\u00e5 mange utstillere og bes\u00f8kende, kan man fort tenke det blir vanskelig med parkering, men det avfeier Gullhav glatt.<\/p>\n<p>\u2013 Det blir parkeringsplass for rundt 1000 biler, s\u00e5 plassmangel skal det ikke st\u00e5 p\u00e5, sier han med et smil.<\/p>\n<p>   <img decoding=\"async\" width=\"6000\" height=\"4000\" fetchpriority=\"low\"  loading=\"lazy\"  src=\"https:\/\/www.europesays.com\/no\/wp-content\/uploads\/2025\/09\/marka+1.JPG\" alt=\"\" class=\"brick-c-cFOWSL\" style=\"--brick-image-ratio: 6000 \/ 4000;\"\/><\/p>\n<p>    B\u00c5ND: Her deles det ut b\u00e5nd til alle de 130 elevene p\u00e5 landbruksskolen. Helgeland Event AS forteller at samarbeidet med landbruksskolen er uvurderlig.<br \/>\n    Foto: Synne Svendsen\n  <\/p>\n<p>  Farmen tendenser<\/p>\n<p>\u2013 Det er bredt utvalg og en godt sammensatt miks, og vi har mer enn nok, b\u00e5de med utstillere og foredrag. Jeg gleder meg veldig til foredraget til Steffen Johansen, sier Gullhav.<\/p>\n<p>Noe som trekkes fram av Gullhav er bondeslaget, som er en konkurranse mellom bygdelagene.<\/p>\n<p>\u2013 Vi h\u00e5per jo vi f\u00e5r nok deltakere p\u00e5 dette, men hvis ikke kan det godt hende jeg selv stiller opp. Det blir typiske \u00f8velser som melkespannholding og \u00f8ksekast, akkurat som i Farmen, forteller Gullhav.<\/p>\n<p>Videre forteller han at parteringen av storfe er noe han ser fram til.<\/p>\n<p>\u2013 Folk er vant til \u00e5 g\u00e5 p\u00e5 butikken og se biffkj\u00f8ttet vakuumpakket, men her f\u00e5r de sett hva som skjer f\u00f8r det havner i butikken. Det blir kult.<\/p>\n<p>  <a href=\"https:\/\/www.helg.no\/5-24-1087532\" class=\"related-teaser has-image default-story-teaser article--c-eRUmMG article--c-eRUmMG-jKCPdD-design-default\" rel=\"nofollow noopener\" target=\"_blank\"><\/p>\n<p>    <img decoding=\"async\" loading=\"lazy\"  src=\"https:\/\/www.europesays.com\/no\/wp-content\/uploads\/2025\/09\/Marka+2025+Landbruks+og+fritidsmesse+7+Frode+Gullhav+lokker+med+trekkepremie+til+voksne+og+barn.jpg\" alt=\"\" class=\"brick-c-cFOWSL\" style=\"\"\/><\/p>\n<p>\n            Les ogs\u00e5<\/p>\n<p>              Lokker med premier p\u00e5 messa: \u2013 Det blir innholdsrikt\n        <\/p>\n<p>  <\/a><br \/>\n  \u2013 Viktig for n\u00e6ringen \u00e5 vise seg fram<\/p>\n<p>En gang i tiden var Frode Gullhav ogs\u00e5 elev p\u00e5 landbruksskolen, s\u00e5 han innr\u00f8mmer at det er ekstra stas \u00e5 f\u00e5 gi tilbake til Marka og landbruksn\u00e6ringen.<\/p>\n<p>Hvis det er en ting han vil understreke, s\u00e5 er det den hjelpen han har f\u00e5tt fra l\u00e6rere og elever ved landbruksskolen.<\/p>\n<p>\u2013 Den velviljen vi f\u00e5r er helt r\u00e5, og jeg synes jeg ser en stolthet blant folket p\u00e5 skolen. Det er viktig for n\u00e6ringen \u00e5 vise seg fram, og det er med p\u00e5 \u00e5 synliggj\u00f8re landbruksn\u00e6ringen.<\/p>\n<p>Neste messe<\/p>\n<p>N\u00e5r helgen er over og mandagen banker p\u00e5 d\u00f8ra, er det evaluering av messa som st\u00e5r for tur.<\/p>\n<p>Da skal allerede dato for neste messe i 2027 fastsl\u00e5s, og selv om det er to \u00e5r fram i tid, har de allerede noen planer klart.<\/p>\n<p>\u2013 Vi skal ha NM i lastb\u00e6rerkj\u00f8ring, s\u00e5 det blir spennende, sier Gullhav avslutningsvis.<\/p>\n","protected":false},"excerpt":{"rendered":"\u2013 Jeg tror jeg sier meg forn\u00f8yd n\u00e5r jeg ser at folk kommer opp hit og koser seg,&hellip;\n","protected":false},"author":2,"featured_media":27784,"comment_status":"","ping_status":"","sticky":false,"template":"","format":"standard","meta":{"footnotes":""},"categories":[10],"tags":[465,36,20,21,24,25,15,22,23,4482,62,13,30,28,29,14,16,1510,26,27,1203],"class_list":{"0":"post-27783","1":"post","2":"type-post","3":"status-publish","4":"format-standard","5":"has-post-thumbnail","7":"category-norge","8":"tag-arbeidsliv","9":"tag-art","10":"tag-breaking-news","11":"tag-breakingnews","12":"tag-featured-news","13":"tag-featurednews","14":"tag-headlines","15":"tag-latest-news","16":"tag-latestnews","17":"tag-marka","18":"tag-naeringsliv","19":"tag-news","20":"tag-no","21":"tag-norge","22":"tag-norway","23":"tag-nyheter","24":"tag-overskrifter","25":"tag-story","26":"tag-top-stories","27":"tag-topstories","28":"tag-vefsn"},"share_on_mastodon":{"url":"","error":""},"_links":{"self":[{"href":"https:\/\/www.europesays.com\/no\/wp-json\/wp\/v2\/posts\/27783","targetHints":{"allow":["GET"]}}],"collection":[{"href":"https:\/\/www.europesays.com\/no\/wp-json\/wp\/v2\/posts"}],"about":[{"href":"https:\/\/www.europesays.com\/no\/wp-json\/wp\/v2\/types\/post"}],"author":[{"embeddable":true,"href":"https:\/\/www.europesays.com\/no\/wp-json\/wp\/v2\/users\/2"}],"replies":[{"embeddable":true,"href":"https:\/\/www.europesays.com\/no\/wp-json\/wp\/v2\/comments?post=27783"}],"version-history":[{"count":0,"href":"https:\/\/www.europesays.com\/no\/wp-json\/wp\/v2\/posts\/27783\/revisions"}],"wp:featuredmedia":[{"embeddable":true,"href":"https:\/\/www.europesays.com\/no\/wp-json\/wp\/v2\/media\/27784"}],"wp:attachment":[{"href":"https:\/\/www.europesays.com\/no\/wp-json\/wp\/v2\/media?parent=27783"}],"wp:term":[{"taxonomy":"category","embeddable":true,"href":"https:\/\/www.europesays.com\/no\/wp-json\/wp\/v2\/categories?post=27783"},{"taxonomy":"post_tag","embeddable":true,"href":"https:\/\/www.europesays.com\/no\/wp-json\/wp\/v2\/tags?post=27783"}],"curies":[{"name":"wp","href":"https:\/\/api.w.org\/{rel}","templated":true}]}}