{"id":27785,"date":"2025-09-05T12:30:42","date_gmt":"2025-09-05T12:30:42","guid":{"rendered":"https:\/\/www.europesays.com\/no\/27785\/"},"modified":"2025-09-05T12:30:42","modified_gmt":"2025-09-05T12:30:42","slug":"trump-om-kennedy-han-er-annerledes-2","status":"publish","type":"post","link":"https:\/\/www.europesays.com\/no\/27785\/","title":{"rendered":"Trump om Kennedy: Han er annerledes"},"content":{"rendered":"<p>\u2013 Han mener det sv\u00e6rt godt, og han har noen litt forskjellige ideer, sa Trump til journalister i Det hvite hus da han ble spurt om han har tillit til helseministeren.<\/p>\n<p><b>\u2013 Jeg garanterer at mange folk ved dette bordet liker RFK jr. og det gj\u00f8r jeg ogs\u00e5, men han har andre tanker og ideer, og vi \u00f8nsker \u00e5 lytte til disse, sa Trump.<\/b><\/p>\n<p>Demokrater og republikanere grillet Kennedy om vaksiner og sparkingen av smittevern- og folkehelseinstituttet CDCs leder i en tre timer lang h\u00f8ring i Senatet torsdag.<\/p>\n<p><img decoding=\"async\" class=\"lazyload \" src=\"https:\/\/www.europesays.com\/no\/wp-content\/uploads\/2025\/09\/1757075442_811_pipe\"  data- alt=\"\"\/><\/p>\n<p>OPERERT: Tidligere president Joe Biden er blitt operert for hudkreft. <strong>Foto; Bloomberg<\/strong><\/p>\n<p class=\"subhead\" data-element-type=\"subhead\" data-element-label=\"Mellomtittel\">Biden er blitt operert<\/p>\n<p>Joe Biden (82) er blitt operert for hudkreft i pannen. Ogs\u00e5 for to \u00e5r siden ble han operert for hudkreft, og i mai ble det kjent at han har f\u00e5tt prostatakreft.<\/p>\n<p>Den tidligere presidentens talskvinne Kelly Scully bekreftet operasjonen torsdag etter at Biden var blitt observert p\u00e5 vei ut fra en kirke i Delaware med et nytt s\u00e5r i pannen.<\/p>\n<p>Scully sier at operasjonen ble gjort med Mohs-kirurgi. Det er en prosedyre som g\u00e5r ut p\u00e5 at alle hudkreftceller blir fjernet kirurgisk. Biden hadde f\u00e5tt p\u00e5vist basalcellekarsinom, som er ikke-d\u00f8delig. Dette er den vanligste formen for hudkreft. Kjendiskokk Gordon Ramsay ble tidligere i \u00e5r behandlet for samme krefttype.<\/p>\n<p>For to \u00e5r siden, da Biden fortsatt var president, ble han operert for samme krefttype.<\/p>\n<p><b>I mai i \u00e5r ble det kjent at Biden har f\u00e5tt aggressiv prostatakreft med spredning til skjelettet.<\/b><\/p>\n<p>\u2013 Kreft ber\u00f8rer oss alle, skrev Biden i sosiale medier den gang.<\/p>\n<p>Bidens s\u00f8nn Beau d\u00f8de av hjernekreft, og Bidens kone Jill har f\u00e5tt fjernet to kreftsvulster.<\/p>\n","protected":false},"excerpt":{"rendered":"\u2013 Han mener det sv\u00e6rt godt, og han har noen litt forskjellige ideer, sa Trump til journalister i&hellip;\n","protected":false},"author":2,"featured_media":25056,"comment_status":"","ping_status":"","sticky":false,"template":"","format":"standard","meta":{"footnotes":""},"categories":[5],"tags":[20,21,55,24,25,15,19,22,23,17,18,13,30,28,29,14,16,3988,26,27,50],"class_list":{"0":"post-27785","1":"post","2":"type-post","3":"status-publish","4":"format-standard","5":"has-post-thumbnail","7":"category-overskrifter","8":"tag-breaking-news","9":"tag-breakingnews","10":"tag-donald-trump","11":"tag-featured-news","12":"tag-featurednews","13":"tag-headlines","14":"tag-hovedoppslag","15":"tag-latest-news","16":"tag-latestnews","17":"tag-main-news","18":"tag-mainnews","19":"tag-news","20":"tag-no","21":"tag-norge","22":"tag-norway","23":"tag-nyheter","24":"tag-overskrifter","25":"tag-robert-f-kennedy","26":"tag-top-stories","27":"tag-topstories","28":"tag-usa"},"share_on_mastodon":{"url":"","error":""},"_links":{"self":[{"href":"https:\/\/www.europesays.com\/no\/wp-json\/wp\/v2\/posts\/27785","targetHints":{"allow":["GET"]}}],"collection":[{"href":"https:\/\/www.europesays.com\/no\/wp-json\/wp\/v2\/posts"}],"about":[{"href":"https:\/\/www.europesays.com\/no\/wp-json\/wp\/v2\/types\/post"}],"author":[{"embeddable":true,"href":"https:\/\/www.europesays.com\/no\/wp-json\/wp\/v2\/users\/2"}],"replies":[{"embeddable":true,"href":"https:\/\/www.europesays.com\/no\/wp-json\/wp\/v2\/comments?post=27785"}],"version-history":[{"count":0,"href":"https:\/\/www.europesays.com\/no\/wp-json\/wp\/v2\/posts\/27785\/revisions"}],"wp:featuredmedia":[{"embeddable":true,"href":"https:\/\/www.europesays.com\/no\/wp-json\/wp\/v2\/media\/25056"}],"wp:attachment":[{"href":"https:\/\/www.europesays.com\/no\/wp-json\/wp\/v2\/media?parent=27785"}],"wp:term":[{"taxonomy":"category","embeddable":true,"href":"https:\/\/www.europesays.com\/no\/wp-json\/wp\/v2\/categories?post=27785"},{"taxonomy":"post_tag","embeddable":true,"href":"https:\/\/www.europesays.com\/no\/wp-json\/wp\/v2\/tags?post=27785"}],"curies":[{"name":"wp","href":"https:\/\/api.w.org\/{rel}","templated":true}]}}