{"id":27793,"date":"2025-09-05T12:46:09","date_gmt":"2025-09-05T12:46:09","guid":{"rendered":"https:\/\/www.europesays.com\/no\/27793\/"},"modified":"2025-09-05T12:46:09","modified_gmt":"2025-09-05T12:46:09","slug":"nrk-snur-alle-partiene-er-invitert","status":"publish","type":"post","link":"https:\/\/www.europesays.com\/no\/27793\/","title":{"rendered":"NRK snur: Alle partiene er invitert"},"content":{"rendered":"\n<p class=\"_lead_ew2ao_2 _lead_xtcu6_50 layout-component text-serif-m layout-normal text-serif-l layout-component layout-wide layout-padded _wide_17hqh_1 layout-padded\">Alle partiene f\u00e5r delta i valgsendingen.<\/p>\n<p><img alt=\"Fredrik Solvang skal lede kveldens debatt.  Foto: Helge Mikalsen \/ VG\" class=\"_image_qp4xg_65 layout-component layout-wide\" data-fullscreen- data-track-element-type=\"Article image fullscreen\" data-track-name=\"ImageFullscreen\" fetchpriority=\"high\" decoding=\"sync\" loading=\"eager\" height=\"3592\" itemprop=\"image\"  src=\"https:\/\/www.europesays.com\/no\/wp-content\/uploads\/2025\/09\/223e1e48-8fac-421a-86b6-a5ee2a921952\"  style=\"object-position:0% 0%\" width=\"5392\"\/>Fredrik Solvang skal lede kveldens debatt.  Foto: Helge Mikalsen \/ VG<\/p>\n<ul aria-hidden=\"true\" class=\"_images_1y6fe_106\">\n<li><a class=\"_link_1y6fe_111\" href=\"https:\/\/www.vg.no\/forfatter\/milly-totland\" style=\"z-index:1\" title=\"Milly Totland\" rel=\"nofollow noopener\" target=\"_blank\"><img alt=\"Bilde av Milly Totland\" class=\"_image_1y6fe_88\" fetchpriority=\"low\" loading=\"lazy\" decoding=\"async\" itemprop=\"image\"  src=\"https:\/\/www.europesays.com\/no\/wp-content\/uploads\/2025\/09\/1757076368_660_17523d02-e320-4383-8e50-e14af9bb7388\"  width=\"480\"\/><\/a><\/li>\n<\/ul>\n<p> Oppdatert fredag 5. september kl. 14:29     <\/p>\n<p class=\"_paragraph_ew2ao_4 _paragraph_xtcu6_10 layout-component text-serif-m layout-normal text-serif-m layout-padded\">Fredag kveld skal NRK ha sin siste valgsending. <\/p>\n<p class=\"_paragraph_ew2ao_4 _paragraph_xtcu6_10 layout-component text-serif-m layout-normal text-serif-m layout-padded\">Kun Arbeiderpartiet, Fremskrittspartet og H\u00f8yre ble invitert til debatten. I tillegg skulle ungdomspartilederne fra FpU, Unge H\u00f8yre og AUF delta.<\/p>\n<p class=\"_paragraph_ew2ao_4 _paragraph_xtcu6_10 layout-component text-serif-m layout-normal text-serif-m layout-padded\">Men etter mye kritikk snur NRK: <\/p>\n<p class=\"_paragraph_ew2ao_4 _paragraph_xtcu6_10 layout-component text-serif-m layout-normal text-serif-m layout-padded\">N\u00e5 er alle stortingspartiene velkomne til bords. <\/p>\n<p class=\"_paragraph_ew2ao_4 _paragraph_xtcu6_10 layout-component text-serif-m layout-normal text-serif-m layout-padded\"><strong class=\"_strong_ew2ao_25\">\u2013\u00a0I sendingen i kveld vil vi ta inn representanter for alle stortingspartiene. Det gj\u00f8r vi p\u00e5 bakgrunn av tilbakemeldinger som er kommet etter at vi i g\u00e5r la bort ett opplegg for dette som var p\u00e5 bordet da, sier programredakt\u00f8r i NRK, Ole Eivind Henden til <a href=\"https:\/\/www.nrk.no\/norge\/alle-partilederne-er-invitert-til-kvelden-valgsending-1.17557014\" class=\"_link_ew2ao_39\" rel=\"nofollow noopener\" target=\"_blank\">NRK.<\/a><\/strong><\/p>\n<p class=\"_paragraph_ew2ao_4 _paragraph_xtcu6_10 layout-component text-serif-m layout-normal text-serif-m layout-padded\">\u2013 Ble ikke plass til ni ulike partier, bare ni ulike debattanter fra Ap, H\u00f8yre og Frp? For en vits!, skrev R\u00f8dt-profil M\u00edmir Kristj\u00e1nsson under Fredrik Solvangs Instagram-video.<\/p>\n<p class=\"_paragraph_ew2ao_4 _paragraph_xtcu6_10 layout-component text-serif-m layout-normal text-serif-m layout-padded\">Ogs\u00e5 Venstres Sveinung Rotevatn var kritisk.<\/p>\n<p class=\"_paragraph_ew2ao_4 _paragraph_xtcu6_10 layout-component text-serif-m layout-normal text-serif-m layout-padded\">\u2013 Folk stemmer p\u00e5 partier, ikke statsminister, sa Rotevatn til Dagbladet.<\/p>\n<p class=\"_paragraph_ew2ao_4 _paragraph_xtcu6_10 layout-component text-serif-m layout-normal text-serif-m layout-padded\">Henden sier at kveldens sending har f\u00e5tt utvidet sendetid. Dermed ble det rom for flere navn p\u00e5 debattens gjesteliste.<\/p>\n<p class=\"_paragraph_ew2ao_4 _paragraph_xtcu6_10 layout-component text-serif-m layout-normal text-serif-m layout-padded\">\u2013 Det blir en spennende sending, med b\u00e5de partitopper og stortingskandidater det virkelig brenner under f\u00f8ttene p\u00e5. I tillegg blir det tre hemmelige gjester. Jeg gleder meg veldig, sier Fredrik Solvang til NRK.<\/p>\n<p>    <img decoding=\"async\" alt=\"Tips oss illustrasjon\" width=\"62px\" height=\"auto\" src=\"https:\/\/www.europesays.com\/no\/wp-content\/uploads\/2025\/08\/1754784428_95_W9avJzE.png\"\/>    <\/p>\n<p class=\"title-serif-s\">Har du tips til oss?<\/p>\n<p class=\"text-sans-m\">Send oss informasjon, bilder eller video<\/p>\n<p>  <a href=\"https:\/\/www.vg.no\/tips-oss\" rel=\"nofollow noopener\" target=\"_blank\"> Tips oss <\/a>      <\/p>\n","protected":false},"excerpt":{"rendered":"Alle partiene f\u00e5r delta i valgsendingen. Fredrik Solvang skal lede kveldens debatt. Foto: Helge Mikalsen \/ VG Oppdatert&hellip;\n","protected":false},"author":2,"featured_media":27794,"comment_status":"","ping_status":"","sticky":false,"template":"","format":"standard","meta":{"footnotes":""},"categories":[10],"tags":[31,20,21,24,25,15,22,23,13,30,28,29,14,16,199,26,27],"class_list":{"0":"post-27793","1":"post","2":"type-post","3":"status-publish","4":"format-standard","5":"has-post-thumbnail","7":"category-norge","8":"tag-breaking","9":"tag-breaking-news","10":"tag-breakingnews","11":"tag-featured-news","12":"tag-featurednews","13":"tag-headlines","14":"tag-latest-news","15":"tag-latestnews","16":"tag-news","17":"tag-no","18":"tag-norge","19":"tag-norway","20":"tag-nyheter","21":"tag-overskrifter","22":"tag-stortingsvalg","23":"tag-top-stories","24":"tag-topstories"},"share_on_mastodon":{"url":"","error":""},"_links":{"self":[{"href":"https:\/\/www.europesays.com\/no\/wp-json\/wp\/v2\/posts\/27793","targetHints":{"allow":["GET"]}}],"collection":[{"href":"https:\/\/www.europesays.com\/no\/wp-json\/wp\/v2\/posts"}],"about":[{"href":"https:\/\/www.europesays.com\/no\/wp-json\/wp\/v2\/types\/post"}],"author":[{"embeddable":true,"href":"https:\/\/www.europesays.com\/no\/wp-json\/wp\/v2\/users\/2"}],"replies":[{"embeddable":true,"href":"https:\/\/www.europesays.com\/no\/wp-json\/wp\/v2\/comments?post=27793"}],"version-history":[{"count":0,"href":"https:\/\/www.europesays.com\/no\/wp-json\/wp\/v2\/posts\/27793\/revisions"}],"wp:featuredmedia":[{"embeddable":true,"href":"https:\/\/www.europesays.com\/no\/wp-json\/wp\/v2\/media\/27794"}],"wp:attachment":[{"href":"https:\/\/www.europesays.com\/no\/wp-json\/wp\/v2\/media?parent=27793"}],"wp:term":[{"taxonomy":"category","embeddable":true,"href":"https:\/\/www.europesays.com\/no\/wp-json\/wp\/v2\/categories?post=27793"},{"taxonomy":"post_tag","embeddable":true,"href":"https:\/\/www.europesays.com\/no\/wp-json\/wp\/v2\/tags?post=27793"}],"curies":[{"name":"wp","href":"https:\/\/api.w.org\/{rel}","templated":true}]}}