{"id":277982,"date":"2026-06-26T16:18:22","date_gmt":"2026-06-26T16:18:22","guid":{"rendered":"https:\/\/www.europesays.com\/no\/277982\/"},"modified":"2026-06-26T16:18:22","modified_gmt":"2026-06-26T16:18:22","slug":"mote-na-skal-genseren-se-slik-ut","status":"publish","type":"post","link":"https:\/\/www.europesays.com\/no\/277982\/","title":{"rendered":"Mote: N\u00e5 skal genseren se slik ut"},"content":{"rendered":"<p class=\"kicker t20\" style=\"\">Mote:<\/p>\n<p class=\"subtitle t30 font-weight-normal m-font-weight-normal italic m-italic\" style=\"\">Legg vekk t-skjorten.<\/p>\n<p>\n    SOMMERENS BASIC: N\u00e5 er denne detaljen tilbake i moten. Foto: NTB.\n  <\/p>\n<p>\u00a0S\u00a0om de aller fleste vet, er den norske sommeren alt annet en forutsigbar. Det ene \u00f8yeblikket skinner solen, det neste kommer p\u00f8sregn. Da kan det v\u00e6re vanskelig \u00e5 ta valget mellom genser og singlet.<\/p>\n<p>Men hvorfor velge n\u00e5r man kan kombinere begge? En 90-talls favoritt er nemlig tilbake.\u00a0<\/p>\n<p>Ermlengden som stopper midtveis mellom albuen og h\u00e5ndleddet, har nemlig gjort et nylig comeback p\u00e5 sosiale medier og i motebildet.<\/p>\n<p>Moteansvarlig i KK, Ida Elise Eide Einarsd\u00f3ttir beskriver plagget som et tidl\u00f8st og ogs\u00e5 noks\u00e5 tilgjengelig baseplagg som for all del kan og b\u00f8r inng\u00e5 i basegarderoben som vi alltid maser om. Slik\u00a0<a href=\"https:\/\/www.vogue.co.uk\/article\/three-quarter-sleeved-top\" rel=\"nofollow noopener\" target=\"_blank\">Vouge\u00a0<\/a>\u00a0har nevnt, gir snittet en chic, classic and effortless f\u00f8lelse.<\/p>\n<p>    <a itemprop=\"url\" href=\"https:\/\/www.kk.no\/mote\/denne-lengden-skal-skjortet-ha-na\/84564099\" rel=\"nofollow noopener\" target=\"_blank\"><\/p>\n<p>        <img loading=\"lazy\" decoding=\"async\" src=\"https:\/\/www.europesays.com\/no\/wp-content\/uploads\/2026\/06\/1782490697_890_84628559.webp\" width=\"980\" height=\"441\" alt=\"\" class=\"lazyload\" style=\"--aspect-ratio-image: 2.22; \"\/><\/p>\n<p>        Denne lengden skal skj\u00f8rtet ha n\u00e5<\/p>\n<p>    <\/a><\/p>\n<p>Jane Birkin wore it first\t<\/p>\n<p> Men if\u00f8lge Einarsd\u00f3ttir er trenden ikke et nytt fenomen. Heller en gammel 90-talls favoritt. <\/p>\n<p> \u2013 Vi har sett toppen med trekvart-lange ermer p\u00e5 kjendiser som Hailey Bieber og Kaia Gerber den siste tiden, men plagget er alts\u00e5 ikke nytt. Det er sjeldent det, sier Einarsd\u00f3ttir. <\/p>\n<p>    <a itemprop=\"url\" href=\"https:\/\/www.kk.no\/mote\/na-vil-alle-ha-dette-vi-er-utsolgt\/84780794\" rel=\"nofollow noopener\" target=\"_blank\"><\/p>\n<p>        <img loading=\"lazy\" decoding=\"async\" src=\"https:\/\/www.europesays.com\/no\/wp-content\/uploads\/2026\/06\/1782490698_815_84780938.webp\" width=\"980\" height=\"441\" alt=\"\" class=\"lazyload\" style=\"--aspect-ratio-image: 2.22; \"\/><\/p>\n<p>        N\u00e5 vil alle ha dette: &#8211; Vi er utsolgt <\/p>\n<p>    <\/a><\/p>\n<p>        <img loading=\"lazy\" decoding=\"async\" src=\"https:\/\/www.europesays.com\/no\/wp-content\/uploads\/2026\/06\/84780128.webp\" width=\"667\" height=\"1001\" alt=\"\" class=\"\" style=\"--aspect-ratio-image: 0.67; \"\/><\/p>\n<p>\n        JANE BIRKIN: 70-talls stiliconet Jane Birkin var ikke fremmed for \u00e5 bruke 3\/4 ermer. Foto: NTB.\n    <\/p>\n<p>\u2013 Selv om Gen Z liker \u00e5 tro det n\u00e5r de snubler over \u00abnye\u00bb trender \u2013 som egentlig ofte bare er gamle trender i ny innpakning. Men de som vet, de vet \u2013 og toppen s\u00e5 vi allerede i 1973 da Jane Birkin bar den. At den er tilbake n\u00e5 kan forklares med at trender kommer og g\u00e5r og kommer igjen. Men det er selvsagt ikke tilfeldig, legger hun til.<\/p>\n<p>Det er derfor ikke overraskende at stadig flere klesbutikkene n\u00e5 fylles med plagg i den popul\u00e6re ermelengden.\u00a0<\/p>\n<p>    <a itemprop=\"url\" href=\"https:\/\/www.kk.no\/mote\/na-trender-det-nostalgiske-monstret\/84783880\" rel=\"nofollow noopener\" target=\"_blank\"><\/p>\n<p>        <img loading=\"lazy\" decoding=\"async\" src=\"https:\/\/www.europesays.com\/no\/wp-content\/uploads\/2026\/06\/84783992.webp\" width=\"980\" height=\"441\" alt=\"\" class=\"lazyload\" style=\"--aspect-ratio-image: 2.22; \"\/><\/p>\n<p>        N\u00e5 trender det nostalgiske m\u00f8nstret <\/p>\n<p>    <\/a><\/p>\n<p>        <img loading=\"lazy\" decoding=\"async\" src=\"https:\/\/www.europesays.com\/no\/wp-content\/uploads\/2026\/06\/84780188.webp\" width=\"686\" height=\"1029\" alt=\"\" class=\"\" style=\"--aspect-ratio-image: 0.67; filter: contrast(1.1);\"\/><\/p>\n<p>\n        3\/4 ERMER: Her ser vi Kendall Jenner slenge seg p\u00e5 trenden. Foto: NTB.\n    <\/p>\n<p> \u2013 Motemerkene lar ikke trenden g\u00e5 hus forbi, selvsagt. Det norske klesmerket Julie Josephine har l\u00f8ftet frem ermet igjen n\u00e5r uttrykket fra 90-tallets minimalisme er tilbake, sier Einarsd\u00f3ttir.<\/p>\n<p>        <img loading=\"lazy\" decoding=\"async\" src=\"https:\/\/www.europesays.com\/no\/wp-content\/uploads\/2026\/06\/84784198.webp\" width=\"686\" height=\"920\" alt=\"\" class=\"\" style=\"--aspect-ratio-image: 0.75; \"\/><\/p>\n<p>\n        NORSK KLESMERKE: Flere kleskjeder har latt seg inspirere, som denne genseren fra Julie Josephine. Foto: Julie Josephine.\n    <\/p>\n<p>S\u00e5 om du planlegger \u00e5 steppe opp garderoben denne sommeren, kan det v\u00e6re verdt \u00e5 invistere i dette basisplagget.<\/p>\n<p>    <a itemprop=\"url\" href=\"https:\/\/www.kk.no\/mote\/en-stor-trend-na\/84711214\" rel=\"nofollow noopener\" target=\"_blank\"><\/p>\n<p>        <img loading=\"lazy\" decoding=\"async\" src=\"https:\/\/www.europesays.com\/no\/wp-content\/uploads\/2026\/06\/84711231.webp\" width=\"980\" height=\"441\" alt=\"\" class=\"lazyload\" style=\"--aspect-ratio-image: 2.22; \"\/><\/p>\n<p>        En stor trend n\u00e5<\/p>\n<p>    <\/a><\/p>\n<p>    <a itemprop=\"url\" href=\"https:\/\/www.kk.no\/mote\/moteklassikeren-som-aldri-slar-feil\/84623851\" rel=\"nofollow noopener\" target=\"_blank\"><\/p>\n<p>        <img loading=\"lazy\" decoding=\"async\" src=\"https:\/\/www.europesays.com\/no\/wp-content\/uploads\/2026\/06\/84749134.webp\" width=\"980\" height=\"441\" alt=\"\" class=\"lazyload\" style=\"--aspect-ratio-image: 2.22; \"\/><\/p>\n<p>        Moteklassikeren som aldri sl\u00e5r feil<\/p>\n<p>    <\/a><\/p>\n<p>    <a itemprop=\"url\" href=\"https:\/\/www.kk.no\/mote\/denne-frisyren-vil-alle-ha-na\/84784327\" rel=\"nofollow noopener\" target=\"_blank\"><\/p>\n<p>        <img loading=\"lazy\" decoding=\"async\" src=\"https:\/\/www.europesays.com\/no\/wp-content\/uploads\/2026\/06\/84801079.webp\" width=\"980\" height=\"441\" alt=\"\" class=\"lazyload\" style=\"--aspect-ratio-image: 2.22; \"\/><\/p>\n<p>        Denne frisyren vil alle ha n\u00e5<\/p>\n<p>    <\/a><\/p>\n","protected":false},"excerpt":{"rendered":"Mote: Legg vekk t-skjorten. SOMMERENS BASIC: N\u00e5 er denne detaljen tilbake i moten. Foto: NTB. \u00a0S\u00a0om de aller&hellip;\n","protected":false},"author":2,"featured_media":277983,"comment_status":"","ping_status":"","sticky":false,"template":"","format":"standard","meta":{"footnotes":"","_share_on_mastodon":"0"},"categories":[58],"tags":[2637,71,13192,4024,10173,30,28,29,5624,72],"class_list":["post-277982","post","type-post","status-publish","format-standard","has-post-thumbnail","category-underholdning","tag-90-tallet","tag-entertainment","tag-jane-birkin","tag-mote","tag-mote-trender","tag-no","tag-norge","tag-norway","tag-trender","tag-underholdning"],"share_on_mastodon":{"url":"https:\/\/pubeurope.com\/@no\/116817318042929159","error":""},"_links":{"self":[{"href":"https:\/\/www.europesays.com\/no\/wp-json\/wp\/v2\/posts\/277982","targetHints":{"allow":["GET"]}}],"collection":[{"href":"https:\/\/www.europesays.com\/no\/wp-json\/wp\/v2\/posts"}],"about":[{"href":"https:\/\/www.europesays.com\/no\/wp-json\/wp\/v2\/types\/post"}],"author":[{"embeddable":true,"href":"https:\/\/www.europesays.com\/no\/wp-json\/wp\/v2\/users\/2"}],"replies":[{"embeddable":true,"href":"https:\/\/www.europesays.com\/no\/wp-json\/wp\/v2\/comments?post=277982"}],"version-history":[{"count":0,"href":"https:\/\/www.europesays.com\/no\/wp-json\/wp\/v2\/posts\/277982\/revisions"}],"wp:featuredmedia":[{"embeddable":true,"href":"https:\/\/www.europesays.com\/no\/wp-json\/wp\/v2\/media\/277983"}],"wp:attachment":[{"href":"https:\/\/www.europesays.com\/no\/wp-json\/wp\/v2\/media?parent=277982"}],"wp:term":[{"taxonomy":"category","embeddable":true,"href":"https:\/\/www.europesays.com\/no\/wp-json\/wp\/v2\/categories?post=277982"},{"taxonomy":"post_tag","embeddable":true,"href":"https:\/\/www.europesays.com\/no\/wp-json\/wp\/v2\/tags?post=277982"}],"curies":[{"name":"wp","href":"https:\/\/api.w.org\/{rel}","templated":true}]}}