{"id":27805,"date":"2025-09-05T12:56:42","date_gmt":"2025-09-05T12:56:42","guid":{"rendered":"https:\/\/www.europesays.com\/no\/27805\/"},"modified":"2025-09-05T12:56:42","modified_gmt":"2025-09-05T12:56:42","slug":"kultur-hilmarfestivalen-maiken-gar-av-som-festivalsjef-etter-arets-hilmarfestival","status":"publish","type":"post","link":"https:\/\/www.europesays.com\/no\/27805\/","title":{"rendered":"Kultur, Hilmarfestivalen | Maiken g\u00e5r av som fes\u00adti\u00adval\u00adsjef etter \u00e5rets Hilmarfestival"},"content":{"rendered":"\n<p>Hil\u00admar\u00adfes\u00adti\u00adva\u00adlen skal g\u00e5 av sta\u00adbe\u00adlen igjen i h\u00f8st, og det blir den siste for Maiken Lien J\u00f8rgensen. <\/p>\n<p>\u2013 Jeg har vir\u00adke\u00adlig f\u00e5tt brukt og vide\u00adre\u00adut\u00advik\u00adlet b\u00e5de evner og kom\u00adpe\u00adtanse i Stif\u00adtinga HA. Det unike fag\u00admil\u00adj\u00f8et er skrudd sammen av dyk\u00adtige ansatte, en solid og tri\u00adve\u00adlig fri\u00advil\u00adlig\u00adflokk, gode sam\u00adar\u00adbeids\u00adpart\u00adnere i n\u00e6rings\u00adli\u00advet og mange ulike orga\u00adni\u00adsa\u00adsjo\u00adner. Ja, i Hilmarfamilien har det v\u00e6rt spen\u00adnende \u00e5 v\u00e6re, skri\u00adver Lien J\u00f8rgensen i en pres\u00adse\u00admel\u00adding.<\/p>\n<p>J\u00f8rgensen starten som ansatt i Stif\u00adtinga Hilmar Alexandersen som assi\u00adste\u00adrende fes\u00adti\u00adval\u00adsjef h\u00f8sten 2023. Hun tok da over sta\u00adfett\u00adpin\u00adnen etter Astrid Skog\u00adseth, ledet fes\u00adti\u00adva\u00adlen i 2024 og skal n\u00e5 lose den trygt i havn ogs\u00e5 ut 2025, betryg\u00adger hun. <\/p>\n<p>\u2013 Vi er sv\u00e6rt glad for den inn\u00adsat\u00adsen Maiken har lagt ned for Stif\u00adtinga og fes\u00adti\u00adva\u00adlen i den tida vi hun har v\u00e6rt her. Hun har bidratt til \u00e5 l\u00f8fte oss og fes\u00adti\u00adva\u00adlen videre opp\u00adover, og vi \u00f8nsker henne lykke til p\u00e5 nye even\u00adtyr, sier daglig leder i Stif\u00adtinga Hilmar Alexandersen Johan Einar Bjer\u00adkem i pres\u00adse\u00admel\u00addin\u00adgen. <\/p>\n<p>Les mer om: artikkelemnene<\/p>\n","protected":false},"excerpt":{"rendered":"Hil\u00admar\u00adfes\u00adti\u00adva\u00adlen skal g\u00e5 av sta\u00adbe\u00adlen igjen i h\u00f8st, og det blir den siste for Maiken Lien J\u00f8rgensen. \u2013&hellip;\n","protected":false},"author":2,"featured_media":27806,"comment_status":"","ping_status":"","sticky":false,"template":"","format":"standard","meta":{"footnotes":""},"categories":[5],"tags":[36,20,21,24,25,15,4490,19,410,22,23,17,18,221,13,30,28,29,14,16,1510,26,27],"class_list":{"0":"post-27805","1":"post","2":"type-post","3":"status-publish","4":"format-standard","5":"has-post-thumbnail","7":"category-overskrifter","8":"tag-art","9":"tag-breaking-news","10":"tag-breakingnews","11":"tag-featured-news","12":"tag-featurednews","13":"tag-headlines","14":"tag-hilmarfestivalen","15":"tag-hovedoppslag","16":"tag-kultur","17":"tag-latest-news","18":"tag-latestnews","19":"tag-main-news","20":"tag-mainnews","21":"tag-musikk","22":"tag-news","23":"tag-no","24":"tag-norge","25":"tag-norway","26":"tag-nyheter","27":"tag-overskrifter","28":"tag-story","29":"tag-top-stories","30":"tag-topstories"},"share_on_mastodon":{"url":"","error":""},"_links":{"self":[{"href":"https:\/\/www.europesays.com\/no\/wp-json\/wp\/v2\/posts\/27805","targetHints":{"allow":["GET"]}}],"collection":[{"href":"https:\/\/www.europesays.com\/no\/wp-json\/wp\/v2\/posts"}],"about":[{"href":"https:\/\/www.europesays.com\/no\/wp-json\/wp\/v2\/types\/post"}],"author":[{"embeddable":true,"href":"https:\/\/www.europesays.com\/no\/wp-json\/wp\/v2\/users\/2"}],"replies":[{"embeddable":true,"href":"https:\/\/www.europesays.com\/no\/wp-json\/wp\/v2\/comments?post=27805"}],"version-history":[{"count":0,"href":"https:\/\/www.europesays.com\/no\/wp-json\/wp\/v2\/posts\/27805\/revisions"}],"wp:featuredmedia":[{"embeddable":true,"href":"https:\/\/www.europesays.com\/no\/wp-json\/wp\/v2\/media\/27806"}],"wp:attachment":[{"href":"https:\/\/www.europesays.com\/no\/wp-json\/wp\/v2\/media?parent=27805"}],"wp:term":[{"taxonomy":"category","embeddable":true,"href":"https:\/\/www.europesays.com\/no\/wp-json\/wp\/v2\/categories?post=27805"},{"taxonomy":"post_tag","embeddable":true,"href":"https:\/\/www.europesays.com\/no\/wp-json\/wp\/v2\/tags?post=27805"}],"curies":[{"name":"wp","href":"https:\/\/api.w.org\/{rel}","templated":true}]}}