{"id":278074,"date":"2026-06-26T18:11:13","date_gmt":"2026-06-26T18:11:13","guid":{"rendered":"https:\/\/www.europesays.com\/no\/278074\/"},"modified":"2026-06-26T18:11:13","modified_gmt":"2026-06-26T18:11:13","slug":"tynset-roros-europa-koker-agder-far-30-plussgrader-slik-blir-helgevaeret-i-var-region","status":"publish","type":"post","link":"https:\/\/www.europesays.com\/no\/278074\/","title":{"rendered":"Tynset, R\u00f8ros | Europa koker, Agder f\u00e5r 30 plussgrader. Slik blir helgev\u00e6ret i v\u00e5r region"},"content":{"rendered":"\n<p>Festivaler og Pride-markeringer m\u00e5 avlyses i Europa p\u00e5 grunn av ekstreme temperaturer. Det er ventet n\u00e6rmere 40 grader i Paris denne helgen. Politiet i den franske hovedstaden har bedt arrang\u00f8rene om \u00e5 avlyse arrangementet slik at helsevesenet ikke m\u00e5 bruke ressurser p\u00e5 festivaldeltakere, men konsentrere seg om de svake som allerede sliter i varmen.<\/p>\n<p>Varmt blir det ogs\u00e5 i deler av Norge. I indre deler av Agder meldes det om temperaturer opp til 30 plussgrader l\u00f8rdag.<\/p>\n<p>Hvilket v\u00e6r er det vi kan vente oss i Fjellregionen? Under ser du ferske v\u00e6rmeldinger i din kommune.<\/p>\n","protected":false},"excerpt":{"rendered":"Festivaler og Pride-markeringer m\u00e5 avlyses i Europa p\u00e5 grunn av ekstreme temperaturer. Det er ventet n\u00e6rmere 40 grader&hellip;\n","protected":false},"author":2,"featured_media":277163,"comment_status":"","ping_status":"","sticky":false,"template":"","format":"standard","meta":{"footnotes":"","_share_on_mastodon":"0"},"categories":[12],"tags":[4178,36,20,21,24,25,4179,15,4175,22,23,13,30,28,29,14,2932,16,3847,1510,4176,26,27,4177,42,43,44,45],"class_list":["post-278074","post","type-post","status-publish","format-standard","has-post-thumbnail","category-verden","tag-alvdal","tag-art","tag-breaking-news","tag-breakingnews","tag-featured-news","tag-featurednews","tag-folldal","tag-headlines","tag-holtalen","tag-latest-news","tag-latestnews","tag-news","tag-no","tag-norge","tag-norway","tag-nyheter","tag-os","tag-overskrifter","tag-roros","tag-story","tag-tolga","tag-top-stories","tag-topstories","tag-tynset","tag-verden","tag-world","tag-world-news","tag-worldnews"],"share_on_mastodon":{"url":"https:\/\/pubeurope.com\/@no\/116817761838398036","error":""},"_links":{"self":[{"href":"https:\/\/www.europesays.com\/no\/wp-json\/wp\/v2\/posts\/278074","targetHints":{"allow":["GET"]}}],"collection":[{"href":"https:\/\/www.europesays.com\/no\/wp-json\/wp\/v2\/posts"}],"about":[{"href":"https:\/\/www.europesays.com\/no\/wp-json\/wp\/v2\/types\/post"}],"author":[{"embeddable":true,"href":"https:\/\/www.europesays.com\/no\/wp-json\/wp\/v2\/users\/2"}],"replies":[{"embeddable":true,"href":"https:\/\/www.europesays.com\/no\/wp-json\/wp\/v2\/comments?post=278074"}],"version-history":[{"count":0,"href":"https:\/\/www.europesays.com\/no\/wp-json\/wp\/v2\/posts\/278074\/revisions"}],"wp:featuredmedia":[{"embeddable":true,"href":"https:\/\/www.europesays.com\/no\/wp-json\/wp\/v2\/media\/277163"}],"wp:attachment":[{"href":"https:\/\/www.europesays.com\/no\/wp-json\/wp\/v2\/media?parent=278074"}],"wp:term":[{"taxonomy":"category","embeddable":true,"href":"https:\/\/www.europesays.com\/no\/wp-json\/wp\/v2\/categories?post=278074"},{"taxonomy":"post_tag","embeddable":true,"href":"https:\/\/www.europesays.com\/no\/wp-json\/wp\/v2\/tags?post=278074"}],"curies":[{"name":"wp","href":"https:\/\/api.w.org\/{rel}","templated":true}]}}