{"id":27816,"date":"2025-09-05T13:11:10","date_gmt":"2025-09-05T13:11:10","guid":{"rendered":"https:\/\/www.europesays.com\/no\/27816\/"},"modified":"2025-09-05T13:11:10","modified_gmt":"2025-09-05T13:11:10","slug":"den-tynne-bla-linjen-ikke-helt-slutt-likevel","status":"publish","type":"post","link":"https:\/\/www.europesays.com\/no\/27816\/","title":{"rendered":"\u00abDen tynne bl\u00e5 linjen\u00bb: Ikke helt slutt likevel"},"content":{"rendered":"\n<p class=\"_lead_ew2ao_2 _lead_xtcu6_50 layout-component text-serif-m layout-normal text-serif-l layout-component layout-wide layout-padded _wide_17hqh_1 layout-padded\">Ett \u00e5r etter at SVT satte punktum for politiserien, kommer kontrabeskjed.<\/p>\n<p><img alt=\"HOVEDROLLE: Amanda Jansson spiller politikvinnen Sara. Foto: Johan Nilsson\/TT \/ TT Nyhetsbyr\u00e5n \/ NTB\" class=\"_image_qp4xg_65 layout-component layout-wide\" data-fullscreen- data-track-element-type=\"Article image fullscreen\" data-track-name=\"ImageFullscreen\" fetchpriority=\"high\" decoding=\"sync\" loading=\"eager\" height=\"5064\" itemprop=\"image\"  src=\"https:\/\/www.europesays.com\/no\/wp-content\/uploads\/2025\/09\/420875f6-a064-436f-ba91-9f391419e3ae\"  style=\"object-position:0% 0%\" width=\"7502\"\/>HOVEDROLLE: Amanda Jansson spiller politikvinnen Sara. Foto: Johan Nilsson\/TT \/ TT Nyhetsbyr\u00e5n \/ NTB<\/p>\n<ul aria-hidden=\"true\" class=\"_images_1y6fe_106\">\n<li><a class=\"_link_1y6fe_111\" href=\"https:\/\/www.vg.no\/forfatter\/catherine-gonsholt-ighanian\" style=\"z-index:1\" title=\"Catherine Gonsholt Ighanian\" rel=\"nofollow noopener\" target=\"_blank\"><img alt=\"Bilde av Catherine Gonsholt Ighanian\" class=\"_image_1y6fe_88\" fetchpriority=\"low\" loading=\"lazy\" decoding=\"async\" itemprop=\"image\"  src=\"https:\/\/www.europesays.com\/no\/wp-content\/uploads\/2025\/09\/1757077869_36_72dca32d-ee6f-474c-a50e-72a9bb49f38a\"  width=\"480\"\/><\/a><\/li>\n<\/ul>\n<p> Oppdatert fredag 5. september kl. 14:57    <\/p>\n<ul class=\"_list_ew2ao_3 _list_64s2r_85 _unordered_ew2ao_99 text-sans-m\">\n<li class=\"_item_ew2ao_30\">Ett \u00e5r etter at SVT la ned serien, kommer \u00abDen tynne bl\u00e5 linjen\u00bb tilbake med julespesial p\u00e5 fire episoder.<\/li>\n<li class=\"_item_ew2ao_30\">Innspillingen starter i Malm\u00f6 i desember, med politi p\u00e5 glattisen og mulig cyberkaos.<\/li>\n<\/ul>\n<p>Vis mer <\/p>\n<p class=\"_paragraph_ew2ao_4 _paragraph_xtcu6_10 layout-component text-serif-m layout-normal text-serif-m layout-padded\">\u00abDen tynne bl\u00e5 linjen\u00bb f\u00e5r en julespesial med fire nye episoder.<\/p>\n<p class=\"_paragraph_ew2ao_4 _paragraph_xtcu6_10 layout-component text-serif-m layout-normal text-serif-m layout-padded\">\u2013 Vi klarte ikke \u00e5 st\u00e5 imot tanken, sier Johanna G\u00e5rdare, dramasjef i SVT, til <a href=\"https:\/\/www.aftonbladet.se\/nojesbladet\/tv\/a\/XjKlvB\/tunna-bla-linjen-far-nya-avsnitt\" class=\"_link_ew2ao_39\" rel=\"nofollow noopener\" target=\"_blank\">Aftonbladet<\/a>.<\/p>\n<p class=\"_paragraph_ew2ao_4 _paragraph_xtcu6_10 layout-component text-serif-m layout-normal text-serif-m layout-padded\">Det var i september i fjor at TV-kanalen ga politidramaet fra Malm\u00f6 d\u00f8dsst\u00f8tet <a href=\"https:\/\/www.vg.no\/rampelys\/i\/eMd8bg\/slutt-for-den-tynne-blaa-linjen\" data-track-element-type=\"Link\" data-track-id=\"link:eMd8bg\" class=\"_link_ew2ao_39\" rel=\"nofollow noopener\" target=\"_blank\">etter tre sesonger<\/a>, fordi de \u00f8nsket \u00ab\u00e5 bruke budsjettet p\u00e5 noe annet\u00bb.<\/p>\n<p class=\"_paragraph_ew2ao_4 _paragraph_xtcu6_10 layout-component text-serif-m layout-normal text-serif-m layout-padded\">\u2013 N\u00e5 er tiden moden for nye prosjekter, l\u00f8d det den gangen.<\/p>\n<p class=\"_paragraph_ew2ao_4 _paragraph_xtcu6_10 layout-component text-serif-m layout-normal text-serif-m layout-padded\">Men s\u00e5 har TV-seerne alts\u00e5 ikke sett det siste av gjengen likevel.<\/p>\n<p class=\"_paragraph_ew2ao_4 _paragraph_xtcu6_10 layout-component text-serif-m layout-normal text-serif-m layout-padded\">Innspillingen av fortsettelsen starter i Malm\u00f6 desember i \u00e5r, og resultatet f\u00e5r premiere julen 2026.<\/p>\n<p class=\"_paragraph_ew2ao_4 _paragraph_xtcu6_10 layout-component text-serif-m layout-normal text-serif-m layout-padded\">Serieskaper Cilla Jackert (57) st\u00e5r for manus ogs\u00e5 n\u00e5.<\/p>\n<p class=\"_paragraph_ew2ao_4 _paragraph_xtcu6_10 layout-component text-serif-m layout-normal text-serif-m layout-padded\">Handlingen utspiller seg i julen i Malm\u00f6, hvor politiet m\u00e5 h\u00e5ndtere alt fra glatte veier til fyrverkerikrangel. <\/p>\n<p class=\"_paragraph_ew2ao_4 _paragraph_xtcu6_10 layout-component text-serif-m layout-normal text-serif-m layout-padded\">Men byen rammes ogs\u00e5 av mystisk kriminalitet. Betalingsl\u00f8sninger slutter \u00e5 fungere, telefoner kollapser, og tog stopper.<\/p>\n<p class=\"_paragraph_ew2ao_4 _paragraph_xtcu6_10 layout-component text-serif-m layout-normal text-serif-m layout-padded\">\u2013 Det er vanskelig \u00e5 skille cyber-angrep fra menneskelige faktorer, og v\u00e5re politifolk vet like lite som alle andre, frister serieskaperen med.<\/p>\n<p><img alt=\"F.v.: Amanda Jansson (Sara), Oscar T\u00f6ringe (Magnus), Anna Sise (Faye) og Per Lasson (Jesse) under innspillingen av sesong to i 2022.  Foto: Johan Nilsson\/TT \/ TT Nyhetsbyr\u00e5n \/ NTB\" class=\"_image_qp4xg_65 layout-component layout-normal\" data-fullscreen- data-track-element-type=\"Article image fullscreen\" data-track-name=\"ImageFullscreen\" decoding=\"async\" loading=\"lazy\" height=\"3827\" itemprop=\"image\"  src=\"https:\/\/www.europesays.com\/no\/wp-content\/uploads\/2025\/09\/0d6e3d2d-c4b0-49a1-ad66-7f6629358ff6\"  style=\"object-position:0% 0%\" width=\"5496\"\/>F.v.: Amanda Jansson (Sara), Oscar T\u00f6ringe (Magnus), Anna Sise (Faye) og Per Lasson (Jesse) under innspillingen av sesong to i 2022.  Foto: Johan Nilsson\/TT \/ TT Nyhetsbyr\u00e5n \/ NTB<\/p>\n<p class=\"_paragraph_ew2ao_4 _paragraph_xtcu6_10 layout-component text-serif-m layout-normal text-serif-m layout-padded\">Samtidig m\u00e5 politifolkene h\u00e5ndtere personlige utfordringer i h\u00f8ytiden.<\/p>\n<p class=\"_paragraph_ew2ao_4 _paragraph_xtcu6_10 layout-component text-serif-m layout-normal text-serif-m layout-padded\">Amanda Jansson (34), som spiller Sara, fikk sitt store gjennombrudd nettopp gjennom denne serien \u2013 og har f\u00e5tt merkelappen <a href=\"https:\/\/www.vg.no\/rampelys\/i\/PRnrX6\/amanda-jansson-er-politi-paa-tv-gaar-arbeidsloes-hjemme\" data-track-element-type=\"Link\" data-track-id=\"link:PRnrX6\" class=\"_link_ew2ao_39\" rel=\"nofollow noopener\" target=\"_blank\">Sveriges nye favorittpoliti<\/a>.<\/p>\n<p class=\"_paragraph_ew2ao_4 _paragraph_xtcu6_10 layout-component text-serif-m layout-normal text-serif-m layout-padded\">\u00abDen tynne bl\u00e5 linjen (Tunna bl\u00e5 linjen)\u00bb har h\u00f8stet massiv ros fra anmeldere. VG ga<a href=\"https:\/\/www.vg.no\/rampelys\/tv\/i\/zg444v\/tv-anmeldelse-den-tynne-blaa-linjen-svenske-tilstander\" data-track-element-type=\"Link\" data-track-id=\"link:zg444v\" class=\"_link_ew2ao_39\" rel=\"nofollow noopener\" target=\"_blank\"> terningkast 5 <\/a>da den hadde premiere p\u00e5 NRK i januar 2021.<\/p>\n<p class=\"_paragraph_ew2ao_4 _paragraph_xtcu6_10 layout-component text-serif-m layout-normal text-serif-m layout-padded\">P\u00e5 rollelisten st\u00e5r ogs\u00e5 Oscar T\u00f6ringe (41), Per Lasson (54) og Gizem Kling Erdogan (37).<\/p>\n<p class=\"_paragraph_ew2ao_4 _paragraph_xtcu6_10 layout-component text-serif-m layout-normal text-serif-m layout-padded\"><strong class=\"_strong_ew2ao_25\">Flere nyheter p\u00e5 VGTV:<\/strong><\/p>\n<p>Les ogs\u00e5<\/p>\n<p id=\"product-17550\" aria-expanded=\"false\" class=\"product-overview _productOverview_1m98o_134\">Een intiem portret van het dagelijkse leven van vier politieagenten, waar de grens tussen priv\u00e9- en beroepsleven vervaagt naarmate de spanningen toenemen in de levendige en door misdaad geteisterde stad Malm\u00f6, Zweden.<\/p>\n<p><a class=\"_imgCont_1m98o_174\" href=\"https:\/\/saga.vg.no\/show\/den-tynne-blaa-linjen\" rel=\"nofollow noopener\" target=\"_blank\"><img decoding=\"async\" src=\"https:\/\/www.europesays.com\/no\/wp-content\/uploads\/2025\/09\/15595579940261302984\" loading=\"lazy\" alt=\"Den tynne bl\u00e5 linjen\"\/><\/a>  Str\u00f8m hosKj\u00f8p eller lei<\/p>\n<p id=\"product-disclaimer\" class=\"_disclaimer_1m98o_87\">Annonselenker<\/p>\n","protected":false},"excerpt":{"rendered":"Ett \u00e5r etter at SVT satte punktum for politiserien, kommer kontrabeskjed. HOVEDROLLE: Amanda Jansson spiller politikvinnen Sara. Foto:&hellip;\n","protected":false},"author":2,"featured_media":27817,"comment_status":"","ping_status":"","sticky":false,"template":"","format":"standard","meta":{"footnotes":""},"categories":[58],"tags":[71,30,28,29,207,376,72,46],"class_list":{"0":"post-27816","1":"post","2":"type-post","3":"status-publish","4":"format-standard","5":"has-post-thumbnail","7":"category-underholdning","8":"tag-entertainment","9":"tag-no","10":"tag-norge","11":"tag-norway","12":"tag-tv","13":"tag-tv-serier","14":"tag-underholdning","15":"tag-vgai"},"share_on_mastodon":{"url":"","error":""},"_links":{"self":[{"href":"https:\/\/www.europesays.com\/no\/wp-json\/wp\/v2\/posts\/27816","targetHints":{"allow":["GET"]}}],"collection":[{"href":"https:\/\/www.europesays.com\/no\/wp-json\/wp\/v2\/posts"}],"about":[{"href":"https:\/\/www.europesays.com\/no\/wp-json\/wp\/v2\/types\/post"}],"author":[{"embeddable":true,"href":"https:\/\/www.europesays.com\/no\/wp-json\/wp\/v2\/users\/2"}],"replies":[{"embeddable":true,"href":"https:\/\/www.europesays.com\/no\/wp-json\/wp\/v2\/comments?post=27816"}],"version-history":[{"count":0,"href":"https:\/\/www.europesays.com\/no\/wp-json\/wp\/v2\/posts\/27816\/revisions"}],"wp:featuredmedia":[{"embeddable":true,"href":"https:\/\/www.europesays.com\/no\/wp-json\/wp\/v2\/media\/27817"}],"wp:attachment":[{"href":"https:\/\/www.europesays.com\/no\/wp-json\/wp\/v2\/media?parent=27816"}],"wp:term":[{"taxonomy":"category","embeddable":true,"href":"https:\/\/www.europesays.com\/no\/wp-json\/wp\/v2\/categories?post=27816"},{"taxonomy":"post_tag","embeddable":true,"href":"https:\/\/www.europesays.com\/no\/wp-json\/wp\/v2\/tags?post=27816"}],"curies":[{"name":"wp","href":"https:\/\/api.w.org\/{rel}","templated":true}]}}