{"id":27820,"date":"2025-09-05T13:15:12","date_gmt":"2025-09-05T13:15:12","guid":{"rendered":"https:\/\/www.europesays.com\/no\/27820\/"},"modified":"2025-09-05T13:15:12","modified_gmt":"2025-09-05T13:15:12","slug":"gronland-norgesdemokratene-store-politiressurser-pa-youngstorget","status":"publish","type":"post","link":"https:\/\/www.europesays.com\/no\/27820\/","title":{"rendered":"Gr\u00f8nland, Norgesdemokratene | Store politiressurser p\u00e5 Youngstorget"},"content":{"rendered":"\n<p>Fredag gjentar Norgesdemokratene \u00abspaserturen\u00bb gjennom Oslos gater. Ogs\u00e5 denne gangen har de med seg Lena Kotr\u00e9 fra det tyske ytre h\u00f8yre-partiet AfD.<\/p>\n<p>   <img decoding=\"async\" width=\"5712\" height=\"4284\" fetchpriority=\"low\"  loading=\"lazy\"  src=\"https:\/\/www.europesays.com\/no\/wp-content\/uploads\/2025\/09\/sddad.jpg\" alt=\"\" class=\"brick-c-cFOWSL\" style=\"--brick-image-ratio: 5712 \/ 4284;\"\/><\/p>\n<p>    Foto: Silje Lien Sveen \/ Avisa Oslo\n  <\/p>\n<p>Noen f\u00e5 motdemonstranter er anholdt.<\/p>\n<p>\u2013 Jeg har ikke noe antall, men det er ganske f\u00e5. I forbindelse med denne varslede markeringen er det m\u00f8tt opp meningsmotstandere som \u00f8nsker \u00e5 markere seg, og det vi har jobbet med, er \u00e5 legge til rette for at begge parter skal f\u00e5 markere seg, sier operasjonsleder Bj\u00f8rn Gunnar Nys\u00e6ter i Oslo politidistrikt til NTB.<\/p>\n<p>\u2013 Vi \u00f8nsker \u00e5 skape noe avstand mellom gruppene og f\u00e5 motdemonstrasjonen inn p\u00e5 et avgrenset omr\u00e5de. Ikke alle tok til seg beskjeden. Det er ingen direkte konfrontasjon, men enkeltelementer har v\u00e6rt utfordrende, sier Nys\u00e6ter.<\/p>\n<p><b>Tre motdemonstranter ble anholdt etter ikke \u00e5 ha fulgt p\u00e5legg og f\u00f8ringer fra politiet. Disse er dimittert, men bortvist fra et definert omr\u00e5de, opplyser politiet klokken 15.10. <\/b><\/p>\n<p>   <img decoding=\"async\" width=\"4032\" height=\"3024\" fetchpriority=\"low\"  loading=\"lazy\"  src=\"https:\/\/www.europesays.com\/no\/wp-content\/uploads\/2025\/09\/sdasd.jpg\" alt=\"\" class=\"brick-c-cFOWSL\" style=\"--brick-image-ratio: 4032 \/ 3024;\"\/><\/p>\n<p>    Foto: Silje Lien Sveen \/ Avisa Oslo\n  <\/p>\n<p>Tysk sikkerhetstjeneste har tidligere fastsl\u00e5tt at AfD er h\u00f8yreekstremt.<\/p>\n<p>Lokalbefolkningen p\u00e5 Gr\u00f8nland har varslet en markering mot bes\u00f8ket. Flere demonstranter er ukledd som klovner, og utstyrt med instrumenter for \u00e5 skape st\u00f8y og avlede oppmerksomheten.<\/p>\n<p>   <img decoding=\"async\" width=\"5712\" height=\"4284\" fetchpriority=\"low\"  loading=\"lazy\"  src=\"https:\/\/www.europesays.com\/no\/wp-content\/uploads\/2025\/09\/kkk.jpg\" alt=\"\" class=\"brick-c-cFOWSL\" style=\"--brick-image-ratio: 5712 \/ 4284;\"\/><\/p>\n<p>    Foto: Silje Lien Sveen \/ Avisa Oslo\n  <\/p>\n<p>   <img decoding=\"async\" width=\"5712\" height=\"4284\" fetchpriority=\"low\"  loading=\"lazy\"  src=\"https:\/\/www.europesays.com\/no\/wp-content\/uploads\/2025\/09\/sssss_1.jpg\" alt=\"\" class=\"brick-c-cFOWSL\" style=\"--brick-image-ratio: 5712 \/ 4284;\"\/><\/p>\n<p>    Foto: Silje Lien Sveen \/ Avisa Oslo\n  <\/p>\n<p>  Geleider bort motdemonstranter<\/p>\n<p>Operasjonsleder i politiet Bj\u00f8rn Gunnar Nys\u00e6ter sier til Avisa Oslo, rett f\u00f8r klokken 14, at politiet n\u00e5 jobber med \u00e5 geleide motdemonstrantene inn p\u00e5 et definert omr\u00e5de. Det gj\u00f8r de for \u00e5 skape avstand og beskyttelse.<\/p>\n<p>\u2013 Vi \u00f8nsker ikke at meningsmotstandere skal st\u00e5 oppi hverandre, sier Nys\u00e6ter.<\/p>\n<p>Det har ikke v\u00e6rt noen konfrontasjoner mellom partene forel\u00f8pig, men noen blir geleidet bort p\u00e5 grunn av at de ikke f\u00f8lger politiets f\u00f8ringer.<\/p>\n<p><b>\u2013 Noen m\u00e5 h\u00e5ndteres \u00e9n til \u00e9n, sier han, men p\u00e5peker at ingen er p\u00e5grepet. <\/b><\/p>\n<p>Det er samlet seg rundt 200 motdemonstranter.<\/p>\n<p>   <img decoding=\"async\" width=\"5712\" height=\"4284\" fetchpriority=\"low\"  loading=\"lazy\"  src=\"https:\/\/www.europesays.com\/no\/wp-content\/uploads\/2025\/09\/ddddd.jpg\" alt=\"\" class=\"brick-c-cFOWSL\" style=\"--brick-image-ratio: 5712 \/ 4284;\"\/><\/p>\n<p>    Foto: Silje Lien Sveen \/ Avisa Oslo\n  <\/p>\n<p>\u2013 Politiet har et visst mannskapsuttak og vi pr\u00f8ver \u00e5 tilrettelegge for at begge sider skal f\u00e5 markert seg p\u00e5 en sikker m\u00e5te, skriver Nys\u00e6ter i Politiloggen.<\/p>\n<p>Ble evakuert<\/p>\n<p>Ogs\u00e5 i august inviterte Norgesdemokratenes leder Geir Ugland Jacobsen med seg Kotr\u00e9 til Gr\u00f8nland. Rundt 1000 demonstranter m\u00f8tte opp, og politiet besluttet \u00e5 <a href=\"https:\/\/www.ao.no\/flere-politiressurser-pa-gronland\/s\/5-128-1121332\" rel=\"Follow nofollow noopener\" target=\"_blank\">evakuere Jacobsen og Kotr\u00e9 p\u00e5 grunn av sikkerhetssituasjonen. <\/a><\/p>\n<p>De ble evakuert inn i et parkeringshus. Politiet blokkerte inngangen, og Meny, som holder til, i bygget ble stengt.<\/p>\n<p>Brukte ordf\u00f8reren som \u00abposter girl\u00bb<\/p>\n<p>Norgesdemokratene varslet \u00abandre runde\u00bb av \u00abspaserturen\u00bb forrige uke.<\/p>\n<p>P\u00e5 et digitalt flygeblad var de to politikerne avbildet, i tillegg til Oslos ordf\u00f8rer Anne Lindboe (H). Lindboe reagerte kraftig da Norgesdemokratene varslet den f\u00f8rste befaringen.<\/p>\n<p>\u2013 Det er ufattelig dr\u00f8yt at jeg er kopiert inn p\u00e5 den. Jeg blir brukt som \u00abposter girl\u00bb for noe jeg overhodet ikke vil fronte, sier Lindboe til <a href=\"https:\/\/www.aftenposten.no\/oslo\/i\/3Myb8v\/norgesdemokratene-bruker-oslos-ordfoerer-som-postergirl-for-ny-marsj-paa-groenland-ufattelig-droeyt\" rel=\"Follow nofollow noopener\" target=\"_blank\">Aftenposten<\/a>.<\/p>\n<p>  <a href=\"https:\/\/www.ao.no\/5-128-1133783\" class=\"related-teaser has-image default-opinion-teaser article--c-eRUmMG article--c-eRUmMG-jKCPdD-design-default\" rel=\"nofollow noopener\" target=\"_blank\"><\/p>\n<p>    <img decoding=\"async\" loading=\"lazy\"  src=\"https:\/\/www.europesays.com\/no\/wp-content\/uploads\/2025\/09\/Kopi+av+MAL_KOMMENTAR_AO.jpg\" alt=\"\" class=\"brick-c-cFOWSL\" style=\"\"\/><\/p>\n<p>\n            Les ogs\u00e5<\/p>\n<p>              Kvalmende misbruk av ordf\u00f8reren \u2013 og en skjending av Tamimas minne\n        <\/p>\n<p>  <\/a><\/p>\n<p>\u2013 <a rel=\"Follow nofollow noopener\" href=\"https:\/\/www.ao.no\/oslo-er-farget-gult-for-tamima-nibras-juhar-34\/s\/5-128-1132706\" target=\"_blank\">Oslo s\u00f8rger over drapet av Tamima Nibras Juhar<\/a>, der h\u00f8yreekstremisme er oppgitt som motiv. Dette er en aktiv provokasjon fra mennesker som ikke vil byen vel, sa hun til avisen.<\/p>\n<p>Partileder Geir Ugland Jacobsen har avvist at \u00abspaserturen\u00bb bevisst er lagt til rett etter drapet p\u00e5 Tamima.<\/p>\n<p>  <a href=\"https:\/\/www.ao.no\/5-128-1133453\" class=\"related-teaser has-image default-story-teaser article--c-eRUmMG article--c-eRUmMG-jKCPdD-design-default\" rel=\"nofollow noopener\" target=\"_blank\"><\/p>\n<p>    <img decoding=\"async\" loading=\"lazy\"  src=\"https:\/\/www.europesays.com\/no\/wp-content\/uploads\/2025\/09\/ND.jpg\" alt=\"\" class=\"brick-c-cFOWSL\" style=\"\"\/><\/p>\n<p>\n            Les ogs\u00e5<\/p>\n<p>              Brukt som \u00abpostergirl\u00bb sammen med h\u00f8yreekstrem politiker: \u2013 En aktiv provokasjon\n        <\/p>\n<p>  <\/a><\/p>\n","protected":false},"excerpt":{"rendered":"Fredag gjentar Norgesdemokratene \u00abspaserturen\u00bb gjennom Oslos gater. Ogs\u00e5 denne gangen har de med seg Lena Kotr\u00e9 fra det&hellip;\n","protected":false},"author":2,"featured_media":27821,"comment_status":"","ping_status":"","sticky":false,"template":"","format":"standard","meta":{"footnotes":""},"categories":[10],"tags":[36,20,21,864,24,25,2112,15,22,23,13,30,28,3493,29,14,16,1510,26,27],"class_list":{"0":"post-27820","1":"post","2":"type-post","3":"status-publish","4":"format-standard","5":"has-post-thumbnail","7":"category-norge","8":"tag-art","9":"tag-breaking-news","10":"tag-breakingnews","11":"tag-demonstrasjoner","12":"tag-featured-news","13":"tag-featurednews","14":"tag-gronland","15":"tag-headlines","16":"tag-latest-news","17":"tag-latestnews","18":"tag-news","19":"tag-no","20":"tag-norge","21":"tag-norgesdemokratene","22":"tag-norway","23":"tag-nyheter","24":"tag-overskrifter","25":"tag-story","26":"tag-top-stories","27":"tag-topstories"},"share_on_mastodon":{"url":"","error":""},"_links":{"self":[{"href":"https:\/\/www.europesays.com\/no\/wp-json\/wp\/v2\/posts\/27820","targetHints":{"allow":["GET"]}}],"collection":[{"href":"https:\/\/www.europesays.com\/no\/wp-json\/wp\/v2\/posts"}],"about":[{"href":"https:\/\/www.europesays.com\/no\/wp-json\/wp\/v2\/types\/post"}],"author":[{"embeddable":true,"href":"https:\/\/www.europesays.com\/no\/wp-json\/wp\/v2\/users\/2"}],"replies":[{"embeddable":true,"href":"https:\/\/www.europesays.com\/no\/wp-json\/wp\/v2\/comments?post=27820"}],"version-history":[{"count":0,"href":"https:\/\/www.europesays.com\/no\/wp-json\/wp\/v2\/posts\/27820\/revisions"}],"wp:featuredmedia":[{"embeddable":true,"href":"https:\/\/www.europesays.com\/no\/wp-json\/wp\/v2\/media\/27821"}],"wp:attachment":[{"href":"https:\/\/www.europesays.com\/no\/wp-json\/wp\/v2\/media?parent=27820"}],"wp:term":[{"taxonomy":"category","embeddable":true,"href":"https:\/\/www.europesays.com\/no\/wp-json\/wp\/v2\/categories?post=27820"},{"taxonomy":"post_tag","embeddable":true,"href":"https:\/\/www.europesays.com\/no\/wp-json\/wp\/v2\/tags?post=27820"}],"curies":[{"name":"wp","href":"https:\/\/api.w.org\/{rel}","templated":true}]}}