{"id":27824,"date":"2025-09-05T13:17:20","date_gmt":"2025-09-05T13:17:20","guid":{"rendered":"https:\/\/www.europesays.com\/no\/27824\/"},"modified":"2025-09-05T13:17:20","modified_gmt":"2025-09-05T13:17:20","slug":"nordre-follo-sport-han-har-trent-noen-av-verdens-beste-handballspillere-na-er-han-tilbake-i-follo","status":"publish","type":"post","link":"https:\/\/www.europesays.com\/no\/27824\/","title":{"rendered":"Nordre Follo, Sport | Han har trent noen av verdens beste h\u00e5ndballspillere \u2013 n\u00e5 er han tilbake i Follo"},"content":{"rendered":"\n<p>Vikens egenskaper som fysisk trener for noen av verdens beste h\u00e5ndballspillere gjorde s\u00e5gar at V\u00e5lerengas Ronny Deila hentet ham i et par \u00e5r for \u00e5 endre styrketreningen p\u00e5 Valle.<\/p>\n<p>  <a href=\"https:\/\/www.oblad.no\/5-68-355499\" class=\"related-teaser has-image default-story-teaser article--c-eRUmMG article--c-eRUmMG-jKCPdD-design-default\" rel=\"nofollow noopener\" target=\"_blank\"><\/p>\n<p>    <img decoding=\"async\" loading=\"lazy\"  src=\"https:\/\/www.europesays.com\/no\/wp-content\/uploads\/2025\/09\/1514336711915.jpg\" alt=\"\" class=\"brick-c-cFOWSL\" style=\"\"\/><\/p>\n<p>\n            Les ogs\u00e5<\/p>\n<p>              N\u00e5 blir han fysisk trener i V\u00e5lerenga Fotball\n        <\/p>\n<p>  <\/a><br \/>\n  Bunnsolid CV<\/p>\n<p>Ole Martin Viken er et godt kjent navn i Follo-milj\u00f8et og i H\u00e5ndball-Norge. Han har tidligere v\u00e6rt fysisk trener for Follos a-lag i to perioder.<\/p>\n<p>F\u00f8rste periode i sesongen 2011\/2012 med Lars Abelsen og Jan-Ivar Lorentzen som hovedtrenere. Deretter fra 2015 til 2017 med Valter Perisa som hovedtrener.<\/p>\n<p>   <img decoding=\"async\" width=\"800\" height=\"494\" fetchpriority=\"low\"  loading=\"lazy\"  src=\"https:\/\/www.europesays.com\/no\/wp-content\/uploads\/2025\/09\/undefined+%283%29.jpg\" alt=\"\" class=\"brick-c-cFOWSL\" style=\"--brick-image-ratio: 800 \/ 494;\"\/><\/p>\n<p>    P\u00c5 THW-BENKEN: Ole Viken (t.h.) sammen med THW Kiels hovedtrener gjennom mange \u00e5r, Alfred Gislason.<br \/>\n    Foto: THW KIEL\n  <\/p>\n<p>Viken kom til Follo f\u00f8rste gang fra THW Kiel. Den tyske giganten hadde noen av verdens beste h\u00e5ndballspillere i stallen, og Viken fikk med seg to seriegul, to cupgull og seier i Champions League.<\/p>\n<p>Viken var fysisk trener for herrelandslaget i 11 \u00e5r og var i Kolstad fra 2020 til til 2025. I Kolstad var han med p\u00e5 \u00e5 vinne 8 titler hos de hardtsatsende tr\u00f8nderne.<\/p>\n<p>Tredje periode i Follo HK<\/p>\n<p>N\u00e5 er Ole Martin tilbake i Follo og han g\u00e5r inn i sin tredje periode i klubben.<\/p>\n<p>Viken g\u00e5r inn i Follo som trener rundt klubbens a-lag sammen med hovedtrener Lukas Karlsson, Adrian Ark Saastad, Axel Reimblad, Mads Gulbrandsen og Ivar Lysj\u00f8.<\/p>\n<p>Viken vil ogs\u00e5 bidra inn mot rekruttlaget. Han skal jobbe med \u00e5 videreutvikle klubbens prestasjonskultur. Follo har en relativt ung spillergruppe og han skal bidra til \u00e5 videreutvikle b\u00e5de lag og individ. Han blir kulturminister i Follo, <a rel=\"Follow nofollow noopener\" href=\"https:\/\/www.follohk.no\/\" target=\"_blank\"><b>skriver klubben p\u00e5 sine hjemmesider.<\/b><\/a><\/p>\n<p>\u2013 Follo er en klubb som jeg har et n\u00e6rt forhold til. Det var den klubben jeg fikk jobb i n\u00e5r jeg kom tilbake til Norge og vi som familie etablerte oss i Ski. Det angrer vi ikke p\u00e5, sier Viken.<\/p>\n<p>\u2013 Det er noe veldig spennende i klubben og det er jo gode muligheter for \u00e5 bidra til utvikling i Follo. Det er mange bra lag i den norske ligaen og det er tett i hele ligaen synes jeg. Fra tredje plass og nedover er det lite som skiller. Med sm\u00e5 grep skal det v\u00e6re mulig \u00e5 l\u00f8fte klubben til \u00e5 bli en utfordrer, mener nykommeren i Follos trenerteam.<\/p>\n<p><a rel=\"Follow nofollow noopener\" href=\"https:\/\/www.follohk.no\/\" target=\"_blank\">Les mer om ansettelsen p\u00e5 Follo HKs hjemmesider.<\/a><\/p>\n<p>Les mer om: artikkelemnene<\/p>\n","protected":false},"excerpt":{"rendered":"Vikens egenskaper som fysisk trener for noen av verdens beste h\u00e5ndballspillere gjorde s\u00e5gar at V\u00e5lerengas Ronny Deila hentet&hellip;\n","protected":false},"author":2,"featured_media":27825,"comment_status":"","ping_status":"","sticky":false,"template":"","format":"standard","meta":{"footnotes":""},"categories":[59],"tags":[36,4493,105,30,840,28,29,83,82,1510],"class_list":{"0":"post-27824","1":"post","2":"type-post","3":"status-publish","4":"format-standard","5":"has-post-thumbnail","7":"category-sport","8":"tag-art","9":"tag-follo-hk","10":"tag-handball","11":"tag-no","12":"tag-nordre-follo","13":"tag-norge","14":"tag-norway","15":"tag-sport","16":"tag-sports","17":"tag-story"},"share_on_mastodon":{"url":"","error":""},"_links":{"self":[{"href":"https:\/\/www.europesays.com\/no\/wp-json\/wp\/v2\/posts\/27824","targetHints":{"allow":["GET"]}}],"collection":[{"href":"https:\/\/www.europesays.com\/no\/wp-json\/wp\/v2\/posts"}],"about":[{"href":"https:\/\/www.europesays.com\/no\/wp-json\/wp\/v2\/types\/post"}],"author":[{"embeddable":true,"href":"https:\/\/www.europesays.com\/no\/wp-json\/wp\/v2\/users\/2"}],"replies":[{"embeddable":true,"href":"https:\/\/www.europesays.com\/no\/wp-json\/wp\/v2\/comments?post=27824"}],"version-history":[{"count":0,"href":"https:\/\/www.europesays.com\/no\/wp-json\/wp\/v2\/posts\/27824\/revisions"}],"wp:featuredmedia":[{"embeddable":true,"href":"https:\/\/www.europesays.com\/no\/wp-json\/wp\/v2\/media\/27825"}],"wp:attachment":[{"href":"https:\/\/www.europesays.com\/no\/wp-json\/wp\/v2\/media?parent=27824"}],"wp:term":[{"taxonomy":"category","embeddable":true,"href":"https:\/\/www.europesays.com\/no\/wp-json\/wp\/v2\/categories?post=27824"},{"taxonomy":"post_tag","embeddable":true,"href":"https:\/\/www.europesays.com\/no\/wp-json\/wp\/v2\/tags?post=27824"}],"curies":[{"name":"wp","href":"https:\/\/api.w.org\/{rel}","templated":true}]}}