{"id":278429,"date":"2026-06-27T07:56:13","date_gmt":"2026-06-27T07:56:13","guid":{"rendered":"https:\/\/www.europesays.com\/no\/278429\/"},"modified":"2026-06-27T07:56:13","modified_gmt":"2026-06-27T07:56:13","slug":"norske-fans-knust-over-yungblud-avlysing","status":"publish","type":"post","link":"https:\/\/www.europesays.com\/no\/278429\/","title":{"rendered":"Norske fans knust over Yungblud-avlysing"},"content":{"rendered":"\n<p class=\"_lead_145nj_2 _lead_6fko5_53 layout-component text-serif-m layout-normal text-serif-l layout-component layout-wide layout-padded _wide_17hqh_1 layout-padded\">Skuffede fans holder lite tilbake i superstjernens kommentarfelt etter at han avlyste konserten p\u00e5 Tons of Rock.<\/p>\n<p><img alt=\"Yungblud p\u00e5 scenen i Manchester 12. juni. Foto: Amy Harris \/ AP \/ NTB\" class=\"_image_jw3bv_65 layout-component layout-wide\" data-fullscreen- data-track-element-type=\"Article image fullscreen\" data-track-name=\"ImageFullscreen\" fetchpriority=\"high\" decoding=\"sync\" loading=\"eager\" height=\"1375\" itemprop=\"image\"  src=\"https:\/\/www.europesays.com\/no\/wp-content\/uploads\/2026\/06\/2466e768-80ab-3945-b6ae-5d6947d31ff3.jpeg\"  style=\"object-position:0% 0%\" width=\"1612\"\/>Yungblud p\u00e5 scenen i Manchester 12. juni. Foto: Amy Harris \/ AP \/ NTB<\/p>\n<ul aria-hidden=\"true\" class=\"_images_ntbth_112\">\n<li><a class=\"_link_ntbth_117\" href=\"https:\/\/www.vg.no\/forfatter\/catherine-gonsholt-ighanian\" style=\"z-index:1\" title=\"Catherine Gonsholt Ighanian\" rel=\"nofollow noopener\" target=\"_blank\"><img alt=\"Bilde av Catherine Gonsholt Ighanian\" class=\"_image_ntbth_93\" fetchpriority=\"low\" loading=\"lazy\" decoding=\"async\" itemprop=\"image\"  src=\"https:\/\/www.europesays.com\/no\/wp-content\/uploads\/2026\/06\/1782546972_882_72dca32d-ee6f-474c-a50e-72a9bb49f38a.jpeg\"  width=\"480\"\/><\/a><\/li>\n<\/ul>\n<p> Oppdatert l\u00f8rdag 27. juni kl. 09:42    <\/p>\n<ul class=\"_list_145nj_3 _list_64s2r_85 _unordered_145nj_106 text-sans-m\">\n<li class=\"_item_145nj_30\">Yungblud avlyste sin konsert p\u00e5 Tons of Rock p\u00e5 grunn av stemmeproblemer.<\/li>\n<li class=\"_item_145nj_30\">Fansen er oppr\u00f8rt over at stjernen likevel opptrer p\u00e5 Bludfest i Tsjekkia.<\/li>\n<li class=\"_item_145nj_30\">Mange norske f\u00f8lgere uttrykker sinne og skuffelse i kommentarfeltet p\u00e5 Instagram.<\/li>\n<\/ul>\n<p>Vis mer <\/p>\n<p class=\"_paragraph_145nj_4 _paragraph_6fko5_10 layout-component text-serif-m layout-normal text-serif-m layout-padded\">Den britiske stjernen (28) var opprinnelig booket som headliner p\u00e5 <a href=\"https:\/\/www.vg.no\/tag\/tons-of-rock?utm_source=vg-article&amp;utm_medium=auto-tagger&amp;utm_campaign=QJ9KXJ\" class=\"_link_145nj_39\" rel=\"nofollow noopener\" target=\"_blank\">Tons of Rock<\/a> fredag kveld. Natt til torsdag <a href=\"https:\/\/www.vg.no\/rampelys\/i\/e7qk1M\/yungblud-avlyser-tons-of-rock-opptreden\" data-track-element-type=\"Link\" data-track-id=\"link:e7qk1M\" class=\"_link_145nj_39\" rel=\"nofollow noopener\" target=\"_blank\">kom nyheten<\/a> om at han m\u00e5 avlyse p\u00e5 grunn av stemmeproblemer.<\/p>\n<p class=\"_paragraph_145nj_4 _paragraph_6fko5_10 layout-component text-serif-m layout-normal text-serif-m layout-padded\">S\u00e6rlig tungt ford\u00f8yelig er det tydeligvis for norske fans at rockeren likevel gjennomf\u00f8rer sin planlagte konsert Bludfest-konsert i Tsjekkia l\u00f8rdag.<\/p>\n<p class=\"_paragraph_145nj_4 _paragraph_6fko5_10 layout-component text-serif-m layout-normal text-serif-m layout-padded\">\u00abBludfest, jeg er p\u00e5 vei\u00bb, skrev han p\u00e5 <a href=\"https:\/\/www.instagram.com\/p\/DaDbI3ejO8T\/?hl=en&amp;img_index=1\" class=\"_link_145nj_39\" rel=\"nofollow noopener\" target=\"_blank\">Instagram<\/a> fredag ettermiddag.<\/p>\n<p class=\"_paragraph_145nj_4 _paragraph_6fko5_10 layout-component text-serif-m layout-normal text-serif-m layout-padded\">\u00abBLUDFEST. TOMORROW\u00bb, skriver Yungblud under en video postet p\u00e5 b\u00e5de egen Instagram og Bludfests Instagram kort tid etterp\u00e5.<\/p>\n<p class=\"_paragraph_145nj_4 _paragraph_6fko5_10 layout-component text-serif-m layout-normal text-serif-m layout-padded\">Der spaserer han ned flytrappen i Tsjekkia:<\/p>\n<p class=\"_paragraph_145nj_4 _paragraph_6fko5_10 layout-component text-serif-m layout-normal text-serif-m layout-padded\">\u00abS\u00e5 glad for \u00e5 st\u00e5 over Tons of Rock\u00bb, skriver en kvinne sarkastisk til det hun ser i videoen.<\/p>\n<p class=\"_paragraph_145nj_4 _paragraph_6fko5_10 layout-component text-serif-m layout-normal text-serif-m layout-padded\">\u00abIkke engang en post til de 40.000 som skulle se deg opptre p\u00e5 Tons of Rock i kveld??\u00bb, lyder det fra en annen.<\/p>\n<p class=\"_paragraph_145nj_4 _paragraph_6fko5_10 layout-component text-serif-m layout-normal text-serif-m layout-padded\">\u00abI Norge gr\u00e5ter vi akkurat n\u00e5\u00bb, skriver en kvinne i kommentarfeltet under det ene innlegget.<\/p>\n<p class=\"_paragraph_145nj_4 _paragraph_6fko5_10 layout-component text-serif-m layout-normal text-serif-m layout-padded\">\u00abNorge sier hva i he &#8230;\u00bb, skriver en annen.<\/p>\n<p><img alt=\"Foto: Amy Harris \/ AP \/ NTB\" class=\"_image_jw3bv_65 layout-component layout-normal\" data-fullscreen- data-track-element-type=\"Article image fullscreen\" data-track-name=\"ImageFullscreen\" decoding=\"async\" loading=\"lazy\" height=\"1729\" itemprop=\"image\"  src=\"https:\/\/www.europesays.com\/no\/wp-content\/uploads\/2026\/06\/0128c398-56ed-3074-a91e-8770e7ebcafb.jpeg\"  style=\"object-position:0% 0%\" width=\"2594\"\/>Foto: Amy Harris \/ AP \/ NTB<\/p>\n<p class=\"_paragraph_145nj_4 _paragraph_6fko5_10 layout-component text-serif-m layout-normal text-serif-m layout-padded\">Artisten har n\u00e6r \u00e5tte millioner f\u00f8lgere p\u00e5 Instagram, og sv\u00e6rt mange i Tsjekkia melder at de gleder seg til konserten l\u00f8rdag.<\/p>\n<p class=\"_paragraph_145nj_4 _paragraph_6fko5_10 layout-component text-serif-m layout-normal text-serif-m layout-padded\">Men \u2013 sv\u00e6rt mange som hadde sett fram til \u00e5 oppleve 28-\u00e5ringen p\u00e5 norsk jord fredag, fortviler i form av meldinger og emojis.<\/p>\n<p class=\"_paragraph_145nj_4 _paragraph_6fko5_10 layout-component text-serif-m layout-normal text-serif-m layout-padded\">En mann skriver at \u00ab95 prosent av de som kj\u00f8pte billett til Tons of Rock, gjorde det p\u00e5 grunn av Yungblud\u00bb.<\/p>\n<p class=\"_paragraph_145nj_4 _paragraph_6fko5_10 layout-component text-serif-m layout-normal text-serif-m layout-padded\">\u00abDu mister mange norske fans n\u00e5r du poster s\u00e5nt som dette samme dag som du avlyser en headliner-gig. I beste fall er det respektl\u00f8st\u00bb, konkluderer en f\u00f8lger.<\/p>\n<p class=\"_paragraph_145nj_4 _paragraph_6fko5_10 layout-component text-serif-m layout-normal text-serif-m layout-padded\">\u00abDu skulle v\u00e6rt i Norge n\u00e5\u00bb, \u00abJustice for Norway\u00bb, \u00abSykt at han avlyste\u00bb, \u00abDet suger big time at du avlyste i Norge\u00bb, \u00abVi savner deg i Norge\u00bb, \u00abM\u00f8tte ikke opp p\u00e5 Tons of Rock\u00bb og \u00abIkke engang en kommentar til alle som hadde kj\u00f8pt billett for \u00e5 se ham i Norge\u00bb, er blant kommentarene.<\/p>\n<p class=\"_paragraph_145nj_4 _paragraph_6fko5_10 layout-component text-serif-m layout-normal text-serif-m layout-padded\">Andre skriver at de har \u00abkastet bort tusenvis av kroner\u00bb. En hevder at de har reist i ti timer for \u00e5 oppleve Yungblud p\u00e5 rockefestivalen i Oslo.<\/p>\n<p class=\"_paragraph_145nj_4 _paragraph_6fko5_10 layout-component text-serif-m layout-normal text-serif-m layout-padded\">VG har rettet en skriftlig henvendelse til Yungbluds manager, Tommas Arnby.<\/p>\n<p class=\"_paragraph_145nj_4 _paragraph_6fko5_10 layout-component text-serif-m layout-normal text-serif-m layout-padded\">Yungblud la ut en <a href=\"https:\/\/www.instagram.com\/channel\/AbafY8dub38TqK9k\/Abb1Q6qrgv5HU9rL\/?igsh=cXZwaDh3d2x4NHR1&amp;utm_source=sdrn%3Avg%3Aarticle%3Ae7qk1M\" class=\"_link_145nj_39\" rel=\"nofollow noopener\" target=\"_blank\">talemelding i fankanalen<\/a> p\u00e5 Instagram, der han forklarte at legen skal ha sagt at han m\u00e5 hvile stemmen, at han har sv\u00e6rt hovne mandler, og at han skal operere dem bort i oktober.<\/p>\n<p class=\"_paragraph_145nj_4 _paragraph_6fko5_10 layout-component text-serif-m layout-normal text-serif-m layout-padded\">\u2013 Til alle i Norge: Jeg elsker dere s\u00e5 mye, sa rockeren, som egentlig heter Dominic Richard Harrison.<\/p>\n<p class=\"_paragraph_145nj_4 _paragraph_6fko5_10 layout-component text-serif-m layout-normal text-serif-m layout-padded\">Noen f\u00f8lgere skriver at de \u00f8nsker ham god bedring, og at de h\u00e5per \u00e5 f\u00e5 se ham i Norge senere.<\/p>\n<p class=\"_paragraph_145nj_4 _paragraph_6fko5_10 layout-component text-serif-m layout-normal text-serif-m layout-padded\">Tons of Rock skrev i pressemeldingen om avlysningen at de <a href=\"https:\/\/www.vg.no\/rampelys\/i\/e7qk1M\/yungblud-avlyser-tons-of-rock-opptreden\" data-track-element-type=\"Link\" data-track-id=\"link:e7qk1M\" class=\"_link_145nj_39\" rel=\"nofollow noopener\" target=\"_blank\">\u00f8nsker Yungblud alt godt<\/a>, og at de h\u00e5per \u00e5 kunne \u00f8nske ham velkommen til festivalen ved en senere anledning.<\/p>\n<p class=\"_paragraph_145nj_4 _paragraph_6fko5_10 layout-component text-serif-m layout-normal text-serif-m layout-padded\">Joan Jett &amp; the Blackhearts steppet inn som erstattere.<\/p>\n<p>Les ogs\u00e5<br \/>\n    <script async src=\"\/\/www.instagram.com\/embed.js\"><\/script><\/p>\n","protected":false},"excerpt":{"rendered":"Skuffede fans holder lite tilbake i superstjernens kommentarfelt etter at han avlyste konserten p\u00e5 Tons of Rock. Yungblud&hellip;\n","protected":false},"author":2,"featured_media":278430,"comment_status":"","ping_status":"","sticky":false,"template":"","format":"standard","meta":{"footnotes":"","_share_on_mastodon":"0"},"categories":[58],"tags":[71,221,30,28,29,6579,72,11730],"class_list":["post-278429","post","type-post","status-publish","format-standard","has-post-thumbnail","category-underholdning","tag-entertainment","tag-musikk","tag-no","tag-norge","tag-norway","tag-tons-of-rock","tag-underholdning","tag-yungblud"],"share_on_mastodon":{"url":"https:\/\/pubeurope.com\/@no\/116821006037696257","error":""},"_links":{"self":[{"href":"https:\/\/www.europesays.com\/no\/wp-json\/wp\/v2\/posts\/278429","targetHints":{"allow":["GET"]}}],"collection":[{"href":"https:\/\/www.europesays.com\/no\/wp-json\/wp\/v2\/posts"}],"about":[{"href":"https:\/\/www.europesays.com\/no\/wp-json\/wp\/v2\/types\/post"}],"author":[{"embeddable":true,"href":"https:\/\/www.europesays.com\/no\/wp-json\/wp\/v2\/users\/2"}],"replies":[{"embeddable":true,"href":"https:\/\/www.europesays.com\/no\/wp-json\/wp\/v2\/comments?post=278429"}],"version-history":[{"count":0,"href":"https:\/\/www.europesays.com\/no\/wp-json\/wp\/v2\/posts\/278429\/revisions"}],"wp:featuredmedia":[{"embeddable":true,"href":"https:\/\/www.europesays.com\/no\/wp-json\/wp\/v2\/media\/278430"}],"wp:attachment":[{"href":"https:\/\/www.europesays.com\/no\/wp-json\/wp\/v2\/media?parent=278429"}],"wp:term":[{"taxonomy":"category","embeddable":true,"href":"https:\/\/www.europesays.com\/no\/wp-json\/wp\/v2\/categories?post=278429"},{"taxonomy":"post_tag","embeddable":true,"href":"https:\/\/www.europesays.com\/no\/wp-json\/wp\/v2\/tags?post=278429"}],"curies":[{"name":"wp","href":"https:\/\/api.w.org\/{rel}","templated":true}]}}