{"id":278451,"date":"2026-06-27T08:33:12","date_gmt":"2026-06-27T08:33:12","guid":{"rendered":"https:\/\/www.europesays.com\/no\/278451\/"},"modified":"2026-06-27T08:33:12","modified_gmt":"2026-06-27T08:33:12","slug":"nattens-hendelser-alta-travel-natt-for-politiet","status":"publish","type":"post","link":"https:\/\/www.europesays.com\/no\/278451\/","title":{"rendered":"Nattens hendelser, Alta | Travel natt for politiet"},"content":{"rendered":"\n<p>Politiet i Finnmark, og s\u00e6rlig i Alta, fikk nok \u00e5 gj\u00f8re natt til l\u00f8rdag.<\/p>\n<p>Trangt i arresten?<\/p>\n<p>P\u00e5 ett av utestedene i den nevnte byen ble vekterne n\u00f8dt til \u00e5 h\u00e5ndtere en meget fysisk utagerende person. Klokken 01:31 kan politiet melde om at vekterne hadde m\u00e5ttet legge vedkommende i bakken.<\/p>\n<p>Politiet rykket ut, og med seg tilbake hadde de den urolige gjesten, en mann i 30-\u00e5rene. Han tilbrakte natten i arrest.<\/p>\n<p>Ikke lenge etter nok en melding om br\u00e5kete oppf\u00f8rsel p\u00e5 ett av byens utesteder. Denne gangen var det en kvinne, ogs\u00e5 hun sv\u00e6rt fysisk utagerende. Kvinnen, som er i 40-\u00e5rene, lot seg ikke roe ned av de ansatte. I stedet ble vekterne kraftig klort i ansiktet.<\/p>\n<p>Hun roet seg heller ikke ved politiets ankomst. L\u00f8sningen ble \u00e5 sette henne i arrest for natten.<\/p>\n<p>Seinere p\u00e5 natten oppsto det en voldshendelse utenfor et utested, der en mann i 20-\u00e5rene fikk beskjed av politiet om \u00e5 forlate sentrum av Alta. Den unge mannen etterkom ikke p\u00e5legget, og havnet i stedet i et basketak med politiet selv.<\/p>\n<p>Den unge mannen ble kj\u00f8rt i arrest som tredje overnattingsgjest hos det lokale politiet denne natten. Det opprettes ogs\u00e5 sak for vold mot offentlig tjenesteperson.<\/p>\n<p>I grytidlige morgentimer, klokken 04:50, melder politiet om nok en fysisk tildragelse i Alta sentrum. Flere personer barket sammen, og en person skal ha havnet i bakken. Politiet ga derfor beskjed til en mann i 20-\u00e5rene om \u00e5 forlate sentrum, og holde seg unna fram til klokken 08:00 l\u00f8rdag morgen.<\/p>\n<p>Ikke bare i Alta<\/p>\n<p>Ogs\u00e5 lenger \u00f8st i fylket har politiet f\u00e5tt litt \u00e5 bryne seg p\u00e5.<\/p>\n<p>I Kirkenes valgte en mann i 20-\u00e5rene \u00e5 blande seg inn i politiets arbeid med \u00e5 h\u00e5ndtere en fysisk tildragelse utenfor et utested. Da han nektet \u00e5 oppgi personalia, ble han innbrakt til politistasjonen. Han fikk beskjed om \u00e5 holde seg unna Kirkenes sentrum fram til klokken 11:00 l\u00f8rdag formiddag.<\/p>\n<p>I Kj\u00f8llefjord var det mindre fysisk utagerende, men ikke helt d\u00f8dt. En mann i 60-\u00e5rene er anmeldt for \u00e5 urinere p\u00e5 offentlig sted.<\/p>\n<p>Uheldig<\/p>\n<p>Tilbake i vestfylket ble R\u00f8de Kors sendt ut p\u00e5 oppdrag mot omr\u00e5det Balgesvarri i Kautokeino.<\/p>\n<p>En person skal ha skadet ATVen sin, og i den forbindelse ogs\u00e5 selv blitt skadet i et kne. Han hadde derfor behov for assistanse for \u00e5 komme seg ned fra fjellet.<\/p>\n<p>    Tidlig promille<\/p>\n<p>Ogs\u00e5 l\u00f8rdag morgen startet tidlig med utrykning for politiet, n\u00e5 i S\u00f8r-Varanger.<\/p>\n<p>En patrulje rykket ut etter melding om mulig promillekj\u00f8ring med bil. Ved ankomst er politiet sin mistanke om promillekj\u00f8ring styrket og den antatte bilf\u00f8rer fremstilles for n\u00f8dvendig pr\u00f8vetaking.<\/p>\n<p>I mellomtiden har politiet tatt midlertidig beslag i personens f\u00f8rerkort.<\/p>\n<p>Ogs\u00e5 i Berlev\u00e5g har politiet i morgentimene stanset en bilf\u00f8rer som bl\u00e5ste over lovlig verdi og framsto p\u00e5virket av alkohol. Sak opprettes ,og f\u00f8rer fremstilles for n\u00f8dvendig pr\u00f8vetaking.<\/p>\n","protected":false},"excerpt":{"rendered":"Politiet i Finnmark, og s\u00e6rlig i Alta, fikk nok \u00e5 gj\u00f8re natt til l\u00f8rdag. Trangt i arresten? P\u00e5&hellip;\n","protected":false},"author":2,"featured_media":278452,"comment_status":"","ping_status":"","sticky":false,"template":"","format":"standard","meta":{"footnotes":"","_share_on_mastodon":"0"},"categories":[10],"tags":[215,36,3838,20,21,24,25,15,9388,22,23,5046,5688,13,30,28,29,14,16,589,1510,26,27],"class_list":["post-278451","post","type-post","status-publish","format-standard","has-post-thumbnail","category-norge","tag-alta","tag-art","tag-berlevag","tag-breaking-news","tag-breakingnews","tag-featured-news","tag-featurednews","tag-headlines","tag-kautokeino","tag-latest-news","tag-latestnews","tag-lebesby","tag-nattens-hendelser","tag-news","tag-no","tag-norge","tag-norway","tag-nyheter","tag-overskrifter","tag-sor-varanger","tag-story","tag-top-stories","tag-topstories"],"share_on_mastodon":{"url":"https:\/\/pubeurope.com\/@no\/116821151377506162","error":""},"_links":{"self":[{"href":"https:\/\/www.europesays.com\/no\/wp-json\/wp\/v2\/posts\/278451","targetHints":{"allow":["GET"]}}],"collection":[{"href":"https:\/\/www.europesays.com\/no\/wp-json\/wp\/v2\/posts"}],"about":[{"href":"https:\/\/www.europesays.com\/no\/wp-json\/wp\/v2\/types\/post"}],"author":[{"embeddable":true,"href":"https:\/\/www.europesays.com\/no\/wp-json\/wp\/v2\/users\/2"}],"replies":[{"embeddable":true,"href":"https:\/\/www.europesays.com\/no\/wp-json\/wp\/v2\/comments?post=278451"}],"version-history":[{"count":0,"href":"https:\/\/www.europesays.com\/no\/wp-json\/wp\/v2\/posts\/278451\/revisions"}],"wp:featuredmedia":[{"embeddable":true,"href":"https:\/\/www.europesays.com\/no\/wp-json\/wp\/v2\/media\/278452"}],"wp:attachment":[{"href":"https:\/\/www.europesays.com\/no\/wp-json\/wp\/v2\/media?parent=278451"}],"wp:term":[{"taxonomy":"category","embeddable":true,"href":"https:\/\/www.europesays.com\/no\/wp-json\/wp\/v2\/categories?post=278451"},{"taxonomy":"post_tag","embeddable":true,"href":"https:\/\/www.europesays.com\/no\/wp-json\/wp\/v2\/tags?post=278451"}],"curies":[{"name":"wp","href":"https:\/\/api.w.org\/{rel}","templated":true}]}}