{"id":27851,"date":"2025-09-05T13:50:44","date_gmt":"2025-09-05T13:50:44","guid":{"rendered":"https:\/\/www.europesays.com\/no\/27851\/"},"modified":"2025-09-05T13:50:44","modified_gmt":"2025-09-05T13:50:44","slug":"ampert-om-bhattis-skjegg-2","status":"publish","type":"post","link":"https:\/\/www.europesays.com\/no\/27851\/","title":{"rendered":"Ampert om Bhattis skjegg"},"content":{"rendered":"<p>Arfan Bhatti (48) fortsatte fredag morgen sin forklaring i<br \/>\nsaken der han er tiltalt for medvirkning til terrorangrepet i Oslo i juni 2022. Bhatti nekter straffskyld.<\/p>\n<p>P\u00e5 sp\u00f8rsm\u00e5l fra aktor Sturla Henriksb\u00f8 (45) forklarte Bhatti<br \/>\nseg om to ulike reiser.<\/p>\n<p>En i bil p\u00e5 Stovner.<\/p>\n<p>Og en til Tyrkia med en person som seinere er knyttet til<br \/>\nterrorgruppa Den islamske stat (IS).<\/p>\n<p>Den f\u00f8rste turen skjedde 22. april 2022. Da arrangerte den<br \/>\nh\u00f8yreradikale gruppa SIAN \u2013 Stopp Islamiseringen Av Norge \u2013 en demonstrasjon p\u00e5<br \/>\nStovner.\u00a0<\/p>\n<p class=\"font-weight-bold m-font-weight-bold\" data-lab-font_weight=\"font-weight-bold\">Det er tidligere kjent at politiet stoppet Zaniar Matapour (46) og Arfan Bhatti i bil, og mente de<br \/>\nforfulgte aktivister fra SIAN.<\/p>\n<p>          <img loading=\"lazy\" decoding=\"async\" src=\"https:\/\/www.europesays.com\/no\/wp-content\/uploads\/2025\/09\/1757080239_92_83538194.webp\" width=\"980\" height=\"657\" title=\"AKTOR: Statsadvokat Sturla Henriksb\u00f8 f\u00f8rer saken mot Arfan Bhatti sammen med Aud Kinsarvik Grav\u00e5s (48). Foto: Lars Eivind Bones \/ Dagbladet\" alt=\"\" class=\"\" style=\"--aspect-ratio-image: 1.49; \"\/><\/p>\n<p>\n          AKTOR: Statsadvokat Sturla Henriksb\u00f8 f\u00f8rer saken mot Arfan Bhatti sammen med Aud Kinsarvik Grav\u00e5s (48). Foto: Lars Eivind Bones \/ Dagbladet\n      <\/p>\n<p>Bare en biltur\t<\/p>\n<p>&#8211; Det var ikke noe annet enn en biltur, sa Bhatti.<\/p>\n<p>&#8211; Vi tok en biltur. Vi hadde et m\u00f8te, en felles reise. Ikke<br \/>\nr\u00e5ning, men en biltur. M\u00f8te noen andre og s\u00e5 dra tilbake igjen.<\/p>\n<p class=\"italic m-italic\" data-lab-underline=\"\" data-lab-italic=\"italic\">&#8211; Var du kjent med at SIAN skulle brenne en koran p\u00e5<br \/>\nStovner denne dagen?<\/p>\n<p>&#8211; Ja, det var jeg.<\/p>\n<p>          <img loading=\"lazy\" decoding=\"async\" src=\"https:\/\/www.europesays.com\/no\/wp-content\/uploads\/2025\/09\/1757080240_704_83285951.webp\" width=\"980\" height=\"598\" title=\"BILTUR MED BHATTI: Zaniar Matapour var sammen med Bhatti da politiet stoppet bilen deres under SIAN-demonstrasjonen. Foto: Lars Eivind Bones\" alt=\"\" class=\"\" style=\"--aspect-ratio-image: 1.64; \"\/><\/p>\n<p>\n          BILTUR MED BHATTI: Zaniar Matapour var sammen med Bhatti da politiet stoppet bilen deres under SIAN-demonstrasjonen. Foto: Lars Eivind Bones\n      <\/p>\n<p class=\"italic m-italic\" data-lab-italic=\"italic\">&#8211; Hadde turen noe med det \u00e5 gj\u00f8re?<\/p>\n<p>&#8211; Det har v\u00e6rt teorier og snakk om dette, men det hadde den<br \/>\nikke.<\/p>\n<p>Bhatti forklarte at det ikke var meningen \u00e5 f\u00f8lge etter<br \/>\nSIAN-aktivister. <\/p>\n<p>Politiet mente at Bhatti og Matapour ikke hadde med seg<br \/>\ntelefoner i bilen. fant ikke mobiltelefoner i bilen. Henriksb\u00f8 spurte om dette<br \/>\nvar tilfeldig-<\/p>\n<p>&#8211; De var i bilen, politiet fant dem bare ikke, svarte<br \/>\nBhatti.<\/p>\n<p>Kniver i bilen\t<\/p>\n<p>Der politiet ikke fant mobiltelefoner, fant de to kniver. <\/p>\n<p>&#8211; Det var eieren av bilen sine kniver, et familiemedlem av<br \/>\nmeg.<\/p>\n<p class=\"italic m-italic\" data-lab-italic=\"italic\">&#8211; Visste du at det var kniver i bilen?<\/p>\n<p>&#8211; Nei, politiet p\u00e5pekte det.<\/p>\n<p>Bhatti sa at han og Matapour hadde en \u00abprivat samtale\u00bb i<br \/>\nbilen, men ville ikke g\u00e5 inn p\u00e5 hva den handlet om.<\/p>\n<p>En annen reise aktor Sturla Henriksb\u00f8 tok opp, var til<br \/>\nTyrkia for omkring ti \u00e5r siden. Bhatti forklarte at turen \u00abblant annet\u00bb var en<br \/>\nbadeferie \u2013 med tre personer han ikke kjente hele navnene p\u00e5.<\/p>\n<p>          <img loading=\"lazy\" decoding=\"async\" src=\"https:\/\/www.europesays.com\/no\/wp-content\/uploads\/2025\/09\/1757080241_699_83538720.webp\" width=\"980\" height=\"657\" title=\"MED FORSVARERTEAMET: Arfan Bhatt sammen med forsvarerne Bernt Heiberg, John Christian Elden og Inger Zadig. Foto: J\u00f8rn H. Moen \/ Dagbladet\" alt=\"\" class=\"\" style=\"--aspect-ratio-image: 1.49; \"\/><\/p>\n<p>\n          MED FORSVARERTEAMET: Arfan Bhatt sammen med forsvarerne Bernt Heiberg, John Christian Elden og Inger Zadig. Foto: J\u00f8rn H. Moen \/ Dagbladet\n      <\/p>\n<p>D\u00f8mt for IS-propaganda\t<\/p>\n<p>I retten ble det tema om turen kunne ha noe med terrorkriging<br \/>\ni Syria \u00e5 gj\u00f8re.<\/p>\n<p>&#8211; Ingen av dem tilh\u00f8rte PU (den radikale gruppa Profetens Ummah).<br \/>\nDen ene har nettopp v\u00e6rt i en dokumentar p\u00e5 NRK om hvordan han har kriget i Ukraina.<br \/>\nEn annen av dem er seinere blitt d\u00f8mt i Spania, sa Bhatti.<\/p>\n<p class=\"font-weight-bold m-font-weight-bold\" data-lab-font_weight=\"font-weight-bold\">P\u00e5 sp\u00f8rsm\u00e5l fra dommer Kim Heger, svarte aktor Henriksb\u00f8 at den<br \/>\nnorske borgeren som ble d\u00f8mt i Spania, ble d\u00f8mt for \u00e5 ha lagd<br \/>\npropagandamateriell for terrorgruppa Den islamske stat (IS).<\/p>\n<p class=\"font-weight-normal m-font-weight-normal\" data-lab-font_weight=\"font-weight-normal\">&#8211; Han er praktiserende konservativ muslim. Vi var gode<br \/>\nvenner en periode, men s\u00e5 skj\u00e6rte det seg mellom oss rundt 2019 av ulike<br \/>\n\u00e5rsaker. <\/p>\n<p>Henriksb\u00f8 lanserte s\u00e5 en teori om at det skulle v\u00e6re aktuelt<br \/>\nat mannen som ble d\u00f8m ti Spania, skulle v\u00e6re mellomledd til IS f\u00f8r terroren i Oslo.\n<\/p>\n<p>        Tirsdag 7. mai 2023 vitnet Arfan Bhatti i rettsaken mot terrorsiktede Zaniar Matapour i Oslo tingrett. Leder i St\u00f8ttegruppa 25. juni, Espen Evjenth beskriver det hele som provoserende. Reporter: Christina Holen Korneliussen og J\u00f8rn Normann Pedersen<\/p>\n<p>Bhatti kvitterte ut dette med \u00e5 sl\u00e5 fast at han ikke hadde hatt<br \/>\nkontakt med mannen siden 2019-2020.<\/p>\n<p>Troskapsed til Taliban\t<\/p>\n<p>I retten kom Henriksb\u00f8 ogs\u00e5 inn p\u00e5 \u00abbayah\u00bb\u2019en fra Zaniar Matapour,<br \/>\nsom Bhatti skulle oversende til IS. En bayah er en troskapsed.<\/p>\n<p>&#8211; Har du noen gang avgitt en bayah?<\/p>\n<p>&#8211; Ikke til IS. Jeg har avgitt en bayah til Taliban. Det var<br \/>\ni 2011 eller 2012, svarte Bhatti.<\/p>\n<p>&#8211; Deltok du i kamp for Taliban?<\/p>\n<p>          <img loading=\"lazy\" decoding=\"async\" src=\"https:\/\/www.europesays.com\/no\/wp-content\/uploads\/2025\/09\/1757080243_952_83504194.webp\" width=\"980\" height=\"843\" title=\"ANNEN LOOK: Arfan Bhatti fotografert f\u00f8r han klippet h\u00e5r og skjegg. Han forklarte i retten at han kom inn i et aktivistmilj\u00f8 da han grodde langt skjegg. Foto: John T. Pedersen \/ Dagbladet\" alt=\"\" class=\"\" style=\"--aspect-ratio-image: 1.16; \"\/><\/p>\n<p>\n          ANNEN LOOK: Arfan Bhatti fotografert f\u00f8r han klippet h\u00e5r og skjegg. Han forklarte i retten at han kom inn i et aktivistmilj\u00f8 da han grodde langt skjegg. Foto: John T. Pedersen \/ Dagbladet\n      <\/p>\n<p>&#8211; Jeg vil ikke kommentere noen ting av det som skjedde i<br \/>\nAfghanistan. PST etterforsket dette i tre \u00e5r, og henla det som intet straffbart<br \/>\nforhold. <\/p>\n<p>&#8211; Hvis jeg sp\u00f8r om du har tatt liv p\u00e5 vegne av Taliban,<br \/>\nvil du ikke svare p\u00e5 det?<\/p>\n<p>&#8211; Jeg vil ikke svare noe p\u00e5 det.<\/p>\n<p>&#8211; Har du senere fornyet den bayah\u2019en?<\/p>\n<p>&#8211; Ja. Det var i de senere \u00e5rene.<\/p>\n<p>&#8211; N\u00e5r var siste gang du gjorde det?<\/p>\n<p>&#8211; Det er i hvert fall gjort. Jeg har fortsatt en bayah til<br \/>\nTaliban.<\/p>\n<p>        Islamisten Arfan Qadeer Bhatti er tiltalt for medvirkning til terrorangrepet i Oslo i 2022. Da rettssaken startet tirsdag 2. september ble bildene fra angrepet vist i retten. Reporter: Edward Stenlund. <\/p>\n<p>IS-meldinger\t<\/p>\n<p>Etter utsp\u00f8rringen om Bhattis kontakt med Taliban, kom aktor Sturla Henriksb\u00f8 inn p\u00e5 meldinger Bhatti sendte til det han trodde var en terrorist fra IS.<\/p>\n<p>Slik det tidligere har kommet fram var IS-terroristen en agent hos Etterretningstjenesten.<\/p>\n<p>Blant annet skrev Bhatti at det noen ganger var vanskelig \u00e5 f\u00e5 tak i v\u00e5pen. Agenten spurte hvem som skaffet v\u00e5pen:<\/p>\n<p>        Arfan Bhatti er tiltalt for medvirkning til terrorangrepet 25. juni og skal ville gjennomf\u00f8re flere terrorangrep i Norge, if\u00f8lge statsadvokaten. Video: NTB \/ Angelica Hagen.<\/p>\n<p>&#8211; \u00abIt was a mixed effort\u00bb, svarte Bhatti.\u00a0<\/p>\n<p> &#8211; Noen andre var hjelpsomme her. <\/p>\n<p>Bhatti bekreftet s\u00e5 at han mente \u00e5 uttrykke at flere var involvert i \u00e5 skaffe v\u00e5pen:<\/p>\n<p data-lab-font_weight=\"\">&#8211; Det var det jeg mente \u00e5 uttrykke.<\/p>\n<p class=\"italic m-italic\" data-lab-italic=\"italic\">\u00a0-Mente du \u00e5 uttrykke at du selv hadde en rolle i \u00e5 skaffe v\u00e5pen?<\/p>\n<p>&#8211; Jeg mente \u00e5 uttrykke akkurat det som st\u00e5r der.\u00a0<\/p>\n<p>I dialogen med E-tjenesteagenten skrev ogs\u00e5 Bhatti:<\/p>\n<p class=\"font-weight-bold m-font-weight-bold\" data-lab-font_weight=\"font-weight-bold\">&#8211; In war, media is the best weapon sometimes.\u00a0<\/p>\n<p>Ampert om skjegg<\/p>\n<p>Selv om Bhatti har erkl\u00e6rt at han ikke ville svare p\u00e5 sp\u00f8rsm\u00e5l fra aktoratet, har han n\u00e5 endret dette.<\/p>\n<p>Stort sett har det v\u00e6rt en edruelig tone mellom ham og aktor.<\/p>\n<p>Men det ble mer opphetet utveksling da Sturla Henriksb\u00f8 kom inn p\u00e5 skjegget Arfan Bhatti tidligere hadde.<\/p>\n<p data-lab-font_weight=\"font-weight-bold\" class=\"font-weight-bold m-font-weight-bold\">&#8211; Jeg skj\u00f8nner ikke hvorfor man er s\u00e5 opptatt av skjegget. Man spekulerer i alt mulig, sa Bhatti.<\/p>\n<p>Dommer Kim Heger (66) br\u00f8t inn og spesifiserte sp\u00f8rsm\u00e5let:<\/p>\n<p class=\"italic m-italic\" data-lab-italic=\"italic\">&#8211; Har du tenkt igjennom hvordan du framst\u00e5r?<\/p>\n<p>&#8211; Man pr\u00f8ver \u00e5 spekulere i mine hensikter, svarte Bhatti oppgitt.<\/p>\n<p>&#8211; I Pakistan er det vanlig med skjegg i alle samfunnslag.<\/p>\n<p>          <img loading=\"lazy\" decoding=\"async\" src=\"https:\/\/www.europesays.com\/no\/wp-content\/uploads\/2025\/09\/83553308.webp\" width=\"686\" height=\"392\" title=\"FORSVARER: Bernt Heiberg (t.h.) - her avbildet med Bhatti - er en av fire forsvarere. Foto: Lars Eivind Bones \/ Dagbladet\" alt=\"\" class=\"\" style=\"--aspect-ratio-image: 1.75; \"\/><\/p>\n<p>\n          FORSVARER: Bernt Heiberg (t.h.) &#8211; her avbildet med Bhatti &#8211; er en av fire forsvarere. Foto: Lars Eivind Bones \/ Dagbladet\n      <\/p>\n<p>&#8211; Mange uenigheter med IS<\/p>\n<p>I meldingene med agenten blir Bhatti spurt om \u00e5 avlegge troskapsed til IS. Forsvarer Bernt Heiberg (44) sp\u00f8r ham om hvorfor han ikke gjorde dette.\u00a0<\/p>\n<p>&#8211; Jeg kunne gjort det, en som er falsk, men det kunne blitt brukt mot meg. Det er en organisasjon som jeg har mange uenigheter med. Det er mange ting jeg ikke er enig med og som gj\u00f8r at jeg ikke gir bayah (troskapsed), sier han.\u00a0\u00a0<\/p>\n<p>Bhatti har forklart at han antok at Matapour sendte ham lydopptak av troskapseden, for at han skulle sende denne videre til IS og f\u00e5 den publisert &#8211; og at dette er \u00e5rsaken til at han kommuniserer som han gj\u00f8r med agenten.\u00a0<\/p>\n<p class=\"italic m-italic\" data-lab-italic=\"italic\">&#8211; Hvorfor tror du at det var s\u00e5 viktig for Matapour \u00e5 f\u00e5 den publisert? sp\u00f8r Heger.<\/p>\n<p>&#8211; Jeg antok at det er viktig, men om min antakelse stemmer, m\u00e5 han svare p\u00e5. Men det var det jeg antok da. Det henger en r\u00f8d tr\u00e5d n\u00e5r bayah kommer, meningen med det er at den skal publiseres og det er slik jeg oppfatter det.\u00a0<\/p>\n<p>Bayah&#8217;en ble aldri publisert.<\/p>\n","protected":false},"excerpt":{"rendered":"Arfan Bhatti (48) fortsatte fredag morgen sin forklaring i saken der han er tiltalt for medvirkning til terrorangrepet&hellip;\n","protected":false},"author":2,"featured_media":26802,"comment_status":"","ping_status":"","sticky":false,"template":"","format":"standard","meta":{"footnotes":""},"categories":[5],"tags":[20,21,24,25,15,19,2539,22,23,17,18,13,30,28,29,14,16,26,27],"class_list":{"0":"post-27851","1":"post","2":"type-post","3":"status-publish","4":"format-standard","5":"has-post-thumbnail","7":"category-overskrifter","8":"tag-breaking-news","9":"tag-breakingnews","10":"tag-featured-news","11":"tag-featurednews","12":"tag-headlines","13":"tag-hovedoppslag","14":"tag-innenriks","15":"tag-latest-news","16":"tag-latestnews","17":"tag-main-news","18":"tag-mainnews","19":"tag-news","20":"tag-no","21":"tag-norge","22":"tag-norway","23":"tag-nyheter","24":"tag-overskrifter","25":"tag-top-stories","26":"tag-topstories"},"share_on_mastodon":{"url":"","error":""},"_links":{"self":[{"href":"https:\/\/www.europesays.com\/no\/wp-json\/wp\/v2\/posts\/27851","targetHints":{"allow":["GET"]}}],"collection":[{"href":"https:\/\/www.europesays.com\/no\/wp-json\/wp\/v2\/posts"}],"about":[{"href":"https:\/\/www.europesays.com\/no\/wp-json\/wp\/v2\/types\/post"}],"author":[{"embeddable":true,"href":"https:\/\/www.europesays.com\/no\/wp-json\/wp\/v2\/users\/2"}],"replies":[{"embeddable":true,"href":"https:\/\/www.europesays.com\/no\/wp-json\/wp\/v2\/comments?post=27851"}],"version-history":[{"count":0,"href":"https:\/\/www.europesays.com\/no\/wp-json\/wp\/v2\/posts\/27851\/revisions"}],"wp:featuredmedia":[{"embeddable":true,"href":"https:\/\/www.europesays.com\/no\/wp-json\/wp\/v2\/media\/26802"}],"wp:attachment":[{"href":"https:\/\/www.europesays.com\/no\/wp-json\/wp\/v2\/media?parent=27851"}],"wp:term":[{"taxonomy":"category","embeddable":true,"href":"https:\/\/www.europesays.com\/no\/wp-json\/wp\/v2\/categories?post=27851"},{"taxonomy":"post_tag","embeddable":true,"href":"https:\/\/www.europesays.com\/no\/wp-json\/wp\/v2\/tags?post=27851"}],"curies":[{"name":"wp","href":"https:\/\/api.w.org\/{rel}","templated":true}]}}