{"id":27868,"date":"2025-09-05T14:15:08","date_gmt":"2025-09-05T14:15:08","guid":{"rendered":"https:\/\/www.europesays.com\/no\/27868\/"},"modified":"2025-09-05T14:15:08","modified_gmt":"2025-09-05T14:15:08","slug":"e16-voss-fire-biler-i-trafikkulykke-pa-e16","status":"publish","type":"post","link":"https:\/\/www.europesays.com\/no\/27868\/","title":{"rendered":"E16, Voss | Fire biler i trafikkulykke p\u00e5 E16"},"content":{"rendered":"\n<p>Det har skjedd en trafikkulykke ved Stalheims\u00f8yni p\u00e5 E16 mellom Voss og Aurland.<\/p>\n<p>Totalt \u00e5tte voksne og to barn er involvert, if\u00f8lge politiet. <\/p>\n<p>\u2013 Alle er v\u00e5kne og bevisste, opplyser operasjonsleder Knut Dahl-Michelsen.<\/p>\n<p>Det var innledningsvis uklart hvor mange biler som var involvert. Rundt klokken 1445 er n\u00f8detatene fremme, og bekrefter at det er snakk om fire biler.<\/p>\n<p>Sendte ut luftambulanse<\/p>\n<p>If\u00f8lge politiet er airbag utl\u00f8st i flere av bilene.<\/p>\n<p>\u2013 Fire ambulanser og to luftambulanser er sendt til stedet, sa Dahl-Michelsen til BA tidligere.<\/p>\n<p>En stund senere opplyser han at luftambulansen returnerte fordi det ikke var behov for dem.<\/p>\n<p>Politiet har ikke mer informasjon om skadeomfanget p\u00e5 de involverte, annet enn at de alle er bevisste.<\/p>\n<p>Delvis stengt vei<\/p>\n<p>Ulykken har skjedd like ved avkj\u00f8rselen til Jordalen.<\/p>\n<p>Alle bilene st\u00e5r i feltet mot Voss, opplyser Vegtrafikksentralen. <\/p>\n<p>Dette feltet er midlertidig stengt.<\/p>\n<p>Les mer om: artikkelemnene<\/p>\n","protected":false},"excerpt":{"rendered":"Det har skjedd en trafikkulykke ved Stalheims\u00f8yni p\u00e5 E16 mellom Voss og Aurland. Totalt \u00e5tte voksne og to&hellip;\n","protected":false},"author":2,"featured_media":27869,"comment_status":"","ping_status":"","sticky":false,"template":"","format":"standard","meta":{"footnotes":""},"categories":[10],"tags":[36,928,20,21,295,24,25,15,22,23,13,30,28,29,14,16,1510,26,27,224,1847],"class_list":{"0":"post-27868","1":"post","2":"type-post","3":"status-publish","4":"format-standard","5":"has-post-thumbnail","7":"category-norge","8":"tag-art","9":"tag-aurland","10":"tag-breaking-news","11":"tag-breakingnews","12":"tag-e16","13":"tag-featured-news","14":"tag-featurednews","15":"tag-headlines","16":"tag-latest-news","17":"tag-latestnews","18":"tag-news","19":"tag-no","20":"tag-norge","21":"tag-norway","22":"tag-nyheter","23":"tag-overskrifter","24":"tag-story","25":"tag-top-stories","26":"tag-topstories","27":"tag-trafikk","28":"tag-voss"},"share_on_mastodon":{"url":"","error":""},"_links":{"self":[{"href":"https:\/\/www.europesays.com\/no\/wp-json\/wp\/v2\/posts\/27868","targetHints":{"allow":["GET"]}}],"collection":[{"href":"https:\/\/www.europesays.com\/no\/wp-json\/wp\/v2\/posts"}],"about":[{"href":"https:\/\/www.europesays.com\/no\/wp-json\/wp\/v2\/types\/post"}],"author":[{"embeddable":true,"href":"https:\/\/www.europesays.com\/no\/wp-json\/wp\/v2\/users\/2"}],"replies":[{"embeddable":true,"href":"https:\/\/www.europesays.com\/no\/wp-json\/wp\/v2\/comments?post=27868"}],"version-history":[{"count":0,"href":"https:\/\/www.europesays.com\/no\/wp-json\/wp\/v2\/posts\/27868\/revisions"}],"wp:featuredmedia":[{"embeddable":true,"href":"https:\/\/www.europesays.com\/no\/wp-json\/wp\/v2\/media\/27869"}],"wp:attachment":[{"href":"https:\/\/www.europesays.com\/no\/wp-json\/wp\/v2\/media?parent=27868"}],"wp:term":[{"taxonomy":"category","embeddable":true,"href":"https:\/\/www.europesays.com\/no\/wp-json\/wp\/v2\/categories?post=27868"},{"taxonomy":"post_tag","embeddable":true,"href":"https:\/\/www.europesays.com\/no\/wp-json\/wp\/v2\/tags?post=27868"}],"curies":[{"name":"wp","href":"https:\/\/api.w.org\/{rel}","templated":true}]}}