{"id":27881,"date":"2025-09-05T14:30:09","date_gmt":"2025-09-05T14:30:09","guid":{"rendered":"https:\/\/www.europesays.com\/no\/27881\/"},"modified":"2025-09-05T14:30:09","modified_gmt":"2025-09-05T14:30:09","slug":"krim-og-politi-tina-saken-tipser-og-utpekt-drapsmann-i-tina-saken-er-avhort","status":"publish","type":"post","link":"https:\/\/www.europesays.com\/no\/27881\/","title":{"rendered":"Krim og politi, Tina-saken | Tipser og utpekt drapsmann i Tina-saken er avh\u00f8rt"},"content":{"rendered":"\n<p>Den 25 \u00e5r gamle drapssaken ble trukket fram i et innlegg i sosiale medier i august. En mann hevdet \u00e5 ha bevis mot en navngitt person, i form av et elleve \u00e5r videoopptak der den navngitte personen innr\u00f8mmer drapet.<\/p>\n<p>            Fakta om drapet p\u00e5 Tina J\u00f8rgensen <\/p>\n<ul>\n<li>Uoppklart drapssak fra 2000. <\/li>\n<li>Tina J\u00f8rgensen forsvant natt til 24. september 2000 i Stavanger. Hun ble funnet drept \u00e9n m\u00e5ned senere i en dreneringskum ved Bore kirke. <\/li>\n<li>31. oktober 2001 ble Tinas kj\u00e6reste og samboer siktet for drapet p\u00e5 20-\u00e5ringen. Han ble l\u00f8slatt etter sju uker. I 2002 frafalt siktelsen. <\/li>\n<li>I 2015 ble en 36 \u00e5r gammel mann fra Lyngdal mistenkt for drapet og p\u00e5grepet. Dagen etter ble ytterliggere tre menn p\u00e5grepet. Alle ble l\u00f8slatt etter en snau m\u00e5ned. <\/li>\n<li>I 2016 \u00e5pnet cold case-enheten i Kripos saken igjen. <\/li>\n<li>I 2021 ble en tiltalt mann i Birgitte Tengs-saken ogs\u00e5 mistenkt for drapet p\u00e5 Tina J\u00f8rgensen. <\/li>\n<li>I 2022 ble han siktet for drapet p\u00e5 Tina. Han ble frifunnet i Tengs-saken etter en ankesak i lagmannsretten.<\/li>\n<li>I februar 2023 ble siktelsen mot mannen og Tina-saken henlagt av Riksadvokaten p\u00e5 grunn av manglende etterforskningsskritt som kunne opplyse saken. <\/li>\n<\/ul>\n<p>  <a href=\"https:\/\/www.jbl.no\/5-103-1183668\" class=\"related-teaser default-story-teaser article--c-eRUmMG article--c-eRUmMG-jKCPdD-design-default article--c-eRUmMG-kpKLOW-cv\" rel=\"nofollow noopener\" target=\"_blank\"><\/p>\n<p>\n            Les ogs\u00e5<\/p>\n<p>              Beskyldes for \u00e5 v\u00e6re Tinas drapsmann: \u2013 Jeg har selv levert anmeldelse\n        <\/p>\n<p>  <\/a><\/p>\n<p>Politiadvokat Unni Byberg Malmin i S\u00f8rvest politidistrikt sier til <a href=\"https:\/\/www.tv2.no\/nyheter\/innenriks\/utpekt-drapsmann-avhort-av-politiet-har-status-som-vitne\/18069944\/\" rel=\"noopener nofollow\" target=\"_blank\">TV 2<\/a> at politiet har avh\u00f8rt begge to, b\u00e5de det angivelige vitnet og mannen han har pekt ut som gjerningsperson.<\/p>\n<p>  <a href=\"https:\/\/www.jbl.no\/5-103-1183569\" class=\"related-teaser has-image default-story-teaser article--c-eRUmMG article--c-eRUmMG-jKCPdD-design-default\" rel=\"nofollow noopener\" target=\"_blank\"><\/p>\n<p>    <img decoding=\"async\" loading=\"lazy\"  src=\"https:\/\/www.europesays.com\/no\/wp-content\/uploads\/2025\/09\/bore_kyrkje1.jpg\" alt=\"\" class=\"brick-c-cFOWSL\" style=\"\"\/><\/p>\n<p>\n            Les ogs\u00e5<\/p>\n<p>              Politiet har f\u00e5tt nytt tips i Tina-saken\n        <\/p>\n<p>  <\/a><\/p>\n<p>\u2013 Begge har status som vitne, sier hun.<\/p>\n<p>Den omtalte videoen av en innr\u00f8mmelse, eksisterer imidlertid ikke.<\/p>\n<p>  <a href=\"https:\/\/www.jbl.no\/5-103-1184245\" class=\"related-teaser default-story-teaser article--c-eRUmMG article--c-eRUmMG-jKCPdD-design-default article--c-eRUmMG-kpKLOW-cv\" rel=\"nofollow noopener\" target=\"_blank\"><\/p>\n<p>\n            Les ogs\u00e5<\/p>\n<p>              Vitne anmeldt for lovbrudd i Tina-saken\n        <\/p>\n<p>  <\/a><\/p>\n<p>If\u00f8lge <a href=\"https:\/\/www.aftenbladet.no\/lokalt\/i\/dR3AKw\/tina-joergensen-facebook-innlegg-knytter-mann-til-drapet\" rel=\"noopener nofollow\" target=\"_blank\">Stavanger Aftenblad<\/a> skrev tipseren i sosiale medier at han er p\u00e5 d\u00f8dsleiet og ikke vil g\u00e5 i graven med en vond hemmelighet. Han oppfordret den andre mannen til \u00e5 fortelle det han vet.<\/p>\n<p>Tina J\u00f8rgensen forsvant etter en bytur i Stavanger i september i 2000. En m\u00e5ned senere ble hun funnet drept i en dreneringskum ved Bore kirke p\u00e5 J\u00e6ren.<\/p>\n<p>  <a href=\"https:\/\/www.jbl.no\/5-103-1003783\" class=\"related-teaser has-image default-story-teaser article--c-eRUmMG article--c-eRUmMG-jKCPdD-design-default\" rel=\"nofollow noopener\" target=\"_blank\"><\/p>\n<p>    <img decoding=\"async\" loading=\"lazy\"  src=\"https:\/\/www.europesays.com\/no\/wp-content\/uploads\/2025\/09\/Torunn+Austdal+Rasmussen_Klepp+formannskap_75%C3%A5rsdag_1.jpg\" alt=\"\" class=\"brick-c-cFOWSL\" style=\"\"\/><\/p>\n<p>\n            Les ogs\u00e5<\/p>\n<p>              \u2013 Jeg s\u00e5 p\u00e5 bildet av jentene mine og tenkte det er urettferdig at jeg st\u00e5r her og f\u00e5r bli 75, og ikke de\n        <\/p>\n<p>  <\/a><\/p>\n<p>Les meir om: artikkelemnene<\/p>\n","protected":false},"excerpt":{"rendered":"Den 25 \u00e5r gamle drapssaken ble trukket fram i et innlegg i sosiale medier i august. En mann&hellip;\n","protected":false},"author":2,"featured_media":27882,"comment_status":"","ping_status":"","sticky":false,"template":"","format":"standard","meta":{"footnotes":""},"categories":[10],"tags":[36,4497,20,21,24,25,15,1470,2357,22,23,13,30,28,29,14,16,1510,4496,26,27],"class_list":{"0":"post-27881","1":"post","2":"type-post","3":"status-publish","4":"format-standard","5":"has-post-thumbnail","7":"category-norge","8":"tag-art","9":"tag-bore","10":"tag-breaking-news","11":"tag-breakingnews","12":"tag-featured-news","13":"tag-featurednews","14":"tag-headlines","15":"tag-klepp","16":"tag-krim-og-politi","17":"tag-latest-news","18":"tag-latestnews","19":"tag-news","20":"tag-no","21":"tag-norge","22":"tag-norway","23":"tag-nyheter","24":"tag-overskrifter","25":"tag-story","26":"tag-tina-saken","27":"tag-top-stories","28":"tag-topstories"},"share_on_mastodon":{"url":"","error":""},"_links":{"self":[{"href":"https:\/\/www.europesays.com\/no\/wp-json\/wp\/v2\/posts\/27881","targetHints":{"allow":["GET"]}}],"collection":[{"href":"https:\/\/www.europesays.com\/no\/wp-json\/wp\/v2\/posts"}],"about":[{"href":"https:\/\/www.europesays.com\/no\/wp-json\/wp\/v2\/types\/post"}],"author":[{"embeddable":true,"href":"https:\/\/www.europesays.com\/no\/wp-json\/wp\/v2\/users\/2"}],"replies":[{"embeddable":true,"href":"https:\/\/www.europesays.com\/no\/wp-json\/wp\/v2\/comments?post=27881"}],"version-history":[{"count":0,"href":"https:\/\/www.europesays.com\/no\/wp-json\/wp\/v2\/posts\/27881\/revisions"}],"wp:featuredmedia":[{"embeddable":true,"href":"https:\/\/www.europesays.com\/no\/wp-json\/wp\/v2\/media\/27882"}],"wp:attachment":[{"href":"https:\/\/www.europesays.com\/no\/wp-json\/wp\/v2\/media?parent=27881"}],"wp:term":[{"taxonomy":"category","embeddable":true,"href":"https:\/\/www.europesays.com\/no\/wp-json\/wp\/v2\/categories?post=27881"},{"taxonomy":"post_tag","embeddable":true,"href":"https:\/\/www.europesays.com\/no\/wp-json\/wp\/v2\/tags?post=27881"}],"curies":[{"name":"wp","href":"https:\/\/api.w.org\/{rel}","templated":true}]}}