{"id":278837,"date":"2026-06-27T17:23:19","date_gmt":"2026-06-27T17:23:19","guid":{"rendered":"https:\/\/www.europesays.com\/no\/278837\/"},"modified":"2026-06-27T17:23:19","modified_gmt":"2026-06-27T17:23:19","slug":"bjorg-thorhallsdottir-apner-opp-om-livet-etter-bruddet-2","status":"publish","type":"post","link":"https:\/\/www.europesays.com\/no\/278837\/","title":{"rendered":"Bj\u00f8rg Thorhallsdottir \u00e5pner opp om livet etter bruddet"},"content":{"rendered":"<p class=\"kicker \" style=\"\">Bj\u00f8rg Thorhallsdottir:\u00a0<\/p>\n<p class=\"subtitle \" style=\"\">TV-profilen og kunstneren \u00e5pner opp om livet etter bruddet &#8211; og om en sommer fylt med familie, kunst og den store reisen som venter.<\/p>\n<p>\n    SINGEL: Bj\u00f8rg Thorhallsdottir har tatt en pause fra kj\u00e6rligheten etter bruddet &#8211; n\u00e5 r\u00f8per hun planene for tiden fremover. Foto: Mariam Butt \/ NTB\n  <\/p>\n<p>Det er under ett \u00e5r siden kj\u00e6rligheten tok slutt mellom <a href=\"https:\/\/www.seher.no\/kjendis\/roper-brudd\/84772540\" rel=\"nofollow noopener\" target=\"_blank\">TV-profil Bj\u00f8rg Thorhallsdottir (51) og Torbj\u00f8rn Kjellman (43)<\/a>. N\u00e5 \u00e5pner kunstneren opp om livet etter bruddet &#8211; og forteller om en sommer fylt av storfamilie, reiser, og en helt ny retning i livet.<\/p>\n<p>    <a itemprop=\"url\" href=\"https:\/\/www.seher.no\/kjendis\/roper-brudd\/84772540\" rel=\"nofollow noopener\" target=\"_blank\"><\/p>\n<p>        <img loading=\"lazy\" decoding=\"async\" src=\"https:\/\/www.europesays.com\/no\/wp-content\/uploads\/2026\/06\/1782580994_196_84772552.webp\" width=\"147\" height=\"100\" alt=\"\" class=\"lazyload\" style=\"--aspect-ratio-image: 1.47; \"\/><\/p>\n<p>        R\u00f8per brudd<\/p>\n<p>    <\/a><\/p>\n<p>N\u00e5r Se og H\u00f8r sl\u00e5r p\u00e5 tr\u00e5den har Thorhallsdottir akkurat lagt bak seg en lang dag i sommersolen &#8211; omgitt av familien fra Island. Og det er ingen tvil om at hum\u00f8ret er p\u00e5 topp.<\/p>\n<p>&#8211; Jeg har det helt supert, jeg. Jeg har hatt alle kusinene og fetterne mine fra Island p\u00e5 bes\u00f8k med barn. Vi har v\u00e6rt en hel gjeng som har reist itt rundt i Norge og vi har hatt det helt fantastisk.\u00a0<\/p>\n<p>        ELLE SOMMERFEST: Selma Ibrahim r\u00f8per datingplaner og forteller om en bisarr foresp\u00f8rsel hun har f\u00e5tt. Video: Nora Skavhaug\/Karolina Grace\/R\u00f8d L\u00f8per. <\/p>\n<p>&#8211; Utrolig heldig\u00a0\t<\/p>\n<p>Den islandske storfamilien har inntatt Norge denne sommeren &#8211; og med 30 mennesker i reisef\u00f8lget har det v\u00e6rt alt annet enn rolig.\u00a0\u00a0<\/p>\n<p>    <a itemprop=\"url\" href=\"https:\/\/www.seher.no\/kjendis\/falt-pladask\/84189823\" rel=\"nofollow noopener\" target=\"_blank\"><\/p>\n<p>        <img loading=\"lazy\" decoding=\"async\" src=\"https:\/\/www.europesays.com\/no\/wp-content\/uploads\/2026\/06\/81847700.webp\" width=\"147\" height=\"98\" alt=\"\" class=\"lazyload\" style=\"--aspect-ratio-image: 1.50; \"\/><\/p>\n<p>        &#8211; Falt pladask<\/p>\n<p>    <\/a><\/p>\n<p> Fra Hadeland til Jotunheimen har det blitt b\u00e5de naturopplevelser og aktiviteter p\u00e5 l\u00f8pende b\u00e5nd, og Thorhallsdottir legger ikke skjul p\u00e5 hvor mye det betyr for henne.<\/p>\n<p class=\"font-weight-bold m-font-weight-bold\" data-lab-font_weight=\"font-weight-bold\">&#8211; Jeg f\u00f8ler meg s\u00e5 utrolig heldig som har en s\u00e5 fin familie \u00e5 henge med. Vi har ikke v\u00e6rt s\u00e5 altfor langt unna Oslo, men det er utrolig mye kult \u00e5 finne p\u00e5 i n\u00e6rheten, sier hun og f\u00f8lger opp:\u00a0<\/p>\n<p>        <img loading=\"lazy\" decoding=\"async\" src=\"https:\/\/www.europesays.com\/no\/wp-content\/uploads\/2026\/06\/1782580996_324_84825640.webp\" width=\"667\" height=\"901\" alt=\"\" class=\"\" style=\"--aspect-ratio-image: 0.74; \"\/><\/p>\n<p>\n        FAMILIE: Bj\u00f8rg legger ikke skjul p\u00e5 at hun elsker familien sin, her er hun avbildet sammen med foreldrene Herdis Palsdottir og Thorhallur Gudmundsson. Foto: Andreas Fadum \/ Se og H\u00f8r\n    <\/p>\n<p>&#8211; Og s\u00e5 har vi v\u00e6rt p\u00e5 H\u00e5v og syklet p\u00e5 dresinsykler. Det var d\u00f8dsg\u00f8y, noe litt annerledes &#8211; s\u00e5 padlet vi kano.\u00a0<\/p>\n<p>Selv om sommeren s\u00e5 langt har v\u00e6rt travel, planlegger hun ogs\u00e5 \u00e5 vende tilbake til st\u00f8len p\u00e5 Gubberud i Valdres &#8211; en plass som de siste \u00e5rene har blitt et viktig fristed for henne.<\/p>\n<p>        <img loading=\"lazy\" decoding=\"async\" src=\"https:\/\/www.europesays.com\/no\/wp-content\/uploads\/2026\/06\/1782580996_805_84823203.webp\" width=\"667\" height=\"834\" alt=\"\" class=\"\" style=\"--aspect-ratio-image: 0.80; \"\/><\/p>\n<p>\n        FULLT FOKUS: Bj\u00f8rg har for tiden fullt fokus p\u00e5 kunsten sin &#8211; her maler hun i fred og ro p\u00e5 Gubberud. Foto: Instagram \/ @iam_bjorgthorhallsdottir\n    <\/p>\n<p> &#8211; Jeg har tenkt \u00e5 v\u00e6re der s\u00e5 mye jeg kan i sommer. Det er helt fantastisk \u00e5 v\u00e6re der. Jeg f\u00e5r en s\u00e5nn indre ro, og s\u00e5 elsker jeg \u00e5 v\u00e6re der og male. Det blir i alle fall ingen utenlandstur i \u00e5r &#8211; Norge er helt magisk om sommeren &#8211; det er verdens vakreste land.\u00a0<\/p>\n<p>        \u00abGIRLS OF OSLO\u00bb: Nora Haukland forteller om livet som singel. Video: Sanne Holt\/Nora Skavhaug\/R\u00f8d L\u00f8per, \u00abGirls of Oslo\u00bb\/Prime Video, Tiktok\/@norahaukland<\/p>\n<p>&#8211; Tatt en pause\u00a0\t<\/p>\n<p>Forrige uke ble det kjent at Thorhallsdottir og kj\u00e6resten Torbj\u00f8rn Kjellmann hadde gjort det slutt for ni m\u00e5neder siden. De ble aldri samboere eller forlovet.\u00a0<\/p>\n<p>    <a itemprop=\"url\" href=\"https:\/\/www.seher.no\/kjendis\/deler-trist-melding\/84820545\" rel=\"nofollow noopener\" target=\"_blank\"><\/p>\n<p>        <img loading=\"lazy\" decoding=\"async\" src=\"https:\/\/www.europesays.com\/no\/wp-content\/uploads\/2026\/06\/1782580997_53_84820599.webp\" width=\"147\" height=\"98\" alt=\"\" class=\"lazyload\" style=\"--aspect-ratio-image: 1.50; \"\/><\/p>\n<p>        Deler trist melding<\/p>\n<p>    <\/a><\/p>\n<p>Kunstneren sitter bare igjen med gode minner om ekskj\u00e6resten, som hun omtaler med varme ord. <\/p>\n<p>&#8211; Han er en veldig fin fyr og jeg \u00f8nsker ham alt godt. Det vi hadde var skikkelig fint, sier hun til Se og H\u00f8r.\u00a0<\/p>\n<p>        <img loading=\"lazy\" decoding=\"async\" src=\"https:\/\/www.europesays.com\/no\/wp-content\/uploads\/2026\/06\/1782580997_58_84823223.webp\" width=\"667\" height=\"888\" alt=\"\" class=\"\" style=\"--aspect-ratio-image: 0.75; \"\/><\/p>\n<p>\n        NYTER LIVET: Bj\u00f8rg Thorhallsdottir har en travel hverdag og full timeplan &#8211; og trives godt som singel. Foto: Instagram \/ @iam_bjorgthorhallsdottir\n    <\/p>\n<p> Hun forteller at avstanden og den travle livsstilen ble krevende \u00e5 kombinere med et forhold. <\/p>\n<p class=\"font-weight-bold m-font-weight-bold\" data-lab-font_weight=\"font-weight-bold\">&#8211; Det er komplisert n\u00e5r jeg lever det livet jeg gj\u00f8r. Jeg har jo valgt \u00e5 bruke livet mitt p\u00e5 \u00e5 hjelpe andre. Da er jeg mye borte og bruker ekstremt mye tid p\u00e5 andre mennesker.<\/p>\n<p>    <a itemprop=\"url\" href=\"https:\/\/www.seher.no\/kjendis\/kostnadene-naermer-seg-200-000\/84824369\" rel=\"nofollow noopener\" target=\"_blank\"><\/p>\n<p>        <img loading=\"lazy\" decoding=\"async\" src=\"https:\/\/www.europesays.com\/no\/wp-content\/uploads\/2026\/06\/84824383.webp\" width=\"147\" height=\"98\" alt=\"\" class=\"lazyload\" style=\"--aspect-ratio-image: 1.50; \"\/><\/p>\n<p>        &#8211; Kostnadene n\u00e6rmer seg 200 000<\/p>\n<p>    <\/a><\/p>\n<p>Likevel understreker hun at hun har det bra etter bruddet.<\/p>\n<p> P\u00e5 sp\u00f8rsm\u00e5l om det er plass til kj\u00e6rligheten igjen i livet hennes, r\u00f8per hun at det ikke st\u00e5r \u00f8verst p\u00e5 prioriteringslisten akkurat n\u00e5:\u00a0<\/p>\n<p>&#8211;\u00a0Jeg har nok tatt en liten pause. Det er veldig kjedelig at jeg ikke har noe g\u00f8y kj\u00e6rlighetsliv akkurat n\u00e5. Men alts\u00e5, jeg har et helt fantastisk liv, og jeg f\u00f8ler meg sykt heldig som kan leve slik jeg gj\u00f8r, sier hun.\u00a0<\/p>\n<p>        RYKTER: N\u00e5 venter \u00aballe\u00bb p\u00e5 det store sp\u00f8rsm\u00e5let! \/\/ Foto: NTB, Privat \/\/ Stemme: AI \/\/ Klipp: Nico Aagaard<\/p>\n<p>Klar for et nytt kapittel\t<\/p>\n<p>Mens kj\u00e6rligheten forel\u00f8pig har f\u00e5tt en plass p\u00e5 sidelinjen, er det en helt annen reise som n\u00e5 kaller p\u00e5 Thorhallsdottir. Til h\u00f8sten skal hun nemlig legge hverdagens tempo bak seg og begi seg ut p\u00e5 pilegrimsturen Camino de Santiago.<\/p>\n<p>&#8211; Jeg skal g\u00e5 den pilegrimsturen, og jeg tror alle mennesker hadde hatt godt av det. Jeg f\u00f8ler meg ekstremt privilegert som kan gj\u00f8re det &#8211; og at jeg har helse til det.\u00a0<\/p>\n<p>    <a itemprop=\"url\" href=\"https:\/\/www.seher.no\/kjendis\/jeg-sjekket-henne-ikke-opp\/84804761\" rel=\"nofollow noopener\" target=\"_blank\"><\/p>\n<p>        <img loading=\"lazy\" decoding=\"async\" src=\"https:\/\/www.europesays.com\/no\/wp-content\/uploads\/2026\/06\/84793527.webp\" width=\"147\" height=\"98\" alt=\"\" class=\"lazyload\" style=\"--aspect-ratio-image: 1.50; \"\/><\/p>\n<p>        &#8211; Jeg sjekket henne ikke opp<\/p>\n<p>    <\/a><\/p>\n<p> 51-\u00e5ringen skal legge ut p\u00e5 en tre uker lang vandring fra Nord-Spania til Portugal &#8211; en strekning p\u00e5 rundt 280 kilometer. Hun beskriver turen som en n\u00f8dvendig pauseknapp i et liv som lenge har g\u00e5tt i h\u00f8yt tempo.<\/p>\n<p>        <img loading=\"lazy\" decoding=\"async\" src=\"https:\/\/www.europesays.com\/no\/wp-content\/uploads\/2026\/06\/1782580999_65_84825659.webp\" width=\"667\" height=\"1001\" alt=\"\" class=\"\" style=\"--aspect-ratio-image: 0.67; \"\/><\/p>\n<p>\n        S\u00d8STER-TRIO: Dora, Svava og Bj\u00f8rg Thorhallsdottir her sammen p\u00e5 Christine Kohts show i oktober i fjor. Foto: Tore Skaar \/ Se og H\u00f8r\n    <\/p>\n<p class=\"font-weight-bold m-font-weight-bold\" data-lab-font_weight=\"font-weight-bold\">&#8211; Jeg f\u00f8ler bare at det er skikkelig viktig \u00e5 stoppe opp og reevaluere livet, og ikke bare fortsette p\u00e5 autopilot, sier hun til Se og H\u00f8r.<\/p>\n<p> Hun setter ord p\u00e5 drivkraften bak hele reisen: <\/p>\n<p class=\"font-weight-normal m-font-weight-normal\" data-lab-font_weight=\"font-weight-normal\">&#8211; Jeg bare vet at livet er s\u00e5 innmari dyrebart, og det er s\u00e5 utrolig viktig \u00e5 leve det etter hjertet og det indre kompasset. S\u00e5 det er det jeg skal gj\u00f8re n\u00e5, \u00e5 kalibrere kompasset mitt s\u00e5nn at jeg g\u00e5r i riktig retning resten av livet.<\/p>\n<p>        ELLE SOMMERFEST: M\u00e4rtha Louise og Durek Verrett avsl\u00f8rer \u00e5rets sommerplaner, og f\u00e5r et sp\u00f8rsm\u00e5l de ikke klarer \u00e5 svare p\u00e5.  Video: Nora Skavhaug\/Karolina Grace\/R\u00f8d L\u00f8per. <\/p>\n<p>&#8211; Sagt nei til mye\t<\/p>\n<p> Og selv om hun n\u00e5 s\u00f8ker ro og ettertanke, er det langt fra stillstand p\u00e5 jobbfronten. Den siste tiden har hun opplevd stor suksess med kunsten sin. <\/p>\n<p> &#8211; Jeg hadde akkurat en kunstutstilling p\u00e5 Aln\u00e6s Fyr hvor jeg solgte omtrent alle bildene den f\u00f8rste timen. Det g\u00e5r superbra, og det er veldig hyggelig at s\u00e5 mange liker kunsten min. <\/p>\n<p>    <a itemprop=\"url\" href=\"https:\/\/www.seher.no\/kjendis\/roper-holdt-det-hemmelig-lenge\/82613642\" rel=\"nofollow noopener\" target=\"_blank\"><\/p>\n<p>        <img loading=\"lazy\" decoding=\"async\" src=\"https:\/\/www.europesays.com\/no\/wp-content\/uploads\/2026\/06\/1782580999_272_82604637.webp\" width=\"147\" height=\"98\" alt=\"\" class=\"lazyload\" style=\"--aspect-ratio-image: 1.50; \"\/><\/p>\n<p>        R\u00f8per: &#8211; Holdt det hemmelig lenge<\/p>\n<p>    <\/a><\/p>\n<p> Mange har ogs\u00e5 sett henne p\u00e5 TV de siste \u00e5rene &#8211; men blir det mer av det fremover? <\/p>\n<p>&#8211; Jeg har sagt nei til veldig, veldig mye, fordi jeg fokuserer p\u00e5 kunsten min n\u00e5. Men jeg kommer nok til \u00e5 v\u00e6re mer p\u00e5 TV.\u00a0 Jeg har et par prosjekter i gang, s\u00e5 vi f\u00e5r se hva som skjer, svarer hun kryptisk.\u00a0<\/p>\n","protected":false},"excerpt":{"rendered":"Bj\u00f8rg Thorhallsdottir:\u00a0 TV-profilen og kunstneren \u00e5pner opp om livet etter bruddet &#8211; og om en sommer fylt med&hellip;\n","protected":false},"author":2,"featured_media":278838,"comment_status":"","ping_status":"","sticky":false,"template":"","format":"standard","meta":{"footnotes":"","_share_on_mastodon":"0"},"categories":[58],"tags":[4982,10435,4085,1926,71,479,2543,30,28,29,6980,72],"class_list":["post-278837","post","type-post","status-publish","format-standard","has-post-thumbnail","category-underholdning","tag-apner-opp","tag-bjorg-thorhallsdottir","tag-brudd","tag-dating","tag-entertainment","tag-kjendis","tag-kjendisdesken","tag-no","tag-norge","tag-norway","tag-singelliv","tag-underholdning"],"share_on_mastodon":{"url":"https:\/\/pubeurope.com\/@no\/116823235654705714","error":""},"_links":{"self":[{"href":"https:\/\/www.europesays.com\/no\/wp-json\/wp\/v2\/posts\/278837","targetHints":{"allow":["GET"]}}],"collection":[{"href":"https:\/\/www.europesays.com\/no\/wp-json\/wp\/v2\/posts"}],"about":[{"href":"https:\/\/www.europesays.com\/no\/wp-json\/wp\/v2\/types\/post"}],"author":[{"embeddable":true,"href":"https:\/\/www.europesays.com\/no\/wp-json\/wp\/v2\/users\/2"}],"replies":[{"embeddable":true,"href":"https:\/\/www.europesays.com\/no\/wp-json\/wp\/v2\/comments?post=278837"}],"version-history":[{"count":0,"href":"https:\/\/www.europesays.com\/no\/wp-json\/wp\/v2\/posts\/278837\/revisions"}],"wp:featuredmedia":[{"embeddable":true,"href":"https:\/\/www.europesays.com\/no\/wp-json\/wp\/v2\/media\/278838"}],"wp:attachment":[{"href":"https:\/\/www.europesays.com\/no\/wp-json\/wp\/v2\/media?parent=278837"}],"wp:term":[{"taxonomy":"category","embeddable":true,"href":"https:\/\/www.europesays.com\/no\/wp-json\/wp\/v2\/categories?post=278837"},{"taxonomy":"post_tag","embeddable":true,"href":"https:\/\/www.europesays.com\/no\/wp-json\/wp\/v2\/tags?post=278837"}],"curies":[{"name":"wp","href":"https:\/\/api.w.org\/{rel}","templated":true}]}}