{"id":27891,"date":"2025-09-05T14:40:09","date_gmt":"2025-09-05T14:40:09","guid":{"rendered":"https:\/\/www.europesays.com\/no\/27891\/"},"modified":"2025-09-05T14:40:09","modified_gmt":"2025-09-05T14:40:09","slug":"olly-murs-og-amalia-onsker-sitt-andre-barn-velkommen-se-det-rorende-bildet","status":"publish","type":"post","link":"https:\/\/www.europesays.com\/no\/27891\/","title":{"rendered":"Olly Murs og Amalia \u00f8nsker sitt andre barn velkommen \u2013 Se det r\u00f8rende bildet"},"content":{"rendered":"<p class=\"kicker \" style=\"\">Olly Murs:\u00a0<\/p>\n<p>  &#8211; Ut som fire, skriver den britiske popstjernen med det brede smilet.<\/p>\n<p>\n    PAPPA: Den sm\u00f8rblide artisten Olly Murs kan smile fra \u00f8re til \u00f8re etter \u00e5 ha blitt pappa til en liten gutt. Foto: NTB\n  <\/p>\n<p> Popstjernen Olly Murs (39) fikk sitt store gjennombrudd da han i 2009 imponerte b\u00e5de dommere og publikum i \u00abThe X Factor\u00bb i Storbritannia.<\/p>\n<p>    <a itemprop=\"url\" href=\"https:\/\/www.seher.no\/kjendis\/brudd-igjen\/83545138\" rel=\"nofollow noopener\" target=\"_blank\"><\/p>\n<p>      <img loading=\"lazy\" decoding=\"async\" src=\"https:\/\/www.europesays.com\/no\/wp-content\/uploads\/2025\/09\/83551934.webp\" width=\"980\" height=\"441\" title=\"Brudd - igjen\" alt=\"\" class=\"lazyload\" style=\"--aspect-ratio-image: 2.22; \"\/><\/p>\n<p>        Brudd &#8211; igjen<\/p>\n<p>    <\/a><\/p>\n<p>Selv om han ikke stakk av med seieren, ble han raskt en publikumsfavoritt, og kort tid etter signerte han platekontrakt og slo gjennom internasjonalt med hiten \u00abPlease Don\u2019t Let Me Go\u00bb.\u00a0<\/p>\n<p>Popstjernen giftet seg med kona Amelia i 2023, og kort tid etter kunne de \u00f8nske sitt f\u00f8rste barn velkommen, da datteren Madison kom til verden.\u00a0<\/p>\n<p class=\"font-weight-bold m-font-weight-bold\" data-lab-font_weight=\"font-weight-bold\">N\u00e5 deler den popul\u00e6re sangeren at paret har f\u00e5tt sitt andre barn.\u00a0<\/p>\n<p>P\u00e5 <a href=\"https:\/\/www.instagram.com\/p\/DOLNiQ8jOOC\/\" rel=\"nofollow noopener\" target=\"_blank\">Instagram <\/a>delte Olly et bilde av seg selv med den nyf\u00f8dte i en bilstol p\u00e5 vei ut av sykehuset, med bildeteksten:<\/p>\n<p>\u00abUt som fire. Velkommen til verden, v\u00e5r lille Albert.\u00bb<\/p>\n<p>    <a itemprop=\"url\" href=\"https:\/\/www.seher.no\/kjendis\/roper-skade\/83552863\" rel=\"nofollow noopener\" target=\"_blank\"><\/p>\n<p>      <img loading=\"lazy\" decoding=\"async\" src=\"https:\/\/www.europesays.com\/no\/wp-content\/uploads\/2025\/09\/1757083209_68_83552598.webp\" width=\"980\" height=\"441\" title=\"R\u00f8per skade\" alt=\"\" class=\"lazyload\" style=\"--aspect-ratio-image: 2.22; \"\/><\/p>\n<p>        R\u00f8per skade<\/p>\n<p>    <\/a><\/p>\n<p>Fra f\u00f8r har paret datteren Madison, som n\u00e5 f\u00e5r gleden av \u00e5 bli stores\u00f8ster.<\/p>\n<p>          <img loading=\"lazy\" decoding=\"async\" src=\"https:\/\/www.europesays.com\/no\/wp-content\/uploads\/2025\/09\/83553078.webp\" width=\"686\" height=\"796\" title=\"TOBARNSFAR: Sangeren kan n\u00e5 smykke seg med tittelen som tobarnsfar. Foto: Instagram \/ @ollymurs\" alt=\"\" class=\"\" style=\"--aspect-ratio-image: 0.86; \"\/><\/p>\n<p>\n          TOBARNSFAR: Sangeren kan n\u00e5 smykke seg med tittelen som tobarnsfar. Foto: Instagram \/ @ollymurs\n      <\/p>\n<p> Flere kjente navn har sendt sine gratulasjoner i kommentarfeltet. <\/p>\n<p>TV\/personligheten Mark Wright skrev: \u00abEn liten gutt! S\u00e5 glad p\u00e5 deres vegne. Gratulerer, elsker dere.\u00bb\u00a0<\/p>\n<p>        BLIR SKADET: At Isak Dreyer f\u00e5r frie t\u00f8yler f\u00e5r brutale konsekvenser for deltakerne. Video: \u00abNorges t\u00f8ffeste\u00bb\/ NRK\/ R\u00f8d L\u00f8per<\/p>\n<p>\u00abGratulerer til dere fire!\u00bb, skrev skuespiller Giovanna Fletcher.<\/p>\n<p>Amelia delte flere gravidoppdateringer gjennom sommeren med sine f\u00f8lgere p\u00e5 <a href=\"https:\/\/www.instagram.com\/p\/DNJZycFMDhW\/\" rel=\"nofollow noopener\" target=\"_blank\">Instagram<\/a>.<\/p>\n<p>      <script async src=\"\/\/www.instagram.com\/embed.js\"><\/script><\/p>\n","protected":false},"excerpt":{"rendered":"Olly Murs:\u00a0 &#8211; Ut som fire, skriver den britiske popstjernen med det brede smilet. PAPPA: Den sm\u00f8rblide artisten&hellip;\n","protected":false},"author":2,"featured_media":27892,"comment_status":"","ping_status":"","sticky":false,"template":"","format":"standard","meta":{"footnotes":""},"categories":[58],"tags":[71,479,2543,30,28,29,4498,72],"class_list":{"0":"post-27891","1":"post","2":"type-post","3":"status-publish","4":"format-standard","5":"has-post-thumbnail","7":"category-underholdning","8":"tag-entertainment","9":"tag-kjendis","10":"tag-kjendisdesken","11":"tag-no","12":"tag-norge","13":"tag-norway","14":"tag-olly-murs","15":"tag-underholdning"},"share_on_mastodon":{"url":"","error":""},"_links":{"self":[{"href":"https:\/\/www.europesays.com\/no\/wp-json\/wp\/v2\/posts\/27891","targetHints":{"allow":["GET"]}}],"collection":[{"href":"https:\/\/www.europesays.com\/no\/wp-json\/wp\/v2\/posts"}],"about":[{"href":"https:\/\/www.europesays.com\/no\/wp-json\/wp\/v2\/types\/post"}],"author":[{"embeddable":true,"href":"https:\/\/www.europesays.com\/no\/wp-json\/wp\/v2\/users\/2"}],"replies":[{"embeddable":true,"href":"https:\/\/www.europesays.com\/no\/wp-json\/wp\/v2\/comments?post=27891"}],"version-history":[{"count":0,"href":"https:\/\/www.europesays.com\/no\/wp-json\/wp\/v2\/posts\/27891\/revisions"}],"wp:featuredmedia":[{"embeddable":true,"href":"https:\/\/www.europesays.com\/no\/wp-json\/wp\/v2\/media\/27892"}],"wp:attachment":[{"href":"https:\/\/www.europesays.com\/no\/wp-json\/wp\/v2\/media?parent=27891"}],"wp:term":[{"taxonomy":"category","embeddable":true,"href":"https:\/\/www.europesays.com\/no\/wp-json\/wp\/v2\/categories?post=27891"},{"taxonomy":"post_tag","embeddable":true,"href":"https:\/\/www.europesays.com\/no\/wp-json\/wp\/v2\/tags?post=27891"}],"curies":[{"name":"wp","href":"https:\/\/api.w.org\/{rel}","templated":true}]}}